{"id":107870,"date":"2025-12-04T21:26:10","date_gmt":"2025-12-04T21:26:10","guid":{"rendered":"https:\/\/www.europesays.com\/fi\/107870\/"},"modified":"2025-12-04T21:26:10","modified_gmt":"2025-12-04T21:26:10","slug":"ylen-toimitusjohtaja-israelin-euroviisu-osallistumisesta-emme-aio-esittaa-poissulkua-uutisia-lyhyesti","status":"publish","type":"post","link":"https:\/\/www.europesays.com\/fi\/107870\/","title":{"rendered":"Ylen toimitusjohtaja Israelin Euroviisu-osallistumisesta: Emme aio esitt\u00e4\u00e4 poissulkua | Uutisia lyhyesti"},"content":{"rendered":"<p class=\"aw-1gybjub aw-5vja16 kEtdKx kmuxyA yle__article__paragraph\">Useat maat ovat ilmoittaneet boikotoivansa Euroviisuja, koska Israel saa osallistua niihin. <\/p>\n<p><img decoding=\"async\" alt=\"Kuvassa on nainen, joka katsoo kameraan. H\u00e4nell\u00e4 on yll\u00e4\u00e4n sininen paita.\" src=\"https:\/\/www.europesays.com\/fi\/wp-content\/uploads\/2025\/12\/39-156406869313fb409fb5.jpeg\" class=\"aw-1l9m598 hKVVvP\"\/><\/p>\n<p>Avaa kuvien katselu<\/p>\n<p>Ylen toimitusjohtajan Marit af Bj\u00f6rkestenin mukaan Israelin hallitusta ei pid\u00e4 sotkea Israelin yleisradioyhti\u00f6\u00f6n. Kuva: Johanna Kannasmaa \/Yle<\/p>\n<ul class=\"aw-1jjocuh iJTSwP yle__article__list yle__article__list--ul\">\n<li class=\"aw-1j7gwms gNYKfi\">Israel saa osallistua ensi vuoden Euroviisuihin, p\u00e4\u00e4tti Euroopan yleisradiounioni EBU.<\/li>\n<li class=\"aw-1j7gwms gNYKfi\">P\u00e4\u00e4t\u00f6ksen vuoksi ainakin Espanja, Alankomaat ja Irlanti aikovat boikotoida kilpailua.<\/li>\n<li class=\"aw-1j7gwms gNYKfi\">Ylen aikoo n\u00e4ill\u00e4 n\u00e4kymin osallistua kilpailuun. Ehtona on, ett\u00e4 riitt\u00e4v\u00e4n moni muu maa on mukana.<\/li>\n<li class=\"aw-1j7gwms gNYKfi\">Yle ei vaadi Israelin sulkemista pois. Ylen toimitusjohtaja Marit af Bj\u00f6rkesten sanoo, ett\u00e4 kilpailuun osallistuvat yleisradioyhti\u00f6t, eiv\u00e4t hallitukset.<\/li>\n<\/ul>\n<p class=\"aw-1gybjub aw-1p7kakr kEtdKx cEmitX yle__article__paragraph\">T\u00e4m\u00e4 on teko\u00e4lyn avulla tuotettu, toimittajan tarkistama tiivistelm\u00e4.<\/p>\n<p class=\"aw-1gybjub aw-1p7kakr kEtdKx cEmitX yle__article__paragraph\">Euroopan yleisradiounioni EBU:n j\u00e4senet ovat keskustelleet Euroviisuista torstaina yleiskokouksessa Genevess\u00e4. My\u00f6s Ylen toimitusjohtaja <strong class=\"aw-ak79eh KyCXm yle__article__strong\">Marit af Bj\u00f6rkesten<\/strong> osallistui kokoukseen.<\/p>\n<p class=\"aw-1gybjub aw-1p7kakr kEtdKx cEmitX yle__article__paragraph\">Kokouksessa k\u00e4siteltiin EBU:n esitt\u00e4mi\u00e4 s\u00e4\u00e4nt\u00f6muutoksia ja Israelin osallistumista kilpailuun.<\/p>\n<p class=\"aw-1gybjub aw-1p7kakr kEtdKx cEmitX yle__article__paragraph\">\u2013 Meill\u00e4 oli eritt\u00e4in pitk\u00e4, mutta my\u00f6s laadullisesti hyv\u00e4 keskustelu. Kaikki totesivat vuoron per\u00e4\u00e4n, ett\u00e4 ei ole ihan helppo keissi, af Bj\u00f6rkesten kertoo kokouksesta Yle Uutisille.<\/p>\n<p class=\"aw-1gybjub aw-1p7kakr kEtdKx cEmitX yle__article__paragraph\">\u2013 Maat ja yleisradioyhti\u00f6t sotketaan v\u00e4h\u00e4n toisiinsa. Eli t\u00e4ss\u00e4h\u00e4n on niin, ett\u00e4 artistit ja yhti\u00f6t kilpailevat, eiv\u00e4tk\u00e4 hallitukset. Keskustelimme siit\u00e4, ett\u00e4 t\u00e4t\u00e4 pit\u00e4isi viel\u00e4 osata selkeytt\u00e4\u00e4, h\u00e4n tarkentaa kokouksen vaikeita asioita.<\/p>\n<p>Israelin osallistuminen johti boikotteihin<\/p>\n<p class=\"aw-1gybjub aw-1p7kakr kEtdKx cEmitX yle__article__paragraph\">Kokouksen j\u00e4lkeen my\u00f6s kilpailun kiistakapula <a class=\"aw-iao6s4 iHOxEa yle__article__link\" href=\"https:\/\/yle.fi\/a\/74-20197985\" role=\"link\" rel=\"nofollow noopener\" target=\"_blank\">Israel saa osallistua Euroviisuihin<\/a>. Israelin osallistumisesta ei kuitenkaan erikseen \u00e4\u00e4nestetty.<\/p>\n<p class=\"aw-1gybjub aw-1p7kakr kEtdKx cEmitX yle__article__paragraph\">Kokouksen j\u00e4lkeen ainakin Espanja, Alankomaat ja Irlanti ovat ilmoittaneet boikotoivansa ensi vuoden viisuja, koska Israel saa osallistua. Syyn\u00e4 ovat Israelin sotatoimet Gazassa.<\/p>\n<p class=\"aw-1gybjub aw-1p7kakr kEtdKx cEmitX yle__article__paragraph\">Yle valmistautuu osallistumaan kilpailuun, mutta af Bj\u00f6rkestenin mukaan asiaa ei kuitenkaan ole viel\u00e4 kiveen hakattu.<\/p>\n<p class=\"aw-1gybjub aw-1p7kakr kEtdKx cEmitX yle__article__paragraph\">Ylen johtoryhm\u00e4 on <a class=\"aw-iao6s4 iHOxEa yle__article__link\" href=\"https:\/\/yle.fi\/a\/74-20197657\" role=\"link\" rel=\"nofollow noopener\" target=\"_blank\">p\u00e4\u00e4tt\u00e4nyt ehdoista<\/a>, joiden tulee t\u00e4ytty\u00e4, jotta Yle voi osallistua Euroviisuihin tulevina vuosina. N\u00e4iden kriteerien pohjalta Yle arvioi vuosittain, osallistuuko se kilpailuun vai ei.<\/p>\n<p class=\"aw-1gybjub aw-1p7kakr kEtdKx cEmitX yle__article__paragraph\">\u2013 Nyt n\u00e4ytt\u00e4\u00e4 vahvasti silt\u00e4, ett\u00e4 osallistumme, mutta yksi kriteeri on se, ett\u00e4 osallistujayhti\u00f6it\u00e4 on vakuuttava m\u00e4\u00e4r\u00e4. Se j\u00e4\u00e4 viel\u00e4 n\u00e4ht\u00e4v\u00e4ksi, af Bj\u00f6rkesten sanoo.<\/p>\n<p class=\"aw-1gybjub aw-1p7kakr kEtdKx cEmitX yle__article__paragraph\"><strong class=\"aw-ak79eh KyCXm yle__article__strong\">Mik\u00e4 on Ylen kanta Israelin osallistumiseen?<\/strong><\/p>\n<p class=\"aw-1gybjub aw-1p7kakr kEtdKx cEmitX yle__article__paragraph\">\u2013 Olemme yritt\u00e4neet \u2013 kun t\u00e4m\u00e4 tilanne on niin vaikea niin pitk\u00e4\u00e4n \u2013 rakentaa mallia, joka olisi tulevaisuuden kest\u00e4v\u00e4. Eli pitk\u00e4kestoinen ratkaisu, joka vahvistaa Euroviisuja ihmisi\u00e4 kokoavana kulttuuritapahtumana, mutta ennen kaikkea turvaa kansallisten yleisradioyhti\u00f6iden riippumattomuuden.<\/p>\n<p class=\"aw-1gybjub aw-1p7kakr kEtdKx cEmitX yle__article__paragraph\">\u2013 Ja meid\u00e4n mielest\u00e4mme n\u00e4m\u00e4 [uudet] s\u00e4\u00e4nn\u00f6t ovat hyv\u00e4 v\u00e4yl\u00e4 t\u00e4h\u00e4n. Eli se tarkoittaa my\u00f6s sit\u00e4, ett\u00e4 n\u00e4it\u00e4 s\u00e4\u00e4nt\u00f6j\u00e4 noudattavat maat voivat meid\u00e4nkin mielest\u00e4mme osallistua. Jos eiv\u00e4t noudata, niin sitten on EBU:n asia sulkea heid\u00e4t ulos.<\/p>\n<p class=\"aw-1gybjub aw-1p7kakr kEtdKx cEmitX yle__article__paragraph\"><strong class=\"aw-ak79eh KyCXm yle__article__strong\">Mutta Yle ei aio erikseen ottaa kantaa Israelin osallistumiseen?<\/strong><\/p>\n<p class=\"aw-1gybjub aw-1p7kakr kEtdKx cEmitX yle__article__paragraph\">\u2013 Ei t\u00e4ll\u00e4 hetkell\u00e4. Toki koko ajan seurataan tilannetta, mutta t\u00e4ll\u00e4 hetkell\u00e4 emme aio sulkea pois muita yhti\u00f6it\u00e4 kilpailusta emmek\u00e4 aio ehdottaa sit\u00e4.<\/p>\n<p class=\"aw-1gybjub aw-1p7kakr kEtdKx cEmitX yle__article__paragraph\">Marit af Bj\u00f6rkestenin mukaan Israelin osallistumisesta kilpailuun keskusteltiin kokouksessa.<\/p>\n<p class=\"aw-1gybjub aw-1p7kakr kEtdKx cEmitX yle__article__paragraph\">\u2013 T\u00e4ss\u00e4 keskustellaan israelilaisen Kan-[yleisradio]yhti\u00f6n osallistumisesta, eli ei kannata sotkea Israelin hallitusta siihen mediayhti\u00f6\u00f6n, joka on EBU:n j\u00e4sen. Monet halusivat korostaa t\u00e4t\u00e4 eroa, af Bj\u00f6rkesten sanoo.<\/p>\n<p class=\"aw-1gybjub aw-1p7kakr kEtdKx cEmitX yle__article__paragraph\">\u2013 Toki siell\u00e4 oli my\u00f6s paljon kritiikki\u00e4 Israelin valtiota kohtaan.<\/p>\n<p class=\"aw-1gybjub aw-1p7kakr kEtdKx cEmitX yle__article__paragraph\">Af Bj\u00f6rkestenin mukaan kokouksessa keskusteltiin muun muassa siit\u00e4, ett\u00e4 EBU voisi tuoda nykyist\u00e4 vahvemmin esiin, kuinka vaarallinen maa Israel on toimittajille. Toimittajia ei ole p\u00e4\u00e4stetty sodan aikana Gazaan, ja alueella on kuollut noin 200 toimittajaa pelk\u00e4st\u00e4\u00e4n t\u00e4n\u00e4 vuonna.<\/p>\n<p class=\"aw-1gybjub aw-1p7kakr kEtdKx cEmitX yle__article__paragraph\"><strong class=\"aw-ak79eh KyCXm yle__article__strong\">Eik\u00f6 Euroviisuihin osallistuminen ole keino vaikuttaa t\u00e4h\u00e4n?<\/strong><\/p>\n<p class=\"aw-1gybjub aw-1p7kakr kEtdKx cEmitX yle__article__paragraph\">\u2013 Ei, mutta se on osa EBU:n toimintaa, jossa on paljon muutakin kuin Euroviisuja.<\/p>\n<p>Euroviisujen s\u00e4\u00e4nn\u00f6t muuttuvat<\/p>\n<p class=\"aw-1gybjub aw-1p7kakr kEtdKx cEmitX yle__article__paragraph\">Kokouksessa \u00e4\u00e4nestettiin t\u00e4n\u00e4\u00e4n my\u00f6s EBU:n <a class=\"aw-iao6s4 iHOxEa yle__article__link\" href=\"https:\/\/yle.fi\/a\/74-20195397\" role=\"link\" rel=\"nofollow noopener\" target=\"_blank\">ehdottamista s\u00e4\u00e4nt\u00f6muutoksista<\/a>, jotka liittyv\u00e4t muun muassa \u00e4\u00e4nestykseen.<\/p>\n<p class=\"aw-1gybjub aw-1p7kakr kEtdKx cEmitX yle__article__paragraph\">Af Bj\u00f6rkestenin mukaan valtaosa j\u00e4senyhti\u00f6ist\u00e4, my\u00f6s Yle, puolsi s\u00e4\u00e4nt\u00f6muutoksia. H\u00e4n sanoo, ett\u00e4 muutokset vahvistavat Euroviisujen riippumattomuutta.<\/p>\n<p class=\"aw-1gybjub aw-1p7kakr kEtdKx cEmitX yle__article__paragraph\">\u2013 Meid\u00e4n vaade on, ett\u00e4 niit\u00e4 seurataan jatkuvasti ja palataan sitten tarvittaessa ja muokataan.<\/p>\n<p><strong class=\"aw-1bgq5a3 bSmpIc\">Miksi euroviisut ovat aina (maailman)politiikkaa?<\/strong><\/p>\n<p><img decoding=\"async\" alt=\"\" src=\"https:\/\/www.europesays.com\/fi\/wp-content\/uploads\/2025\/12\/39-13006696667140190dd6.png\" class=\"aw-1l9m598 hKVVvP\"\/><\/p>\n","protected":false},"excerpt":{"rendered":"Useat maat ovat ilmoittaneet boikotoivansa Euroviisuja, koska Israel saa osallistua niihin. Avaa kuvien katselu Ylen toimitusjohtajan Marit af&hellip;\n","protected":false},"author":2,"featured_media":107871,"comment_status":"","ping_status":"","sticky":false,"template":"","format":"standard","meta":{"footnotes":""},"categories":[132],"tags":[137,9880,909,33,31,30,993,108,1077,195,47,32,109,1149],"class_list":{"0":"post-107870","1":"post","2":"type-post","3":"status-publish","4":"format-standard","5":"has-post-thumbnail","7":"category-musiikki","8":"tag-entertainment","9":"tag-euroopan-yleisradiounioni-ebu","10":"tag-euroviisut","11":"tag-fi","12":"tag-finland","13":"tag-finnish","14":"tag-israel","15":"tag-kulttuuri","16":"tag-media","17":"tag-music","18":"tag-musiikki","19":"tag-suomi","20":"tag-viihde","21":"tag-yle"},"share_on_mastodon":{"url":"https:\/\/pubeurope.com\/@fi\/115663417316968842","error":""},"_links":{"self":[{"href":"https:\/\/www.europesays.com\/fi\/wp-json\/wp\/v2\/posts\/107870","targetHints":{"allow":["GET"]}}],"collection":[{"href":"https:\/\/www.europesays.com\/fi\/wp-json\/wp\/v2\/posts"}],"about":[{"href":"https:\/\/www.europesays.com\/fi\/wp-json\/wp\/v2\/types\/post"}],"author":[{"embeddable":true,"href":"https:\/\/www.europesays.com\/fi\/wp-json\/wp\/v2\/users\/2"}],"replies":[{"embeddable":true,"href":"https:\/\/www.europesays.com\/fi\/wp-json\/wp\/v2\/comments?post=107870"}],"version-history":[{"count":0,"href":"https:\/\/www.europesays.com\/fi\/wp-json\/wp\/v2\/posts\/107870\/revisions"}],"wp:featuredmedia":[{"embeddable":true,"href":"https:\/\/www.europesays.com\/fi\/wp-json\/wp\/v2\/media\/107871"}],"wp:attachment":[{"href":"https:\/\/www.europesays.com\/fi\/wp-json\/wp\/v2\/media?parent=107870"}],"wp:term":[{"taxonomy":"category","embeddable":true,"href":"https:\/\/www.europesays.com\/fi\/wp-json\/wp\/v2\/categories?post=107870"},{"taxonomy":"post_tag","embeddable":true,"href":"https:\/\/www.europesays.com\/fi\/wp-json\/wp\/v2\/tags?post=107870"}],"curies":[{"name":"wp","href":"https:\/\/api.w.org\/{rel}","templated":true}]}}