{"id":107878,"date":"2025-12-04T21:34:10","date_gmt":"2025-12-04T21:34:10","guid":{"rendered":"https:\/\/www.europesays.com\/fi\/107878\/"},"modified":"2025-12-04T21:34:10","modified_gmt":"2025-12-04T21:34:10","slug":"furuvikin-tragediasta-selvinneet-simpanssit-siirretaan-skotlantiin","status":"publish","type":"post","link":"https:\/\/www.europesays.com\/fi\/107878\/","title":{"rendered":"Furuvikin tragediasta selvinneet simpanssit siirret\u00e4\u00e4n Skotlantiin"},"content":{"rendered":"<p>Ruotsalaisel\u00e4intarhan apinajahtia seurattiin tarkasti kolme vuotta sitten.<\/p>\n<p class=\"article-body mb-nof-24 px-nof-16\">Liki p\u00e4iv\u00e4lleen kolme vuotta sitten ruotsalaisesta Furuvikin el\u00e4intarhasta karkasi viisi simpanssia. Karkumatkan p\u00e4\u00e4tteeksi nelj\u00e4 karkuria ammuttiin. El\u00e4intarhaan j\u00e4i ainoastaan kolme simpanssia.<\/p>\n<p class=\"article-body mb-nof-24 px-nof-16\">Nyt el\u00e4intarha kertoo ruotsalaisen uutistoimisto TT:n mukaan, ett\u00e4 eloonj\u00e4\u00e4neet simpanssit siirret\u00e4\u00e4n ensi vuonna el\u00e4intarhaan Skotlannin Edinburghiin. Muuton j\u00e4lkeen el\u00e4intarhaan ei j\u00e4\u00e4 yht\u00e4\u00e4n simpanssia.<\/p>\n<p class=\"article-body mb-nof-24 px-nof-16\">\u2013 Simpanssit ovat olleet t\u00e4rke\u00e4 osa el\u00e4intarhaamme ja historiaamme. Olemme tietenkin surullisia, mutta ennen kaikkea olemme iloisia mahdollisuudesta antaa simpansseille uusi koti osana suurempaa sosiaalista yhteis\u00f6\u00e4, el\u00e4intarhan toimitusjohtaja <a class=\"article-personlink\" href=\"https:\/\/www.is.fi\/haku\/?query=Sandra%20Wilke\" rel=\"nofollow noopener\" target=\"_blank\">Sandra Wilke<\/a> kertoo tiedotteessa.<\/p>\n<p class=\"article-body mb-nof-24 px-nof-16\">Simpanssit karkasivat aitauksestaan 14. joulukuuta 2022 el\u00e4intarhan ulkoalueelle. Tragedia sai p\u00e4\u00e4t\u00f6ksens\u00e4 kolme p\u00e4iv\u00e4\u00e4 my\u00f6hemmin. El\u00e4inten karkaaminen her\u00e4tti laajasti huomiota kansainv\u00e4lisess\u00e4 mediassa.<\/p>\n<p class=\"article-body mb-nof-24 px-nof-16\">Poliisi selvitti, oliko tapauksessa syyt\u00e4 ep\u00e4ill\u00e4 el\u00e4insuojelurikoksia. Tutkinta p\u00e4\u00e4tettiin TT:n mukaan syksyll\u00e4 2024.<\/p>\n<p><img decoding=\"async\" src=\"https:\/\/www.europesays.com\/fi\/wp-content\/uploads\/2025\/12\/1764884049_609_468.jpg\" alt=\"44-vuotias Santino oli yksi ammutuista simpansseista.\" class=\"_Img_1rerz_1\" style=\"aspect-ratio:1.4403600900225055\" loading=\"eager\"\/><\/p>\n<p class=\"article-picture-caption\">44-vuotias Santino oli yksi ammutuista simpansseista. Kuva:\u00a0Facebook Furuviks Parken<\/p>\n<p><img decoding=\"async\" src=\"https:\/\/www.europesays.com\/fi\/wp-content\/uploads\/2025\/12\/1764884050_684_468.jpg\" alt=\"Furuvikin el\u00e4intarhassa syntynyt 3-vuotias Torsten-apina ammuttiin kuoliaaksi karkumatkan yhteydess\u00e4.\" class=\"_Img_1rerz_1\" style=\"aspect-ratio:0.8567708333333334\" loading=\"eager\"\/><\/p>\n<p class=\"article-picture-caption\">Furuvikin el\u00e4intarhassa syntynyt 3-vuotias Torsten-apina ammuttiin kuoliaaksi karkumatkan yhteydess\u00e4. Kuva:\u00a0Facebook Furuviks Parken<\/p>\n<p><img decoding=\"async\" src=\"https:\/\/www.europesays.com\/fi\/wp-content\/uploads\/2025\/12\/1764884050_309_468.jpg\" alt=\"El\u00e4intarha eristettiin joulukuussa 2022 karanneiden simpanssien takia.\" class=\"_Img_1rerz_1\" style=\"aspect-ratio:1.5\" loading=\"eager\"\/><\/p>\n<p class=\"article-picture-caption\">El\u00e4intarha eristettiin joulukuussa 2022 karanneiden simpanssien takia. Kuva:\u00a0Fredrik Sandberg \/REUTERS  <\/p>\n","protected":false},"excerpt":{"rendered":"Ruotsalaisel\u00e4intarhan apinajahtia seurattiin tarkasti kolme vuotta sitten. Liki p\u00e4iv\u00e4lleen kolme vuotta sitten ruotsalaisesta Furuvikin el\u00e4intarhasta karkasi viisi simpanssia.&hellip;\n","protected":false},"author":2,"featured_media":107879,"comment_status":"","ping_status":"","sticky":false,"template":"","format":"standard","meta":{"footnotes":""},"categories":[14],"tags":[22,23,26,27,33,31,30,17,34,24,25,28,29,15,18,21,32,19,20,56,16,59,60,61],"class_list":{"0":"post-107878","1":"post","2":"type-post","3":"status-publish","4":"format-standard","5":"has-post-thumbnail","7":"category-ulkomaat","8":"tag-breaking-news","9":"tag-breakingnews","10":"tag-featured-news","11":"tag-featurednews","12":"tag-fi","13":"tag-finland","14":"tag-finnish","15":"tag-headlines","16":"tag-ilta-sanomat","17":"tag-latest-news","18":"tag-latestnews","19":"tag-main-news","20":"tag-mainnews","21":"tag-news","22":"tag-otsikot","23":"tag-paauutiset","24":"tag-suomi","25":"tag-top-stories","26":"tag-topstories","27":"tag-ulkomaat","28":"tag-uutiset","29":"tag-world","30":"tag-world-news","31":"tag-worldnews"},"share_on_mastodon":{"url":"https:\/\/pubeurope.com\/@fi\/115663448909189653","error":""},"_links":{"self":[{"href":"https:\/\/www.europesays.com\/fi\/wp-json\/wp\/v2\/posts\/107878","targetHints":{"allow":["GET"]}}],"collection":[{"href":"https:\/\/www.europesays.com\/fi\/wp-json\/wp\/v2\/posts"}],"about":[{"href":"https:\/\/www.europesays.com\/fi\/wp-json\/wp\/v2\/types\/post"}],"author":[{"embeddable":true,"href":"https:\/\/www.europesays.com\/fi\/wp-json\/wp\/v2\/users\/2"}],"replies":[{"embeddable":true,"href":"https:\/\/www.europesays.com\/fi\/wp-json\/wp\/v2\/comments?post=107878"}],"version-history":[{"count":0,"href":"https:\/\/www.europesays.com\/fi\/wp-json\/wp\/v2\/posts\/107878\/revisions"}],"wp:featuredmedia":[{"embeddable":true,"href":"https:\/\/www.europesays.com\/fi\/wp-json\/wp\/v2\/media\/107879"}],"wp:attachment":[{"href":"https:\/\/www.europesays.com\/fi\/wp-json\/wp\/v2\/media?parent=107878"}],"wp:term":[{"taxonomy":"category","embeddable":true,"href":"https:\/\/www.europesays.com\/fi\/wp-json\/wp\/v2\/categories?post=107878"},{"taxonomy":"post_tag","embeddable":true,"href":"https:\/\/www.europesays.com\/fi\/wp-json\/wp\/v2\/tags?post=107878"}],"curies":[{"name":"wp","href":"https:\/\/api.w.org\/{rel}","templated":true}]}}