{"id":107880,"date":"2025-12-04T21:35:11","date_gmt":"2025-12-04T21:35:11","guid":{"rendered":"https:\/\/www.europesays.com\/fi\/107880\/"},"modified":"2025-12-04T21:35:11","modified_gmt":"2025-12-04T21:35:11","slug":"uusi-ennuste-joulun-saasta-julki","status":"publish","type":"post","link":"https:\/\/www.europesays.com\/fi\/107880\/","title":{"rendered":"Uusi ennuste joulun s\u00e4\u00e4st\u00e4 julki"},"content":{"rendered":"<p>Ainakin yhdess\u00e4 osassa maata lumipeite vahvistuu pian, mutta monin paikoin s\u00e4\u00e4 on tavallista lauhempaa.<\/p>\n<p><img decoding=\"async\" class=\"image image-show image-preview\" src=\"https:\/\/www.europesays.com\/fi\/wp-content\/uploads\/2025\/12\/6357c7b15c92d14248ad0048b4072fa692c5013a2553ffe2646b164efe4cb968.jpg\" alt=\"\"\/><img decoding=\"async\" class=\"image image-show\" src=\"https:\/\/www.europesays.com\/fi\/wp-content\/uploads\/2025\/12\/1764884109_511_6357c7b15c92d14248ad0048b4072fa692c5013a2553ffe2646b164efe4cb968.jpg\" alt=\"\"\/><\/p>\n<p>Tuore kuukausiennuste ulottuu vuodenvaihteeseen. Sipe Myllyniemi<\/p>\n<p class=\"paragraph\">Tuore ennuste povaa loppuvuodesta tavanomaista lauhempaa.<\/p>\n<p class=\"paragraph\">Siihen ennuste ei ota kantaa, miss\u00e4 p\u00e4in maata kannattaa odottaa tai olla odottamatta valkoista joulua.<\/p>\n<p class=\"paragraph\">Lumiraja on <a href=\"https:\/\/www.foreca.fi\/meteorologilta\/v76brhm8\" target=\"_blank\" rel=\"noopener nofollow\">Forecan<\/a> mukaan nyt vet\u00e4ytynyt Per\u00e4meren pohjukasta Kainuuseen ulottuvalle linjalle.<\/p>\n<p class=\"paragraph\">\u2013 Loppuviikon ja ensi viikon kuluessa osa sateista tulee todenn\u00e4k\u00f6isesti kuitenkin my\u00f6s maan etel\u00e4- ja keskiosassa r\u00e4nt\u00e4n\u00e4 ja lumena, meteorologi <a href=\"https:\/\/www.iltalehti.fi\/henkilot\/Joonas Koskela\" class=\"article-link-person-page\" rel=\"nofollow noopener\" target=\"_blank\">Joonas Koskela<\/a> kertoo Forecan blogissa.<\/p>\n<p class=\"paragraph\">Ennusteen laatii Euroopan keskipitkien ennusteiden keskus ECMWF. Siit\u00e4 kertoo Foreca.<\/p>\n<p>N\u00e4in k\u00e4y ensi viikolla<\/p>\n<p class=\"paragraph\">Ensi viikolle eli 8. joulukuuta alkavalle viikolle ennustetaan tavallista sateisempaa s\u00e4\u00e4t\u00e4.<\/p>\n<p class=\"paragraph\">Lapissa se tarkoittaa lumipeitteen vankistumista. Maan etel\u00e4- ja keskiosassa sateiden olomuoto vaihtelee \u201dlumen ja veden v\u00e4lill\u00e4\u201d, Koskela kertoo.<\/p>\n<p class=\"paragraph\">Suurimmassa osassa maata on tavanomaista lauhempaa.<\/p>\n<p class=\"paragraph\">Lapissa l\u00e4mp\u00f6tila on l\u00e4hell\u00e4 tavanomaista. Pohjois-Lapissa viikon keskil\u00e4mp\u00f6tila voi olla tavanomaista kylmempikin.<\/p>\n<p>Lauha jatkuu<\/p>\n<p class=\"paragraph\">15. joulukuuta alkavalla viikolla s\u00e4\u00e4 jatkuu tavanomaista lauhempana ja sateisempana.<\/p>\n<p class=\"paragraph\">\u2013 S\u00e4\u00e4 jatkuu todenn\u00e4k\u00f6isesti vaihtelevana, Koskela kertoo.<\/p>\n<p class=\"paragraph\">\u2013 Etenkin etel\u00e4ss\u00e4 sateiden olomuoto vaihtelee lumen ja veden v\u00e4lill\u00e4 riippuen matalapaineiden ja sadealueiden reiteist\u00e4.<\/p>\n<p class=\"paragraph\">Lapissakin s\u00e4\u00e4 voi Koskelan mukaan muuttua hieman keskim\u00e4\u00e4r\u00e4ist\u00e4 lauhemmaksi.<\/p>\n<p>T\u00e4llaista s\u00e4\u00e4t\u00e4 jouluun<\/p>\n<p class=\"paragraph\">Jouluviikon ennusteessa ep\u00e4varmuus on jo suurta.<\/p>\n<p class=\"paragraph\">T\u00e4ll\u00e4 hetkell\u00e4 kuitenkin n\u00e4ytt\u00e4\u00e4 silt\u00e4, ett\u00e4 s\u00e4\u00e4 jatkuu koko maassa tavanomaista lauhempana. Maan etel\u00e4osissa poikkeama ei ole yht\u00e4 merkitt\u00e4v\u00e4.<\/p>\n<p class=\"paragraph\">Sadem\u00e4\u00e4riss\u00e4 ei n\u00e4y meteorologin mukaan merkitt\u00e4vi\u00e4 poikkeamia tavanomaiseen.<\/p>\n<p class=\"paragraph\">My\u00f6s vuodenvaihteeseen eli 29. joulukuuta alkavalle viikolle ennustetaan tavallista lauhempaa s\u00e4\u00e4t\u00e4. Kuten edelt\u00e4v\u00e4n viikon kohdalla, s\u00e4\u00e4n ennustettavuus on heikkoa.<\/p>\n<p class=\"paragraph\">Kuukausiennuste kertoo viikkojen keskim\u00e4\u00e4r\u00e4isest\u00e4 s\u00e4\u00e4st\u00e4. Viikon eri p\u00e4ivien v\u00e4lill\u00e4 voi olla suurtakin vaihtelua.<\/p>\n<p><a href=\"https:\/\/www.iltalehti.fi\/parassaa?storeCampaign=ArticleBottomBanner\" rel=\"nofollow noopener\" target=\"_blank\"><img decoding=\"async\" src=\"https:\/\/www.europesays.com\/fi\/wp-content\/uploads\/2025\/08\/d0fd7860228df4fdd5fd0367e49d769aa09b08189080ddc5ccdd8c31ad63aca9.png\" alt=\"IL Paras S\u00e4\u00e4 - S\u00e4\u00e4tiedot ja s\u00e4\u00e4ennusteet\"\/><\/a><\/p>\n","protected":false},"excerpt":{"rendered":"Ainakin yhdess\u00e4 osassa maata lumipeite vahvistuu pian, mutta monin paikoin s\u00e4\u00e4 on tavallista lauhempaa. Tuore kuukausiennuste ulottuu vuodenvaihteeseen.&hellip;\n","protected":false},"author":2,"featured_media":107881,"comment_status":"","ping_status":"","sticky":false,"template":"","format":"standard","meta":{"footnotes":""},"categories":[12],"tags":[35,22,23,26,27,33,31,30,17,10304,713,24,25,28,29,715,15,18,21,710,714,32,19,20,16],"class_list":{"0":"post-107880","1":"post","2":"type-post","3":"status-publish","4":"format-standard","5":"has-post-thumbnail","7":"category-suomi","8":"tag-24h","9":"tag-breaking-news","10":"tag-breakingnews","11":"tag-featured-news","12":"tag-featurednews","13":"tag-fi","14":"tag-finland","15":"tag-finnish","16":"tag-headlines","17":"tag-kylma-rintama","18":"tag-lampotila-saa","19":"tag-latest-news","20":"tag-latestnews","21":"tag-main-news","22":"tag-mainnews","23":"tag-meteorologia","24":"tag-news","25":"tag-otsikot","26":"tag-paauutiset","27":"tag-saa","28":"tag-saaennustus","29":"tag-suomi","30":"tag-top-stories","31":"tag-topstories","32":"tag-uutiset"},"share_on_mastodon":{"url":"https:\/\/pubeurope.com\/@fi\/115663452492542943","error":""},"_links":{"self":[{"href":"https:\/\/www.europesays.com\/fi\/wp-json\/wp\/v2\/posts\/107880","targetHints":{"allow":["GET"]}}],"collection":[{"href":"https:\/\/www.europesays.com\/fi\/wp-json\/wp\/v2\/posts"}],"about":[{"href":"https:\/\/www.europesays.com\/fi\/wp-json\/wp\/v2\/types\/post"}],"author":[{"embeddable":true,"href":"https:\/\/www.europesays.com\/fi\/wp-json\/wp\/v2\/users\/2"}],"replies":[{"embeddable":true,"href":"https:\/\/www.europesays.com\/fi\/wp-json\/wp\/v2\/comments?post=107880"}],"version-history":[{"count":0,"href":"https:\/\/www.europesays.com\/fi\/wp-json\/wp\/v2\/posts\/107880\/revisions"}],"wp:featuredmedia":[{"embeddable":true,"href":"https:\/\/www.europesays.com\/fi\/wp-json\/wp\/v2\/media\/107881"}],"wp:attachment":[{"href":"https:\/\/www.europesays.com\/fi\/wp-json\/wp\/v2\/media?parent=107880"}],"wp:term":[{"taxonomy":"category","embeddable":true,"href":"https:\/\/www.europesays.com\/fi\/wp-json\/wp\/v2\/categories?post=107880"},{"taxonomy":"post_tag","embeddable":true,"href":"https:\/\/www.europesays.com\/fi\/wp-json\/wp\/v2\/tags?post=107880"}],"curies":[{"name":"wp","href":"https:\/\/api.w.org\/{rel}","templated":true}]}}