{"id":107882,"date":"2025-12-04T21:36:10","date_gmt":"2025-12-04T21:36:10","guid":{"rendered":"https:\/\/www.europesays.com\/fi\/107882\/"},"modified":"2025-12-04T21:36:10","modified_gmt":"2025-12-04T21:36:10","slug":"trumpilla-uusi-silmatikku-he-ovat-tuhonneet-maamme","status":"publish","type":"post","link":"https:\/\/www.europesays.com\/fi\/107882\/","title":{"rendered":"Trumpilla uusi silm\u00e4tikku: \u201dHe ovat tuhonneet maamme\u201d"},"content":{"rendered":"<p>Yhdysvaltain presidentti Donald Trump on viime aikoina kritisoinut Yhdysvaltain somaliv\u00e4est\u00f6\u00e4 kovin sanoin.<\/p>\n<p><img decoding=\"async\" class=\"image image-show image-preview\" src=\"https:\/\/www.europesays.com\/fi\/wp-content\/uploads\/2025\/12\/713b1e332d6719fed17e6316841f26fbdd35cc8e06c679632ed34dd21d633344.jpg\" alt=\"\"\/><img decoding=\"async\" class=\"image image-show\" src=\"https:\/\/www.europesays.com\/fi\/wp-content\/uploads\/2025\/12\/1764884170_266_713b1e332d6719fed17e6316841f26fbdd35cc8e06c679632ed34dd21d633344.jpg\" alt=\"\"\/><\/p>\n<p>Yhdysvaltain presidentti Donald Trump kohautti t\u00e4ll\u00e4 viikolla, kun h\u00e4n kutsui Yhdysvalloissa asuvia somaleita \u201droskav\u00e4eksi\u201d. AOP<\/p>\n<p class=\"paragraph\">Yhdysvaltain presidentti <a href=\"https:\/\/www.iltalehti.fi\/henkilot\/Donald Trump\" class=\"article-link-person-page\" rel=\"nofollow noopener\" target=\"_blank\">Donald Trump<\/a> on ottanut viime p\u00e4ivin\u00e4 kohteekseen Minnesotan somalitaustaiset maahanmuuttajat.<\/p>\n<p class=\"paragraph\">Ensin Trump <a href=\"https:\/\/www.iltalehti.fi\/ulkomaat\/93147cb5-edca-4ee6-a3af-b1927551b273\" rel=\"nofollow noopener\" target=\"_blank\">haukkui heit\u00e4 tiistaina<\/a> kabinettinsa kokouksessa \u201droskav\u00e4eksi\u201d ja kertoi, ettei halua heit\u00e4 Yhdysvaltoihin. Trumpin mukaan somalitaustaiset maahanmuuttajat ovat \u201dtuhonneet Minnesotan\u201d ja koko Yhdysvallat siin\u00e4 samassa.<\/p>\n<p class=\"paragraph\">Seuraavana p\u00e4iv\u00e4n\u00e4 Trump heitti lis\u00e4\u00e4 vett\u00e4 myllyyn.<\/p>\n<p class=\"paragraph\">\u2013 Somalialaiset pit\u00e4isi saada pois t\u00e4\u00e4lt\u00e4. He ovat tuhonneet maamme, Trump <a href=\"https:\/\/apnews.com\/article\/trump-immigration-minneapolis-somalia-de1187fd703abbc9dc4dc1c5c6a243c5\" target=\"_blank\" rel=\"noopener nofollow\">sanoi<\/a> uutistoimisto AP:n mukaan.<\/p>\n<p class=\"paragraph\">NBC Newsin <a href=\"https:\/\/www.nbcnews.com\/politics\/donald-trump\/trump-disparages-somali-immigrants-second-straight-day-ilhan-omar-rcna247271\" target=\"_blank\" rel=\"noopener nofollow\">mukaan<\/a> juuri Minnesota ja sen somalitaustainen maahanmuuttajav\u00e4est\u00f6 ovat nousseet viime p\u00e4ivin\u00e4 otsikoihin osavaltiossa ilmi tulleiden koronatukien v\u00e4\u00e4rink\u00e4yt\u00f6sten vuoksi.<\/p>\n<p class=\"paragraph\">Muun muassa The New York Times <a href=\"https:\/\/www.nytimes.com\/2025\/11\/29\/us\/fraud-minnesota-somali.html\" target=\"_blank\" rel=\"noopener nofollow\">kertoi<\/a> marraskuun lopulla laajasta Minnesotan somaliyhteis\u00f6\u00f6n yhdistetyst\u00e4 petosvyyhdist\u00e4, jossa 59 henkil\u00f6\u00e4 on jo tuomittu.<\/p>\n<p class=\"paragraph\">Liittovaltion syytt\u00e4jien mukaan petoksissa varastettiin yli miljardin dollarin eli yli 850 miljoonan euron edest\u00e4 veronmaksajien rahoja. Tapaus on NYT:n mukaan laajentanut kuilua osavaltion somaliyhteis\u00f6n ja muiden minnesotalaisten v\u00e4lill\u00e4.<\/p>\n<p class=\"paragraph\">Somaliyhteis\u00f6n edustajat ovat tuoneet esiin, ett\u00e4 tapauksen johdosta koko yhteis\u00f6\u00f6n kohdistuu nyt uusi ennakkoluulo muutaman petoksesta syytetyn takia. Minnesotan kuvern\u00f6\u00f6rin <a href=\"https:\/\/www.iltalehti.fi\/henkilot\/Tim Walz\" class=\"article-link-person-page\" rel=\"nofollow noopener\" target=\"_blank\">Tim Walzin<\/a> hallinnon kriitikoiden mukaan petos taas sai jatkua siksi, ett\u00e4 osavaltion virkailijat pelk\u00e4siv\u00e4t somaliyhteis\u00f6n vieraantumista.<\/p>\n<p>Minnesotassa on suuri somalitaustainen yhteis\u00f6. Kuvassa ihmisi\u00e4 osoittamassa kannatustaan Minneapolisin paikallispoliitikko Osman Ahmedille. AOP<\/p>\n<p>Suuri somaliv\u00e4est\u00f6<\/p>\n<p class=\"paragraph\">Liki 40 prosenttia Somaliasta Yhdysvaltoihin muuttaneista ihmisist\u00e4 asuu Minnesotassa. Heit\u00e4 on Yhdysvaltain v\u00e4est\u00f6nlaskentaviraston <a href=\"https:\/\/www.census.gov\/library\/visualizations\/interactive\/foreign-born-population-2019-2023.html\" target=\"_blank\" rel=\"noopener nofollow\">mukaan<\/a> pohjoisessa osavaltiossa liki 40\u00a0000.<\/p>\n<p class=\"paragraph\">Osavaltiossa asuu my\u00f6s monia ihmisi\u00e4, joiden sukujuuret ovat Somaliassa. Minnesotan suurimman kaupungin Minneapolisin ja toiseksi suurimman kaupungin Saint Paulin muodostamalla Twin Cities -metropolialueella heit\u00e4 on noin 84\u00a0000.<\/p>\n<p class=\"paragraph\">Minneapolisin demokraattipormestari <a href=\"https:\/\/www.iltalehti.fi\/henkilot\/Jacob Frey\" class=\"article-link-person-page\" rel=\"nofollow noopener\" target=\"_blank\">Jacob Frey<\/a> vastasi Trumpin kritiikkiin olevansa ylpe\u00e4 kaupunkinsa suuresta somalitaustaisesta yhteis\u00f6st\u00e4.<\/p>\n<p class=\"paragraph\">\u2013 Sitten h\u00e4n on typerys. En olisi ylpe\u00e4 siit\u00e4, ett\u00e4 [kaupungissani] on suurin somaliv\u00e4est\u00f6, Trump sanoi toimittajille keskiviikkona.<\/p>\n<p class=\"paragraph\">Sama Minnesota on tunnettu my\u00f6s mittavasta suomalaisyhteis\u00f6st\u00e4\u00e4n. Osavaltiossa asuu suurin suomalaista syntyper\u00e4\u00e4 oleva v\u00e4est\u00f6 Yhdysvalloissa ja vuonna 2022 yli 97\u00a0000 osavaltion asukasta <a href=\"https:\/\/data.census.gov\/table\/ACSDT1Y2022.B04006?q=Ancestry&amp;g=040XX00US27\" target=\"_blank\" rel=\"noopener nofollow\">kertoikin<\/a> olevansa suomalaista syntyper\u00e4\u00e4.<\/p>\n<p>Tuttua Trumpia<\/p>\n<p class=\"paragraph\">My\u00f6s Minnesotan demokraattiedustaja <a href=\"https:\/\/www.iltalehti.fi\/henkilot\/Ilhan Omar\" class=\"article-link-person-page\" rel=\"nofollow noopener\" target=\"_blank\">Ilhan Omar<\/a> on joutunut Trumpin kritiikin kohteeksi. Omar pakeni Somaliasta maan sis\u00e4llissodan jaloista ja saapui Yhdysvaltoihin 12-vuotiaana.<\/p>\n<p class=\"paragraph\">\u2013 H\u00e4n [Omar] puhuu aina perustuslaista. Palaa omaan maahasi ja selvit\u00e4 oma perustuslakisi, Trump sanoi NBC:n mukaan ilkkuvaan s\u00e4vyyn.<\/p>\n<p>Minnesotan demokraattipoliitikko Ilhan Omar on saanut osansa Trumpin kritiikist\u00e4. AOP<\/p>\n<p class=\"paragraph\">Omar <a href=\"https:\/\/edition.cnn.com\/2025\/12\/03\/politics\/video\/ilhan-omar-trump-comments-somali-immigrants-digvid-vrtc\" target=\"_blank\" rel=\"noopener nofollow\">kertoi<\/a> CNN:n haastattelussa, ettei ollut yll\u00e4ttynyt presidenttins\u00e4 kommenteista.<\/p>\n<p class=\"paragraph\">\u2013 Presidentti turvautuu usein eritt\u00e4in suvaitsemattomaan, muukalaisvihamieliseen, islamofobiseen ja rasistiseen retoriikkaan, kun h\u00e4n yritt\u00e4\u00e4 l\u00f6yt\u00e4\u00e4 syntipukin ja k\u00e4\u00e4nt\u00e4\u00e4 huomion pois omista ep\u00e4onnistumisistaan, Omar sanoi.<\/p>\n<p class=\"paragraph\">Minneapolisiin Somaliasta muuttanut yritt\u00e4j\u00e4 <strong>Hamsa Warfe<\/strong> yhtyy Omarin lausuntoon ja nosti esiin Trumpin vaalikampanjoinnissaan k\u00e4ytt\u00e4m\u00e4\u00e4 retoriikkaa haitilaisista.<\/p>\n<p class=\"paragraph\">\u2013 Viime presidentinvaaleissa se oli haitilaiset ja se, miten he sy\u00f6v\u00e4t kissoja ja koiria. Nyt vuorossa ovat somalit, Warfe sanoi AP:lle.<\/p>\n","protected":false},"excerpt":{"rendered":"Yhdysvaltain presidentti Donald Trump on viime aikoina kritisoinut Yhdysvaltain somaliv\u00e4est\u00f6\u00e4 kovin sanoin. Yhdysvaltain presidentti Donald Trump kohautti t\u00e4ll\u00e4&hellip;\n","protected":false},"author":2,"featured_media":107883,"comment_status":"","ping_status":"","sticky":false,"template":"","format":"standard","meta":{"footnotes":""},"categories":[5],"tags":[35,22,23,26,27,33,31,30,17,24,25,28,29,15,18,21,142,637,144,32,19,20,16,143,145],"class_list":{"0":"post-107882","1":"post","2":"type-post","3":"status-publish","4":"format-standard","5":"has-post-thumbnail","7":"category-otsikot","8":"tag-24h","9":"tag-breaking-news","10":"tag-breakingnews","11":"tag-featured-news","12":"tag-featurednews","13":"tag-fi","14":"tag-finland","15":"tag-finnish","16":"tag-headlines","17":"tag-latest-news","18":"tag-latestnews","19":"tag-main-news","20":"tag-mainnews","21":"tag-news","22":"tag-otsikot","23":"tag-paauutiset","24":"tag-poliitikot","25":"tag-politiikka","26":"tag-presidentti","27":"tag-suomi","28":"tag-top-stories","29":"tag-topstories","30":"tag-uutiset","31":"tag-yhdysvaltain-politiikka","32":"tag-yhdysvaltalaiset-poliittiset-puolueet"},"share_on_mastodon":{"url":"","error":""},"_links":{"self":[{"href":"https:\/\/www.europesays.com\/fi\/wp-json\/wp\/v2\/posts\/107882","targetHints":{"allow":["GET"]}}],"collection":[{"href":"https:\/\/www.europesays.com\/fi\/wp-json\/wp\/v2\/posts"}],"about":[{"href":"https:\/\/www.europesays.com\/fi\/wp-json\/wp\/v2\/types\/post"}],"author":[{"embeddable":true,"href":"https:\/\/www.europesays.com\/fi\/wp-json\/wp\/v2\/users\/2"}],"replies":[{"embeddable":true,"href":"https:\/\/www.europesays.com\/fi\/wp-json\/wp\/v2\/comments?post=107882"}],"version-history":[{"count":0,"href":"https:\/\/www.europesays.com\/fi\/wp-json\/wp\/v2\/posts\/107882\/revisions"}],"wp:featuredmedia":[{"embeddable":true,"href":"https:\/\/www.europesays.com\/fi\/wp-json\/wp\/v2\/media\/107883"}],"wp:attachment":[{"href":"https:\/\/www.europesays.com\/fi\/wp-json\/wp\/v2\/media?parent=107882"}],"wp:term":[{"taxonomy":"category","embeddable":true,"href":"https:\/\/www.europesays.com\/fi\/wp-json\/wp\/v2\/categories?post=107882"},{"taxonomy":"post_tag","embeddable":true,"href":"https:\/\/www.europesays.com\/fi\/wp-json\/wp\/v2\/tags?post=107882"}],"curies":[{"name":"wp","href":"https:\/\/api.w.org\/{rel}","templated":true}]}}