{"id":107884,"date":"2025-12-04T21:48:13","date_gmt":"2025-12-04T21:48:13","guid":{"rendered":"https:\/\/www.europesays.com\/fi\/107884\/"},"modified":"2025-12-04T21:48:13","modified_gmt":"2025-12-04T21:48:13","slug":"podcast-miitta-sorvalin-linnan-juhlista-tuli-painajainen-pitkat-haavat","status":"publish","type":"post","link":"https:\/\/www.europesays.com\/fi\/107884\/","title":{"rendered":"Podcast: Miitta Sorvalin Linnan juhlista tuli painajainen: \u201dPitk\u00e4t haavat\u201d"},"content":{"rendered":"<p>N\u00e4yttelij\u00e4 Miitta Sorvali puhuu podcastinsa ensimm\u00e4isess\u00e4 jaksossa pukukatastrofista, joka sattui 25 vuotta sitten.<\/p>\n<p><img decoding=\"async\" class=\"image image-show image-preview\" src=\"https:\/\/www.europesays.com\/fi\/wp-content\/uploads\/2025\/12\/fe7a39256d98cc8a5882391659f5b19bf6e34448d5256c90214632badda0883a.jpg\" alt=\"\"\/><img decoding=\"async\" class=\"image image-show\" src=\"https:\/\/www.europesays.com\/fi\/wp-content\/uploads\/2025\/12\/1764884893_146_fe7a39256d98cc8a5882391659f5b19bf6e34448d5256c90214632badda0883a.jpg\" alt=\"\"\/><\/p>\n<p>Miitta Sorvali on tunnettu n\u00e4yttelij\u00e4. Pete Anikari<\/p>\n<p class=\"paragraph\">N\u00e4yttelij \u00e4 <a href=\"https:\/\/www.iltalehti.fi\/henkilot\/Miitta Sorvali\" class=\"article-link-person-page\" rel=\"nofollow noopener\" target=\"_blank\">Miitta Sorvali<\/a> puhuu Sattuu ja tapahtuu -podcastinsa ensimm\u00e4isess\u00e4 jaksossa ep\u00e4onnisista Linnan juhlista.<\/p>\n<p class=\"paragraph\">Sorvali osallistui puolisonsa <a href=\"https:\/\/www.iltalehti.fi\/henkilot\/Kari Sorvali\" class=\"article-link-person-page\" rel=\"nofollow noopener\" target=\"_blank\">Kari Sorvalin<\/a> kanssa presidentti <a href=\"https:\/\/www.iltalehti.fi\/henkilot\/Tarja Halonen\" class=\"article-link-person-page\" rel=\"nofollow noopener\" target=\"_blank\">Tarja Halosen<\/a> em\u00e4nn\u00f6imiin Linnan juhliin vuonna 2000. Sorvali oli ostanut iltapukuaan varten valkean n\u00e4ytt\u00e4v\u00e4n kankaan, jossa oli pieni\u00e4 neliskanttisia helmi\u00e4.<\/p>\n<p class=\"paragraph\">Vaikka asua oli sovitettu jopa kuusi tai viisi kertaa, helmikangas osoittautui eritt\u00e4in kivuliaaksi. Sorvali alkoi vuotaa verta voimakkaasti juuri silloin, kun oli tarkoitus l\u00e4hte\u00e4 kohti presidentin juhlavastaanottoa.<\/p>\n<p class=\"paragraph\">\u2013 Ne oli ihan niin kuin giljotiinit tai sanoisinko partakoneen ter\u00e4. Ne helmet olivatkin ihan niin kuin vaan mielett\u00f6m\u00e4n ter\u00e4vi\u00e4. Miten se ei koskaan tullut siin\u00e4 sovituksessa esille?<\/p>\n<p class=\"paragraph\">\u2013 Veret pestiin tietysti pois. Ja totta kai laastarit laitettiin sinne, miss\u00e4 oli tullut valtavat pitk\u00e4t haavat.<\/p>\n<p>N\u00e4yttelij\u00e4t Kari ja Miitta Sorvali Linnan juhlissa vuonna 2000. Kuvassa Sorvalilla on mekko, jonka kangas on valkeita helmi\u00e4 t\u00e4ynn\u00e4. EERO LIESIMAA<\/p>\n<p class=\"paragraph\">Sorvali kertoo parin menneen yst\u00e4v\u00e4pariskunnan kanssa samaa matkaa juhliin. Sorvalin yst\u00e4v\u00e4 Leena leikkasi tomerasti ter\u00e4vien helmien kohdalle kontaktiliimasta suikaleita, jotka liimattiin mekkoon kiinni.<\/p>\n<p class=\"paragraph\">Leena otti viel\u00e4 juhlalaukkuun mukaansakin valmiiksi leikattuja suikaleita kaiken varalta. Suikaleille tuli k\u00e4ytt\u00f6\u00e4, sill\u00e4 mekkoon liimatut suikaleet alkoivat hiljalleen irrota. Leena liimasi juhlissa uusia suikaleita repsottavien tilalle. Paikkaukset tehtiin kolme tai nelj\u00e4 kertaa. Kaikki meni lopulta hyvin.<\/p>\n<p class=\"paragraph\">\u2013 Ei sit\u00e4 n\u00e4kynyt miss\u00e4\u00e4n. Ne kontaktimuovit j\u00e4iv\u00e4t jotenkin t\u00e4nne kainaloiden alle.<\/p>\n<p class=\"paragraph\">Sattuu ja tapahtuu on uusi podcast, joka on kuunneltavissa <a href=\"https:\/\/podimo.com\/fi?pc=fi_boysclub_default_trial&amp;utm_source=Creator_Affiliate&amp;utm_campaign=fi_boysclub_default_trial&amp;wpsrc=Creator_Affiliate&amp;wpcn=fi_boysclub_default_trial&amp;deviceToken=eyJhbGciOiJIUzI1NiIsInR5cCI6IkpXVCJ9.eyJkZXZpY2VJZCI6ImNjMjc5MjcxLTBjODItNDI1My04ZGNkLWU2YTZmN2M2NzljNSIsImlhdCI6MTc1ODEwMzU4NCwiZXhwIjoxNzU4MTAzNjQ0fQ.pXHN_XBlEDduPMUKF5sp2cv-ylPpBJE37ROme0ZR0C0\" rel=\"noopener nofollow\" target=\"_blank\">Podimossa<\/a>. Sorvali juontaa podcastia yhdess\u00e4 n\u00e4yttelij\u00e4 <a href=\"https:\/\/www.iltalehti.fi\/henkilot\/Sanna Stellan\" class=\"article-link-person-page\" rel=\"nofollow noopener\" target=\"_blank\">Sanna Stellanin<\/a> kanssa.<\/p>\n","protected":false},"excerpt":{"rendered":"N\u00e4yttelij\u00e4 Miitta Sorvali puhuu podcastinsa ensimm\u00e4isess\u00e4 jaksossa pukukatastrofista, joka sattui 25 vuotta sitten. Miitta Sorvali on tunnettu n\u00e4yttelij\u00e4.&hellip;\n","protected":false},"author":2,"featured_media":107885,"comment_status":"","ping_status":"","sticky":false,"template":"","format":"standard","meta":{"footnotes":""},"categories":[136],"tags":[35,407,2110,137,33,31,30,3674,408,718,142,32,140,109],"class_list":{"0":"post-107884","1":"post","2":"type-post","3":"status-publish","4":"format-standard","5":"has-post-thumbnail","7":"category-julkkikset","8":"tag-24h","9":"tag-celebrities","10":"tag-elamantapa-ja-vapaa-aika","11":"tag-entertainment","12":"tag-fi","13":"tag-finland","14":"tag-finnish","15":"tag-juhla-ja-vapaapaivat","16":"tag-julkkikset","17":"tag-nayttamotaide","18":"tag-poliitikot","19":"tag-suomi","20":"tag-tv-ja-elokuvat","21":"tag-viihde"},"share_on_mastodon":{"url":"https:\/\/pubeurope.com\/@fi\/115663504070620981","error":""},"_links":{"self":[{"href":"https:\/\/www.europesays.com\/fi\/wp-json\/wp\/v2\/posts\/107884","targetHints":{"allow":["GET"]}}],"collection":[{"href":"https:\/\/www.europesays.com\/fi\/wp-json\/wp\/v2\/posts"}],"about":[{"href":"https:\/\/www.europesays.com\/fi\/wp-json\/wp\/v2\/types\/post"}],"author":[{"embeddable":true,"href":"https:\/\/www.europesays.com\/fi\/wp-json\/wp\/v2\/users\/2"}],"replies":[{"embeddable":true,"href":"https:\/\/www.europesays.com\/fi\/wp-json\/wp\/v2\/comments?post=107884"}],"version-history":[{"count":0,"href":"https:\/\/www.europesays.com\/fi\/wp-json\/wp\/v2\/posts\/107884\/revisions"}],"wp:featuredmedia":[{"embeddable":true,"href":"https:\/\/www.europesays.com\/fi\/wp-json\/wp\/v2\/media\/107885"}],"wp:attachment":[{"href":"https:\/\/www.europesays.com\/fi\/wp-json\/wp\/v2\/media?parent=107884"}],"wp:term":[{"taxonomy":"category","embeddable":true,"href":"https:\/\/www.europesays.com\/fi\/wp-json\/wp\/v2\/categories?post=107884"},{"taxonomy":"post_tag","embeddable":true,"href":"https:\/\/www.europesays.com\/fi\/wp-json\/wp\/v2\/tags?post=107884"}],"curies":[{"name":"wp","href":"https:\/\/api.w.org\/{rel}","templated":true}]}}