{"id":107886,"date":"2025-12-04T21:49:08","date_gmt":"2025-12-04T21:49:08","guid":{"rendered":"https:\/\/www.europesays.com\/fi\/107886\/"},"modified":"2025-12-04T21:49:08","modified_gmt":"2025-12-04T21:49:08","slug":"trump-valitsi-uuden-arkkitehdin-valvomaan-valkoisen-talon-tanssisaliprojektia-uutisia-lyhyesti","status":"publish","type":"post","link":"https:\/\/www.europesays.com\/fi\/107886\/","title":{"rendered":"Trump valitsi uuden arkkitehdin valvomaan Valkoisen talon tanssisaliprojektia | Uutisia lyhyesti"},"content":{"rendered":"<p class=\"aw-1gybjub aw-5vja16 kEtdKx kmuxyA yle__article__paragraph\">Washington Postin mukaan McCrery ja Trump olisivat olleet eri mielt\u00e4 rakennettavan lis\u00e4osan koosta ja laajuudesta.<\/p>\n<p><img decoding=\"async\" alt=\"Yhdysvaltain presidentti Donald Trump esittelee Valkoiseen taloon suunniteltua uutta tanssisalia.\" src=\"https:\/\/www.europesays.com\/fi\/wp-content\/uploads\/2025\/12\/39-154269368fa03b60bd12.jpeg\" class=\"aw-1l9m598 hKVVvP\"\/><\/p>\n<p>Avaa kuvien katselu<\/p>\n<p>Yhdysvaltain presidentti Donald Trump esittelee Valkoiseen taloon suunniteltua uutta tanssisalia. Kuva: EPA<\/p>\n<p class=\"aw-1gybjub aw-1p7kakr kEtdKx cEmitX yle__article__paragraph\">Yhdysvaltain presidentti <strong class=\"aw-ak79eh KyCXm yle__article__strong\">Donald Trump<\/strong> on valinnut uuden arkkitehdin valvomaan Valkoisen talon tanssisalin rakennusprojektia.<\/p>\n<p class=\"aw-1gybjub aw-1p7kakr kEtdKx cEmitX yle__article__paragraph\">Trumpin p\u00e4\u00e4t\u00f6ksest\u00e4 vaihtaa alun perin itse valitsemansa arkkitehti toiseen kertovat kolme hanketta tuntevaa henkil\u00f6\u00e4 yhdysvaltalaismedia <a class=\"aw-iao6s4 iHOxEa yle__article__link\" href=\"https:\/\/www.washingtonpost.com\/politics\/2025\/12\/04\/trump-ballroom-architect-east-wing\/\" role=\"link\" rel=\"nofollow noopener\" target=\"_blank\">Washington Postille<\/a>. Samalla p\u00e4\u00e4ttyy pienen arkkitehtitoimiston osallistuminen projektiin.<\/p>\n<p class=\"aw-1gybjub aw-1p7kakr kEtdKx cEmitX yle__article__paragraph\">Yli kolmen kuukauden ajan <strong class=\"aw-ak79eh KyCXm yle__article__strong\">James McCrery<\/strong> ja h\u00e4nen arkkitehtitoimistonsa johtivat Trumpin 300 miljoonan dollarin tanssisalirakennuksen suunnittelua. Lokakuun lopussa McCrery lopetti ty\u00f6skentelyn hankkeen parissa, kertoo yksi l\u00e4hteist\u00e4 Washington Postille.<\/p>\n<p class=\"aw-1gybjub aw-1p7kakr kEtdKx cEmitX yle__article__paragraph\">Ei ole selv\u00e4\u00e4, vet\u00e4ytyik\u00f6 McCrery projektista vapaaehtoisesti. Hanketta tunteva l\u00e4hde kertoo kuitenkin h\u00e4nen olevan yh\u00e4 Trumpin kanssa hyviss\u00e4 v\u00e4leiss\u00e4.<\/p>\n<p class=\"aw-1gybjub aw-1p7kakr kEtdKx cEmitX yle__article__paragraph\">Trump on valinnut arkkitehti <strong class=\"aw-ak79eh KyCXm yle__article__strong\">Shalom Baranesin<\/strong> jatkamaan projektia, kaksi hanketta tuntevaa l\u00e4hdett\u00e4 kertoo. Baranes on suunnitellut ja uudistanut hallintorakennuksia Washingtonissa vuosikymmenten ajan. H\u00e4nen toimistonsa on toteuttanut useita suuria projekteja, kuten suunnitellut Yhdysvaltain valtiovarainministeri\u00f6n p\u00e4\u00e4rakennuksen.<\/p>\n<p class=\"aw-1gybjub aw-1p7kakr kEtdKx cEmitX yle__article__paragraph\">\u2013 Shalom on ansioitunut arkkitehti, jonka ty\u00f6 on muovannut p\u00e4\u00e4kaupunkimme arkkitehtonista identiteetti\u00e4 vuosikymmenien ajan. H\u00e4nen kokemuksensa on suuri etu projektin valmistumiselle, Valkoisen talon tiedottaja <strong class=\"aw-ak79eh KyCXm yle__article__strong\">Davis Ingle<\/strong> sanoo kirjallisessa lausunnossa.<\/p>\n<p class=\"aw-1gybjub aw-1p7kakr kEtdKx cEmitX yle__article__paragraph\">McCreryn on m\u00e4\u00e4r\u00e4 jatkaa hankkeessa konsulttina.<\/p>\n<p class=\"aw-1gybjub aw-1p7kakr kEtdKx cEmitX yle__article__paragraph\">Washington Postin mukaan McCrery ja Trump olisivat olleet eri mielt\u00e4 rakennettavan lis\u00e4osan koosta ja laajuudesta. Lehden mukaan McCrery oli kehottanut maltillisuuteen, ett\u00e4 uusi juhlasali ei peitt\u00e4isi alleen nykyist\u00e4 Valkoisen talon rakennusta.<\/p>\n","protected":false},"excerpt":{"rendered":"Washington Postin mukaan McCrery ja Trump olisivat olleet eri mielt\u00e4 rakennettavan lis\u00e4osan koosta ja laajuudesta. Avaa kuvien katselu&hellip;\n","protected":false},"author":2,"featured_media":107887,"comment_status":"","ping_status":"","sticky":false,"template":"","format":"standard","meta":{"footnotes":""},"categories":[135],"tags":[1001,389,387,388,390,585,137,33,31,30,3639,32,394,393,391,392,56,6407,109,583,619],"class_list":{"0":"post-107886","1":"post","2":"type-post","3":"status-publish","4":"format-standard","5":"has-post-thumbnail","7":"category-taiteet-ja-suunnittelu","8":"tag-arkkitehtuuri","9":"tag-arts","10":"tag-arts-and-design","11":"tag-artsanddesign","12":"tag-design","13":"tag-donald-trump","14":"tag-entertainment","15":"tag-fi","16":"tag-finland","17":"tag-finnish","18":"tag-rakennukset","19":"tag-suomi","20":"tag-suunnittelu","21":"tag-taiteet","22":"tag-taiteet-ja-suunnittelu","23":"tag-taiteetsuunnittelu","24":"tag-ulkomaat","25":"tag-valkoinen-talo","26":"tag-viihde","27":"tag-washington-dc","28":"tag-yhdysvallat"},"share_on_mastodon":{"url":"https:\/\/pubeurope.com\/@fi\/115663507581549586","error":""},"_links":{"self":[{"href":"https:\/\/www.europesays.com\/fi\/wp-json\/wp\/v2\/posts\/107886","targetHints":{"allow":["GET"]}}],"collection":[{"href":"https:\/\/www.europesays.com\/fi\/wp-json\/wp\/v2\/posts"}],"about":[{"href":"https:\/\/www.europesays.com\/fi\/wp-json\/wp\/v2\/types\/post"}],"author":[{"embeddable":true,"href":"https:\/\/www.europesays.com\/fi\/wp-json\/wp\/v2\/users\/2"}],"replies":[{"embeddable":true,"href":"https:\/\/www.europesays.com\/fi\/wp-json\/wp\/v2\/comments?post=107886"}],"version-history":[{"count":0,"href":"https:\/\/www.europesays.com\/fi\/wp-json\/wp\/v2\/posts\/107886\/revisions"}],"wp:featuredmedia":[{"embeddable":true,"href":"https:\/\/www.europesays.com\/fi\/wp-json\/wp\/v2\/media\/107887"}],"wp:attachment":[{"href":"https:\/\/www.europesays.com\/fi\/wp-json\/wp\/v2\/media?parent=107886"}],"wp:term":[{"taxonomy":"category","embeddable":true,"href":"https:\/\/www.europesays.com\/fi\/wp-json\/wp\/v2\/categories?post=107886"},{"taxonomy":"post_tag","embeddable":true,"href":"https:\/\/www.europesays.com\/fi\/wp-json\/wp\/v2\/tags?post=107886"}],"curies":[{"name":"wp","href":"https:\/\/api.w.org\/{rel}","templated":true}]}}