{"id":107890,"date":"2025-12-04T21:56:12","date_gmt":"2025-12-04T21:56:12","guid":{"rendered":"https:\/\/www.europesays.com\/fi\/107890\/"},"modified":"2025-12-04T21:56:12","modified_gmt":"2025-12-04T21:56:12","slug":"itsenaisyyspaivan-juhlintaa-joulumarkkinat-ja-paljon-teatteria-joensuussa-katso-viikonlopun-menovinkit-paikalliset","status":"publish","type":"post","link":"https:\/\/www.europesays.com\/fi\/107890\/","title":{"rendered":"Itsen\u00e4isyysp\u00e4iv\u00e4n juhlintaa, joulumarkkinat ja paljon teatteria Joensuussa \u2013 Katso viikonlopun menovinkit | Paikalliset"},"content":{"rendered":"<p>Koostimme t\u00e4h\u00e4n juttuun joitakin poimintoja Pohjois-Karjalan tapahtumatarjonnasta tulevana viikonloppuna. Lis\u00e4\u00e4 menovinkkej\u00e4 voit katsoa Karjalaisen tapahtumakalenterista <a href=\"https:\/\/tapahtumat.karjalainen.fi\/fi-FI?sort=startDate&amp;start=15.8.2025&amp;end=17.8.2025\" rel=\"nofollow noopener\" target=\"_blank\">t\u00e4\u00e4lt\u00e4<\/a>.<\/p>\n<p>\t\t\t\tTapahtumat<\/p>\n<p><strong class=\"diks-storyline__impact\">Joensuussa<\/strong> lauantaina perinteinen seppeleiden lasku sankarihaudoille kello 12.<\/p>\n<p><strong class=\"diks-storyline__impact\">It\u00e4-Suomen <\/strong>yliopiston ylioppilaskunnan itsen\u00e4isyysp\u00e4iv\u00e4n soihtukulkue Aurora-rakennukselta sankarihautausmaalle kello 16 alkaen.<\/p>\n<p><strong class=\"diks-storyline__impact\">Joensuussa<\/strong> areenassa joulumarkkinat lauantaina kello 9\u201317 ja sunnuntaina kello 10\u201317.<\/p>\n<p><strong class=\"diks-storyline__impact\">Lauantaina<\/strong> Joensuun tanssiopiston Matkalla-n\u00e4yt\u00f6s Jukolankadulla kello 16 ja sunnuntaina kello 14 ja 16.30.<\/p>\n<p>\t\t\t\tMusiikki<\/p>\n<p><strong class=\"diks-storyline__impact\">Joensuun<\/strong> kirkossa torstaina <strong>Arja Koriseva<\/strong> ja <strong>Teemu Roivainen<\/strong>.<\/p>\n<p><strong class=\"diks-storyline__impact\">Las Palmasissa<\/strong> Joensuussa perjantaina Y\u00f6lintu ja lauantaina <strong>Olga<\/strong>.<\/p>\n<p><strong class=\"diks-storyline__impact\">Nurmeksen<\/strong> joulumusiikin Talviy\u00f6n syd\u00e4n -konsertti Bomban kes\u00e4teatterissa perjantaina kello 18.<\/p>\n<p><strong class=\"diks-storyline__impact\">Joensuun<\/strong> kirkossa perjantaina <strong>Katja Vanttajan<\/strong> ja<strong> Petrus Makkosen<\/strong> Kuin unta -konsertti kello 18.<\/p>\n<p><strong class=\"diks-storyline__impact\">Kauneimmat <\/strong>joululaulut Pub Ramonassa perjantaina kello 20.<\/p>\n<p><strong class=\"diks-storyline__impact\">Joensuussa <\/strong>Kerubissa Black Devils \u2013 Hurriganes Show perjantaina.<\/p>\n<p><strong class=\"diks-storyline__impact\">Itsen\u00e4isyysp\u00e4iv\u00e4n<\/strong> juhlakonsertti Joensuussa lauantaina Carelia-salissa kello 14.<\/p>\n<p>\t\t\t\tTeatteri<\/p>\n<p><strong class=\"diks-storyline__impact\">Kontiolahdella<\/strong> Kempin mutkassa perjantaina kello 18 Koti kaukana \u2013 lauluja ja tarinoita evakkomatkalta.<\/p>\n<p><strong class=\"diks-storyline__impact\">Varietee-esitys <\/strong>Roug3 Joensuussa N\u00e4ytt\u00e4m\u00f6ll\u00e4 perjantaina kello 18.<\/p>\n<p><strong class=\"diks-storyline__impact\">Joensuun<\/strong> kaupunginteatterin pienell\u00e4 n\u00e4ytt\u00e4m\u00f6ll\u00e4 perjantaina kello 18.30 Kierros.<\/p>\n<p><strong class=\"diks-storyline__impact\">Joensuun<\/strong> kaupunginteatterissa perjantaina kello 19 Drag Affair -vierailuesitys.<\/p>\n<p><strong class=\"diks-storyline__impact\">Perjantaina <\/strong>ensi-illassa Joensuun ylioppilasteatterin Rent-musikaali Hub Joensuu -tilassa kello 19.<\/p>\n<p><strong class=\"diks-storyline__impact\">Pakkahuoneella <\/strong>Joensuussa Ootko mun kaverlji? -lastenteatteria lauantaina\u2009 ja sunnuntaina kello 15.<\/p>\n<p><strong class=\"diks-storyline__impact\">Joensuussa <\/strong>Kerubissa Rajatapaus Improshow lauantaina kello 16.<\/p>\n<p>\t\t\t\tElokuvat<\/p>\n<p><strong class=\"diks-storyline__impact\">Joensuun <\/strong>Tapiossa ensi-illassa perjantaina kaksi elokuvaa: Five Nights at Freddy&#8217;s 2 -kauhuelokuva sek\u00e4 <strong>Jodie Fosterin<\/strong> t\u00e4hditt\u00e4m\u00e4 Yksityinen el\u00e4m\u00e4 -j\u00e4nnityselokuva.<\/p>\n<p>\t\t\t\tUrheilu<\/p>\n<p><strong class=\"diks-storyline__impact\">Joensuussa <\/strong>Kataja Basket\u2013KTP Korisliigaa Motonet-areenassa lauantaina kello 15.<\/p>\n<p><strong class=\"diks-storyline__impact\">Salibandyn<\/strong> Divaria Josba\u2013Nibacos Joensuussa Motonet-areenassa sunnuntaina kello 17.<\/p>\n","protected":false},"excerpt":{"rendered":"Koostimme t\u00e4h\u00e4n juttuun joitakin poimintoja Pohjois-Karjalan tapahtumatarjonnasta tulevana viikonloppuna. Lis\u00e4\u00e4 menovinkkej\u00e4 voit katsoa Karjalaisen tapahtumakalenterista t\u00e4\u00e4lt\u00e4. Tapahtumat Joensuussa&hellip;\n","protected":false},"author":2,"featured_media":107891,"comment_status":"","ping_status":"","sticky":false,"template":"","format":"standard","meta":{"footnotes":""},"categories":[130],"tags":[137,33,31,30,1133,1686,17420,47,5548,32,109],"class_list":{"0":"post-107890","1":"post","2":"type-post","3":"status-publish","4":"format-standard","5":"has-post-thumbnail","7":"category-viihde","8":"tag-entertainment","9":"tag-fi","10":"tag-finland","11":"tag-finnish","12":"tag-joensuu","13":"tag-kontiolahti","14":"tag-menovinkit","15":"tag-musiikki","16":"tag-musikaali","17":"tag-suomi","18":"tag-viihde"},"share_on_mastodon":{"url":"https:\/\/pubeurope.com\/@fi\/115663535020028806","error":""},"_links":{"self":[{"href":"https:\/\/www.europesays.com\/fi\/wp-json\/wp\/v2\/posts\/107890","targetHints":{"allow":["GET"]}}],"collection":[{"href":"https:\/\/www.europesays.com\/fi\/wp-json\/wp\/v2\/posts"}],"about":[{"href":"https:\/\/www.europesays.com\/fi\/wp-json\/wp\/v2\/types\/post"}],"author":[{"embeddable":true,"href":"https:\/\/www.europesays.com\/fi\/wp-json\/wp\/v2\/users\/2"}],"replies":[{"embeddable":true,"href":"https:\/\/www.europesays.com\/fi\/wp-json\/wp\/v2\/comments?post=107890"}],"version-history":[{"count":0,"href":"https:\/\/www.europesays.com\/fi\/wp-json\/wp\/v2\/posts\/107890\/revisions"}],"wp:featuredmedia":[{"embeddable":true,"href":"https:\/\/www.europesays.com\/fi\/wp-json\/wp\/v2\/media\/107891"}],"wp:attachment":[{"href":"https:\/\/www.europesays.com\/fi\/wp-json\/wp\/v2\/media?parent=107890"}],"wp:term":[{"taxonomy":"category","embeddable":true,"href":"https:\/\/www.europesays.com\/fi\/wp-json\/wp\/v2\/categories?post=107890"},{"taxonomy":"post_tag","embeddable":true,"href":"https:\/\/www.europesays.com\/fi\/wp-json\/wp\/v2\/tags?post=107890"}],"curies":[{"name":"wp","href":"https:\/\/api.w.org\/{rel}","templated":true}]}}