{"id":107892,"date":"2025-12-04T21:59:15","date_gmt":"2025-12-04T21:59:15","guid":{"rendered":"https:\/\/www.europesays.com\/fi\/107892\/"},"modified":"2025-12-04T21:59:15","modified_gmt":"2025-12-04T21:59:15","slug":"israel-sanoo-tappaneensa-noin-40-gazan-tunneleihin-jumiin-jaanytta-hamasin-taistelijaa-uutisia-lyhyesti","status":"publish","type":"post","link":"https:\/\/www.europesays.com\/fi\/107892\/","title":{"rendered":"Israel sanoo tappaneensa noin 40 Gazan tunneleihin jumiin j\u00e4\u00e4nytt\u00e4 Hamasin taistelijaa | Uutisia lyhyesti"},"content":{"rendered":"<p class=\"aw-1gybjub aw-5vja16 kEtdKx kmuxyA yle__article__paragraph\">Israelin ja Yhdysvaltain viranomaisten mukaan tunneleihin j\u00e4i jumiin noin 200 taistelijaa, kun Gazan tulitauko tuli voimaan lokakuussa.<\/p>\n<p><img decoding=\"async\" alt=\"Israelin armeijan sotilas seisoo ase k\u00e4dess\u00e4\u00e4n tunnelin suulla. \" src=\"https:\/\/www.europesays.com\/fi\/wp-content\/uploads\/2025\/12\/39-124065865c4dfde14dd4.jpeg\" class=\"aw-1l9m598 hKVVvP\"\/><\/p>\n<p>Avaa kuvien katselu<\/p>\n<p>Israelin armeijan sotilas seisoo ase k\u00e4dess\u00e4\u00e4n tunnelin suulla. Arkistokuva joulukuulta 2023. Kuva: Action Press \/ AOP<\/p>\n<p class=\"aw-1gybjub aw-1p7kakr kEtdKx cEmitX yle__article__paragraph\">Israelin armeija kertoi torstaina, ett\u00e4 sen joukot ovat tappaneet noin 40 Hamasin taistelijaa, jotka olivat j\u00e4\u00e4neet jumiin Rafahin alla kulkeviin tunneleihin Etel\u00e4-Gazassa, uutistoimisto Reuters kertoo.<\/p>\n<p class=\"aw-1gybjub aw-1p7kakr kEtdKx cEmitX yle__article__paragraph\">Israelin ja Yhdysvaltain viranomaisten mukaan tunneleihin j\u00e4i jumiin noin 200 taistelijaa, kun Gazan tulitauko tuli voimaan lokakuussa. Osa on sittemmin tullut esiin ja antautunut tai saanut surmansa yhteenotoissa Israelin joukkojen, Israelin media on raportoinut.<\/p>\n<p class=\"aw-1gybjub aw-1p7kakr kEtdKx cEmitX yle__article__paragraph\">Yhdysvallat ja muut rauhanv\u00e4litt\u00e4j\u00e4maat yrittiv\u00e4t syksyll\u00e4 saada aikaan sopimuksen, jossa Hamasin taistelijat laskisivat aseensa ja saisivat luvan siirty\u00e4 muualle Gazaan. Neuvottelut kuitenkin kariutuivat.<\/p>\n<p class=\"aw-1gybjub aw-1p7kakr kEtdKx cEmitX yle__article__paragraph\">Israelin armeijan mukaan tapettujen joukossa oli ainakin kolme paikallista komentajaa sek\u00e4 yhden Hamasin maanpaossa olevan johtajan, <strong class=\"aw-ak79eh KyCXm yle__article__strong\">Ghazi Hamadin<\/strong>, poika.<\/p>\n<p class=\"aw-1gybjub aw-1p7kakr kEtdKx cEmitX yle__article__paragraph\">Hamas ei ole virallisesti vahvistanut jumiin j\u00e4\u00e4neiden m\u00e4\u00e4r\u00e4\u00e4 tai sit\u00e4, kuinka monta heist\u00e4 on viel\u00e4 j\u00e4ljell\u00e4. \u00c4\u00e4riryhm\u00e4n edustaja Gazassa kielt\u00e4ytyi kommentoimasta Israelin v\u00e4itteit\u00e4 40 taistelijan tappamista.<\/p>\n<p class=\"aw-1gybjub aw-1p7kakr kEtdKx cEmitX yle__article__paragraph\">L\u00e4hde: Reuters<\/p>\n","protected":false},"excerpt":{"rendered":"Israelin ja Yhdysvaltain viranomaisten mukaan tunneleihin j\u00e4i jumiin noin 200 taistelijaa, kun Gazan tulitauko tuli voimaan lokakuussa. Avaa&hellip;\n","protected":false},"author":2,"featured_media":107893,"comment_status":"","ping_status":"","sticky":false,"template":"","format":"standard","meta":{"footnotes":""},"categories":[76],"tags":[804,79,77,33,31,30,994,505,997,993,995,32,78,56],"class_list":{"0":"post-107892","1":"post","2":"type-post","3":"status-publish","4":"format-standard","5":"has-post-thumbnail","7":"category-talous","8":"tag-aseelliset-konfliktit","9":"tag-business","10":"tag-economy","11":"tag-fi","12":"tag-finland","13":"tag-finnish","14":"tag-gazan-kaista","15":"tag-gazan-sota","16":"tag-hamas","17":"tag-israel","18":"tag-palestiinalaisalueet","19":"tag-suomi","20":"tag-talous","21":"tag-ulkomaat"},"share_on_mastodon":{"url":"https:\/\/pubeurope.com\/@fi\/115663547032899175","error":""},"_links":{"self":[{"href":"https:\/\/www.europesays.com\/fi\/wp-json\/wp\/v2\/posts\/107892","targetHints":{"allow":["GET"]}}],"collection":[{"href":"https:\/\/www.europesays.com\/fi\/wp-json\/wp\/v2\/posts"}],"about":[{"href":"https:\/\/www.europesays.com\/fi\/wp-json\/wp\/v2\/types\/post"}],"author":[{"embeddable":true,"href":"https:\/\/www.europesays.com\/fi\/wp-json\/wp\/v2\/users\/2"}],"replies":[{"embeddable":true,"href":"https:\/\/www.europesays.com\/fi\/wp-json\/wp\/v2\/comments?post=107892"}],"version-history":[{"count":0,"href":"https:\/\/www.europesays.com\/fi\/wp-json\/wp\/v2\/posts\/107892\/revisions"}],"wp:featuredmedia":[{"embeddable":true,"href":"https:\/\/www.europesays.com\/fi\/wp-json\/wp\/v2\/media\/107893"}],"wp:attachment":[{"href":"https:\/\/www.europesays.com\/fi\/wp-json\/wp\/v2\/media?parent=107892"}],"wp:term":[{"taxonomy":"category","embeddable":true,"href":"https:\/\/www.europesays.com\/fi\/wp-json\/wp\/v2\/categories?post=107892"},{"taxonomy":"post_tag","embeddable":true,"href":"https:\/\/www.europesays.com\/fi\/wp-json\/wp\/v2\/tags?post=107892"}],"curies":[{"name":"wp","href":"https:\/\/api.w.org\/{rel}","templated":true}]}}