{"id":107894,"date":"2025-12-04T22:00:11","date_gmt":"2025-12-04T22:00:11","guid":{"rendered":"https:\/\/www.europesays.com\/fi\/107894\/"},"modified":"2025-12-04T22:00:11","modified_gmt":"2025-12-04T22:00:11","slug":"suomi-ruotsi-ja-tanska-siirtyvat-natossa-norfolkin-alaisuuteen-uutissuomalainen","status":"publish","type":"post","link":"https:\/\/www.europesays.com\/fi\/107894\/","title":{"rendered":"Suomi, Ruotsi ja Tanska siirtyv\u00e4t Natossa Norfolkin alaisuuteen | Uutissuomalainen"},"content":{"rendered":"<p>Suomi, Ruotsi ja Tanska siirtyv\u00e4t perjantaina sotilasliitto Naton Norfolkin yhteisoperaatiojohtoportaan alaisuuteen. Norfolk sijaitsee Yhdysvaltain it\u00e4rannikolla Virginian osavaltiossa. Asiasta kertoo Nato <a href=\"https:\/\/shape.nato.int\/news-releases\/natos-allied-command-operations-to-update-provisional--regional-boundaries-\" rel=\"nofollow noopener\" target=\"_blank\">tiedotteessaan<\/a>. <\/p>\n<p>Maat ovat aiemmin toimineet Hollannin Brunssumissa sijaitsevan yhteisoperaatiojohtoportaan alaisuudessa.<\/p>\n<p>Islanti ja Norja ovat jo t\u00e4t\u00e4 ennen kuuluneet Norfolkin alaisuuteen, samoin kuin Britannia. Brunssumin alaisuuteen taas kuuluvat muun muassa Baltian maat.<\/p>\n<p>\u2013\u2009On v\u00e4ltt\u00e4m\u00e4t\u00f6nt\u00e4, ett\u00e4 vahvistamme l\u00e4sn\u00e4oloamme pohjoisessa. T\u00e4m\u00e4 uudelleenj\u00e4rjestely, jonka my\u00f6t\u00e4 kaikki Pohjoismaat tulevat Norfolkin alaisuuteen, tekee juuri sen, totesi Naton Euroopan-joukkojen komentaja, kenraali Alexus Grynkewich tiedotteessa.<\/p>\n<p>Grynkewich kuvasi Norfolkia Pohjois-Amerikan ja Euroopan v\u00e4liseksi strategiseksi sillaksi, jonka teht\u00e4v\u00e4n\u00e4 on puolustaa paljon muutakin kuin vain merireittej\u00e4.<\/p>\n","protected":false},"excerpt":{"rendered":"Suomi, Ruotsi ja Tanska siirtyv\u00e4t perjantaina sotilasliitto Naton Norfolkin yhteisoperaatiojohtoportaan alaisuuteen. Norfolk sijaitsee Yhdysvaltain it\u00e4rannikolla Virginian osavaltiossa. Asiasta&hellip;\n","protected":false},"author":2,"featured_media":107895,"comment_status":"","ping_status":"","sticky":false,"template":"","format":"standard","meta":{"footnotes":""},"categories":[14],"tags":[722,802,22,23,2267,26,27,33,31,30,17,24,25,803,28,29,2579,15,18,21,1399,637,32,19,20,56,16,59,60,61],"class_list":{"0":"post-107894","1":"post","2":"type-post","3":"status-publish","4":"format-standard","5":"has-post-thumbnail","7":"category-ulkomaat","8":"tag-amerikka","9":"tag-armeijat-ja-aseelliset-joukot","10":"tag-breaking-news","11":"tag-breakingnews","12":"tag-eurooppa","13":"tag-featured-news","14":"tag-featurednews","15":"tag-fi","16":"tag-finland","17":"tag-finnish","18":"tag-headlines","19":"tag-latest-news","20":"tag-latestnews","21":"tag-levottomuudet-ja-sodat","22":"tag-main-news","23":"tag-mainnews","24":"tag-nato","25":"tag-news","26":"tag-otsikot","27":"tag-paauutiset","28":"tag-pohjoismaat","29":"tag-politiikka","30":"tag-suomi","31":"tag-top-stories","32":"tag-topstories","33":"tag-ulkomaat","34":"tag-uutiset","35":"tag-world","36":"tag-world-news","37":"tag-worldnews"},"share_on_mastodon":{"url":"https:\/\/pubeurope.com\/@fi\/115663550924896304","error":""},"_links":{"self":[{"href":"https:\/\/www.europesays.com\/fi\/wp-json\/wp\/v2\/posts\/107894","targetHints":{"allow":["GET"]}}],"collection":[{"href":"https:\/\/www.europesays.com\/fi\/wp-json\/wp\/v2\/posts"}],"about":[{"href":"https:\/\/www.europesays.com\/fi\/wp-json\/wp\/v2\/types\/post"}],"author":[{"embeddable":true,"href":"https:\/\/www.europesays.com\/fi\/wp-json\/wp\/v2\/users\/2"}],"replies":[{"embeddable":true,"href":"https:\/\/www.europesays.com\/fi\/wp-json\/wp\/v2\/comments?post=107894"}],"version-history":[{"count":0,"href":"https:\/\/www.europesays.com\/fi\/wp-json\/wp\/v2\/posts\/107894\/revisions"}],"wp:featuredmedia":[{"embeddable":true,"href":"https:\/\/www.europesays.com\/fi\/wp-json\/wp\/v2\/media\/107895"}],"wp:attachment":[{"href":"https:\/\/www.europesays.com\/fi\/wp-json\/wp\/v2\/media?parent=107894"}],"wp:term":[{"taxonomy":"category","embeddable":true,"href":"https:\/\/www.europesays.com\/fi\/wp-json\/wp\/v2\/categories?post=107894"},{"taxonomy":"post_tag","embeddable":true,"href":"https:\/\/www.europesays.com\/fi\/wp-json\/wp\/v2\/tags?post=107894"}],"curies":[{"name":"wp","href":"https:\/\/api.w.org\/{rel}","templated":true}]}}