{"id":107896,"date":"2025-12-04T22:01:09","date_gmt":"2025-12-04T22:01:09","guid":{"rendered":"https:\/\/www.europesays.com\/fi\/107896\/"},"modified":"2025-12-04T22:01:09","modified_gmt":"2025-12-04T22:01:09","slug":"ikava-ilmio-s-marketissa-kassoja-suljettu","status":"publish","type":"post","link":"https:\/\/www.europesays.com\/fi\/107896\/","title":{"rendered":"Ik\u00e4v\u00e4 ilmi\u00f6 S-marketissa \u2013 Kassoja suljettu"},"content":{"rendered":"<p>Espoolaisen S-marketin toimet ovat tuottaneet tulosta, Taloussanomat kertoo.<\/p>\n<p><img decoding=\"async\" class=\"image image-show image-preview\" src=\"https:\/\/www.europesays.com\/fi\/wp-content\/uploads\/2025\/12\/fbe23b60a1c119ab55f462430c379528b47df9daaa5727bfde18b46c8a83c374.jpg\" alt=\"\"\/><img decoding=\"async\" class=\"image image-show\" src=\"https:\/\/www.europesays.com\/fi\/wp-content\/uploads\/2025\/12\/1764885669_389_fbe23b60a1c119ab55f462430c379528b47df9daaa5727bfde18b46c8a83c374.jpg\" alt=\"\"\/><\/p>\n<p>Suurimmaksi osaksi nuorten ostosten teko sujuu moitteetta, kaupasta korostetaan Taloussanomille. Arkistokuva. Krista Kierikka<\/p>\n<p class=\"paragraph\">Espoolainen S-market on turvautunut erityiseen ratkaisuun n\u00e4pistelevien koululaisten takia, <a href=\"https:\/\/www.is.fi\/taloussanomat\/art-2000011662137.html?utm_source=ampparit\" target=\"_blank\" rel=\"noopener nofollow\">Taloussanomat<\/a> (TalSa) kertoo.<\/p>\n<p class=\"paragraph\">Kaupan itsepalvelukassoja on suljettu ruokatuntien ajaksi S-market Nihtisillassa.<\/p>\n<p class=\"paragraph\">Kaupassa huomattiin TalSan mukaan syksyll\u00e4, ett\u00e4 jotkut nuorista ostivat kalliimpia tuotteita, joita he maksoivat pelk\u00e4n karjalanpiirakan hinnalla.<\/p>\n<p class=\"paragraph\">Itsepalvelukassoja alettiin valvoa tarkemmin. Kassoja on suljettu tai niiden luona on seisonut myyj\u00e4 koululaisruuhkien aikaan.<\/p>\n<p class=\"paragraph\">\u2013 Kyll\u00e4 huomaa, jos koulussa on pahaa ruokaa. Sitten he tulevat t\u00e4nne, S-market Nihtisillan myym\u00e4l\u00e4p\u00e4\u00e4llikk\u00f6 <strong>Susanne Peltonen<\/strong> sanoo TalSalle.<\/p>\n<p class=\"paragraph\">Peltonen kertoo TalSalle, ett\u00e4 n\u00e4pistelytapaukset ovat v\u00e4hentyneet tehostetun valvonnan my\u00f6t\u00e4.<\/p>\n<p class=\"paragraph\">Peltonen korostaa TalSalle, ett\u00e4 suurimmaksi osaksi ostosten tekeminen sujuu nuorilta moitteitta ja nuoret ovat mukavia.<\/p>\n<p class=\"paragraph\">Itsepalvelukassoihin liittyv\u00e4t n\u00e4pistelyt ovat aiheuttaneet harmia muissakin kaupoissa.<\/p>\n<p class=\"paragraph\">Viime vuonna K-Supermarket Kontumarketin kauppias <strong>Tomi Utti<\/strong> poisti itsepalvelukassat kaupasta kokonaan.<\/p>\n<p class=\"paragraph\">Utti <a href=\"https:\/\/www.iltalehti.fi\/kotimaa\/dd925961-3dcd-476d-9cd7-47d3dc2d2d99\" rel=\"nofollow noopener\" target=\"_blank\">arvioi tuolloin<\/a>, ett\u00e4 pikakassojen v\u00e4\u00e4rink\u00e4yt\u00f6kset aiheuttivat kaupassa noin 50\u202f000\u2013100\u202f000 euron vuotuiset lis\u00e4kustannukset.<\/p>\n","protected":false},"excerpt":{"rendered":"Espoolaisen S-marketin toimet ovat tuottaneet tulosta, Taloussanomat kertoo. Suurimmaksi osaksi nuorten ostosten teko sujuu moitteetta, kaupasta korostetaan Taloussanomille.&hellip;\n","protected":false},"author":2,"featured_media":107897,"comment_status":"","ping_status":"","sticky":false,"template":"","format":"standard","meta":{"footnotes":""},"categories":[12],"tags":[35,22,23,2199,26,27,33,31,30,17,898,3187,24,25,28,29,15,18,21,900,32,19,20,16,2200],"class_list":{"0":"post-107896","1":"post","2":"type-post","3":"status-publish","4":"format-standard","5":"has-post-thumbnail","7":"category-suomi","8":"tag-24h","9":"tag-breaking-news","10":"tag-breakingnews","11":"tag-elintarvikekauppa-ja-supermarketit","12":"tag-featured-news","13":"tag-featurednews","14":"tag-fi","15":"tag-finland","16":"tag-finnish","17":"tag-headlines","18":"tag-kulutustavarat","19":"tag-kulutustavarat-ja-palvelut-sektori","20":"tag-latest-news","21":"tag-latestnews","22":"tag-main-news","23":"tag-mainnews","24":"tag-news","25":"tag-otsikot","26":"tag-paauutiset","27":"tag-ruoka","28":"tag-suomi","29":"tag-top-stories","30":"tag-topstories","31":"tag-uutiset","32":"tag-vahittaiskauppa-pl-moottoriajoneuvot-kotitaloustavaroiden-korjaus"},"share_on_mastodon":{"url":"https:\/\/pubeurope.com\/@fi\/115663554959286261","error":""},"_links":{"self":[{"href":"https:\/\/www.europesays.com\/fi\/wp-json\/wp\/v2\/posts\/107896","targetHints":{"allow":["GET"]}}],"collection":[{"href":"https:\/\/www.europesays.com\/fi\/wp-json\/wp\/v2\/posts"}],"about":[{"href":"https:\/\/www.europesays.com\/fi\/wp-json\/wp\/v2\/types\/post"}],"author":[{"embeddable":true,"href":"https:\/\/www.europesays.com\/fi\/wp-json\/wp\/v2\/users\/2"}],"replies":[{"embeddable":true,"href":"https:\/\/www.europesays.com\/fi\/wp-json\/wp\/v2\/comments?post=107896"}],"version-history":[{"count":0,"href":"https:\/\/www.europesays.com\/fi\/wp-json\/wp\/v2\/posts\/107896\/revisions"}],"wp:featuredmedia":[{"embeddable":true,"href":"https:\/\/www.europesays.com\/fi\/wp-json\/wp\/v2\/media\/107897"}],"wp:attachment":[{"href":"https:\/\/www.europesays.com\/fi\/wp-json\/wp\/v2\/media?parent=107896"}],"wp:term":[{"taxonomy":"category","embeddable":true,"href":"https:\/\/www.europesays.com\/fi\/wp-json\/wp\/v2\/categories?post=107896"},{"taxonomy":"post_tag","embeddable":true,"href":"https:\/\/www.europesays.com\/fi\/wp-json\/wp\/v2\/tags?post=107896"}],"curies":[{"name":"wp","href":"https:\/\/api.w.org\/{rel}","templated":true}]}}