{"id":107898,"date":"2025-12-04T22:02:12","date_gmt":"2025-12-04T22:02:12","guid":{"rendered":"https:\/\/www.europesays.com\/fi\/107898\/"},"modified":"2025-12-04T22:02:12","modified_gmt":"2025-12-04T22:02:12","slug":"tuomio-tuli-antti-tyrvainen-pelikieltoon","status":"publish","type":"post","link":"https:\/\/www.europesays.com\/fi\/107898\/","title":{"rendered":"Tuomio tuli: Antti Tyrv\u00e4inen pelikieltoon"},"content":{"rendered":"<p>Kurinpidon mukaan Tyrv\u00e4inen ei syyllistynyt p\u00e4\u00e4h\u00e4n kohdistuneeseen taklaukseen.<\/p>\n<p><img decoding=\"async\" class=\"image image-show image-preview\" src=\"https:\/\/www.europesays.com\/fi\/wp-content\/uploads\/2025\/12\/912aeefa2959f698893b90074386baba10078606295ee696fa104998da5fc039.jpg\" alt=\"\"\/><img decoding=\"async\" class=\"image image-show\" src=\"https:\/\/www.europesays.com\/fi\/wp-content\/uploads\/2025\/12\/1764797710_456_912aeefa2959f698893b90074386baba10078606295ee696fa104998da5fc039.jpg\" alt=\"\"\/><\/p>\n<p>Antti Tyrv\u00e4inen lensi keskiviikkona ulos jo yhdeks\u00e4n minuutin pelin j\u00e4lkeen. Mika Kylm\u00e4niemi \/ AOP<\/p>\n<p class=\"paragraph\">J\u00e4\u00e4kiekkoilun SM-liigan kurinpitodelegaatio on m\u00e4\u00e4r\u00e4nnyt JYPin hy\u00f6kk\u00e4\u00e4j\u00e4n <strong>Antti Tyrv\u00e4isen<\/strong> kolmen ottelun pelikieltoon.<\/p>\n<p class=\"paragraph\">Tyrv\u00e4inen taklasi keskiviikkona Tapparan <strong>Kristian Tanusta<\/strong> ja lensi suihkuun.<\/p>\n<p class=\"paragraph\">Tyrv\u00e4inen sai tilanteesta 5+20-minuuttisen rangaistuksen p\u00e4\u00e4n tai niskan alueelle kohdistuneesta taklauksesta.<\/p>\n<p class=\"paragraph\">Liigan kurinpitodelegaatio oli kuitenkin tuomariston kanssa eri mielt\u00e4 siit\u00e4, mihin rikkeeseen Tyrv\u00e4inen syyllistyi. Delegaation n\u00e4kemyksen mukaan taklauksen voima kohdistui \u201dvaltaosin Tanuksen vartaloon eik\u00e4 p\u00e4\u00e4h\u00e4n\u201d. Delegaation mukaan Tanus oli kuitenkin kiekoton pelaaja, jota ei saa taklata.<\/p>\n<p class=\"paragraph\">N\u00e4in ollen delegaation mukaan kyseess\u00e4 oli est\u00e4minen, ei p\u00e4\u00e4n tai niskan alueelle kohdistunut taklaus.<\/p>\n<p class=\"paragraph\">\u2013\u2009Est\u00e4mist\u00e4 koskevan rangaistusharkinnan osalta kurinpitodelegaatio toteaa, ett\u00e4 Tyrv\u00e4inen suorittaa t\u00e4ydell\u00e4 voimalla vartalotaklauksen, jossa tulee my\u00f6s kontaktia kiekottoman Tanuksen p\u00e4\u00e4h\u00e4n. Taklauksen seurauksena Tanus joutuu j\u00e4tt\u00e4m\u00e4\u00e4n ottelun kesken.<\/p>\n<p class=\"paragraph\">Kurinpitodelegaation mukaan Tyrv\u00e4inen vaaransi piittaamattomasti vastustajan, joten pelikielto oli paikallaan.<\/p>\n<p class=\"paragraph\">Keskiviikon Tappara-ottelu oli JYPin kanssa vastik\u00e4\u00e4n sopimuksen tehneelle Tyrv\u00e4iselle vasta kauden toinen.<\/p>\n<p><a href=\"https:\/\/www.iltalehti.fi\/jaakiekko\/a\/1ae71ab3-3179-4e5d-95ce-15a50bbf7509\" rel=\"nofollow noopener\" target=\"_blank\"><img decoding=\"async\" src=\"https:\/\/www.europesays.com\/fi\/wp-content\/uploads\/2025\/10\/4a4e280ca1a75d884de6ebd943738ae5d99be138803b843a647b7d7c8a538b0b.png\" alt=\"Osallistu arvontaan\"\/><\/a><\/p>\n","protected":false},"excerpt":{"rendered":"Kurinpidon mukaan Tyrv\u00e4inen ei syyllistynyt p\u00e4\u00e4h\u00e4n kohdistuneeseen taklaukseen. Antti Tyrv\u00e4inen lensi keskiviikkona ulos jo yhdeks\u00e4n minuutin pelin j\u00e4lkeen.&hellip;\n","protected":false},"author":2,"featured_media":107899,"comment_status":"","ping_status":"","sticky":false,"template":"","format":"standard","meta":{"footnotes":""},"categories":[5],"tags":[35,22,23,26,27,33,31,30,17,1143,2135,24,25,41,28,29,1146,15,18,21,32,1145,19,20,16],"class_list":{"0":"post-107898","1":"post","2":"type-post","3":"status-publish","4":"format-standard","5":"has-post-thumbnail","7":"category-otsikot","8":"tag-24h","9":"tag-breaking-news","10":"tag-breakingnews","11":"tag-featured-news","12":"tag-featurednews","13":"tag-fi","14":"tag-finland","15":"tag-finnish","16":"tag-headlines","17":"tag-jaakiekko","18":"tag-jaakiekkopelaajat-miehet","19":"tag-latest-news","20":"tag-latestnews","21":"tag-liikunta-ja-urheilu","22":"tag-main-news","23":"tag-mainnews","24":"tag-miesten-jaakiekko","25":"tag-news","26":"tag-otsikot","27":"tag-paauutiset","28":"tag-suomi","29":"tag-talviurheilu","30":"tag-top-stories","31":"tag-topstories","32":"tag-uutiset"},"share_on_mastodon":{"url":"https:\/\/pubeurope.com\/@fi\/115663558833240138","error":""},"_links":{"self":[{"href":"https:\/\/www.europesays.com\/fi\/wp-json\/wp\/v2\/posts\/107898","targetHints":{"allow":["GET"]}}],"collection":[{"href":"https:\/\/www.europesays.com\/fi\/wp-json\/wp\/v2\/posts"}],"about":[{"href":"https:\/\/www.europesays.com\/fi\/wp-json\/wp\/v2\/types\/post"}],"author":[{"embeddable":true,"href":"https:\/\/www.europesays.com\/fi\/wp-json\/wp\/v2\/users\/2"}],"replies":[{"embeddable":true,"href":"https:\/\/www.europesays.com\/fi\/wp-json\/wp\/v2\/comments?post=107898"}],"version-history":[{"count":0,"href":"https:\/\/www.europesays.com\/fi\/wp-json\/wp\/v2\/posts\/107898\/revisions"}],"wp:featuredmedia":[{"embeddable":true,"href":"https:\/\/www.europesays.com\/fi\/wp-json\/wp\/v2\/media\/107899"}],"wp:attachment":[{"href":"https:\/\/www.europesays.com\/fi\/wp-json\/wp\/v2\/media?parent=107898"}],"wp:term":[{"taxonomy":"category","embeddable":true,"href":"https:\/\/www.europesays.com\/fi\/wp-json\/wp\/v2\/categories?post=107898"},{"taxonomy":"post_tag","embeddable":true,"href":"https:\/\/www.europesays.com\/fi\/wp-json\/wp\/v2\/tags?post=107898"}],"curies":[{"name":"wp","href":"https:\/\/api.w.org\/{rel}","templated":true}]}}