{"id":107904,"date":"2025-12-04T22:14:13","date_gmt":"2025-12-04T22:14:13","guid":{"rendered":"https:\/\/www.europesays.com\/fi\/107904\/"},"modified":"2025-12-04T22:14:13","modified_gmt":"2025-12-04T22:14:13","slug":"mtv-harvinainen-haastattelu-vappu-pimia-kommentoi-vihdoinkin-uutta-ttk-juontajaa","status":"publish","type":"post","link":"https:\/\/www.europesays.com\/fi\/107904\/","title":{"rendered":"MTV: Harvinainen haastattelu! Vappu Pimi\u00e4 kommentoi vihdoinkin uutta TTK-juontajaa"},"content":{"rendered":"<p>  <a href=\"https:\/\/www.suomi24.fi\/viihde\/l\/harvinainen-haastattelu-vappu-pimia-lataa-vihdoinkin-mielipiteensa-uudesta-ttk-juontajasta-5474-1.webp\" rel=\"nofollow noopener\" target=\"_blank\"><img decoding=\"async\" src=\"https:\/\/www.europesays.com\/fi\/wp-content\/uploads\/2025\/12\/harvinainen-haastattelu-vappu-pimia-lataa-vihdoinkin-mielipiteensa-uudesta-ttk-juontajasta-5474-1.we.webp\" alt=\"Vappu Pimi\u00e4\" loading=\"lazy\"\/><\/a>Vappu Pimi\u00e4. Kuva: Suomi24 Viihde<\/p>\n<p>Yritt\u00e4j\u00e4, juontaja, tietokirjailija ja somevaikuttaja <strong>Vappu Pimi\u00e4<\/strong> n\u00e4htiin t\u00e4n\u00e4 syksyn\u00e4 viimeisest\u00e4 kertaa Tanssii T\u00e4htien Kanssa -suosikkiohjelman juontajana.<\/p>\n<p>TTK-juontohommissa energinen Pimi\u00e4 oli vuodesta 2009 l\u00e4htien. Juontajaparina on n\u00e4hty mm. <strong>Marco Bjurstr\u00f6m<\/strong> ja <strong>Mikko Leppilampi<\/strong>. Pimi\u00e4n viimeiseksi j\u00e4\u00e4neell\u00e4 kaudella TTK-parketilla rinnalla juonsi <strong>Ernest Lawson<\/strong>.<\/p>\n<p>Uutta Tanssii T\u00e4htien Kanssa -juontajaa on pohdittu ja arvuuteltu. Nimi\u00e4 on heitetty ja listoilla on olleet mm. <strong>Susanna Laine, Kirsi Alm-Siira, Ellen Jokikunnas, Marja Hintikka <\/strong>ja <strong>Jaana Pelkonen<\/strong>.<\/p>\n<p>MTV ei ole viel\u00e4 kommentoinut juontaja-asiaa. Asian ytimess\u00e4.doc: Vappu &#8211; viimeinen rumba -dokumentissa Vappu Pimi\u00e4 suostuu kertomaan oman mielipiteens\u00e4.<\/p>\n<p><a href=\"https:\/\/www.suomi24.fi\/viihde\/l\/mtv-harvinainen-haastattelu-vappu-pimia-kommentoi-vihdoinkin-uutta-ttk-juontajaa-5474-1.webp\" rel=\"nofollow noopener\" target=\"_blank\"><img decoding=\"async\" src=\"https:\/\/www.europesays.com\/fi\/wp-content\/uploads\/2025\/12\/mtv-harvinainen-haastattelu-vappu-pimia-kommentoi-vihdoinkin-uutta-ttk-juontajaa-5474-1.webp.webp\" alt=\"Vappu Pimi\u00e4\" loading=\"lazy\"\/><\/a>Yksi Vappu Pimi\u00e4n juontajakollegoista TTK:ssa on ollut Mikko Leppilampi, kuva vuodelta 2019 MTV3<\/p>\n<p>Konkarijuontaja kommentoi tulevaa TTK-juontajaa n\u00e4in:<\/p>\n<p>-On monta hienoa vaihtoehtoa, jotka voivat mun saappaisiin astua t\u00e4ss\u00e4 ohjelmassa. Suomessa on mulla upeita kollegoja monia. Muta ehk\u00e4 m\u00e4 sanoisin semmoisen niinkuin, ett\u00e4 mit\u00e4 vinkkej\u00e4, niin mun mielest\u00e4 t\u00e4rkeint\u00e4 t\u00e4ss\u00e4 ty\u00f6ss\u00e4 on l\u00e4sn\u00e4olo, kuunteleminen ja reagointi. Ne on mulle sellaisia t\u00e4rkeit\u00e4 teesej\u00e4, mit\u00e4 m\u00e4 teen, Pimi\u00e4 listaa kolme teesi\u00e4\u00e4n juontajavaatimuksiin.<\/p>\n<p>Tulevalle TTK-juontajalle on t\u00e4rke\u00e4\u00e4 erityisesti yksi ominaisuus:<\/p>\n<p>-Ja se, ett\u00e4 sun t\u00e4ytyy olla my\u00f6s kiinnostunut ihmisist\u00e4. Ole loistelias, mutta anna muiden loistaa viel\u00e4 v\u00e4h\u00e4n enemm\u00e4n, Pimi\u00e4 pohtii haastattelussa.<\/p>\n<p><a href=\"https:\/\/www.suomi24.fi\/viihde\/l\/mtv-harvinainen-haastattelu-vappu-pimia-kommentoi-vihdoinkin-uutta-ttk-juontajaa-5474-3.webp\" rel=\"nofollow noopener\" target=\"_blank\"><img decoding=\"async\" src=\"https:\/\/www.europesays.com\/fi\/wp-content\/uploads\/2025\/12\/mtv-harvinainen-haastattelu-vappu-pimia-kommentoi-vihdoinkin-uutta-ttk-juontajaa-5474-3.webp.webp\" alt=\"Vappu Pimi\u00e4\" loading=\"lazy\"\/><\/a>Vappu Pimi\u00e4 juonsi viimeisen TTK-l\u00e4hetyksens\u00e4 yhdess\u00e4 Ernest Lawsonin kanssa. Kuva: MTV3<\/p>\n<p>Asian ytimess\u00e4.doc: Vappu &#8211; viimeinen rumba MTV Katsomo<\/p>\n<p>Tanssii T\u00e4htien Kanssa MTV Katsomo<\/p>\n<p><a href=\"https:\/\/www.telsu.fi\/?ref=s24_article\" rel=\"noopener noreferrer nofollow\" target=\"_blank\">Katso tv-ohjelma-ajat Telsu.fi<\/a><\/p>\n<p>L\u00e4hde: Asian ytimess\u00e4.doc: Vappu &#8211; viimeinen rumba  <\/p>\n","protected":false},"excerpt":{"rendered":"Vappu Pimi\u00e4. Kuva: Suomi24 Viihde Yritt\u00e4j\u00e4, juontaja, tietokirjailija ja somevaikuttaja Vappu Pimi\u00e4 n\u00e4htiin t\u00e4n\u00e4 syksyn\u00e4 viimeisest\u00e4 kertaa Tanssii&hellip;\n","protected":false},"author":2,"featured_media":107905,"comment_status":"","ping_status":"","sticky":false,"template":"","format":"standard","meta":{"footnotes":""},"categories":[136],"tags":[407,137,33,31,30,408,32,109],"class_list":{"0":"post-107904","1":"post","2":"type-post","3":"status-publish","4":"format-standard","5":"has-post-thumbnail","7":"category-julkkikset","8":"tag-celebrities","9":"tag-entertainment","10":"tag-fi","11":"tag-finland","12":"tag-finnish","13":"tag-julkkikset","14":"tag-suomi","15":"tag-viihde"},"share_on_mastodon":{"url":"https:\/\/pubeurope.com\/@fi\/115663606080880395","error":""},"_links":{"self":[{"href":"https:\/\/www.europesays.com\/fi\/wp-json\/wp\/v2\/posts\/107904","targetHints":{"allow":["GET"]}}],"collection":[{"href":"https:\/\/www.europesays.com\/fi\/wp-json\/wp\/v2\/posts"}],"about":[{"href":"https:\/\/www.europesays.com\/fi\/wp-json\/wp\/v2\/types\/post"}],"author":[{"embeddable":true,"href":"https:\/\/www.europesays.com\/fi\/wp-json\/wp\/v2\/users\/2"}],"replies":[{"embeddable":true,"href":"https:\/\/www.europesays.com\/fi\/wp-json\/wp\/v2\/comments?post=107904"}],"version-history":[{"count":0,"href":"https:\/\/www.europesays.com\/fi\/wp-json\/wp\/v2\/posts\/107904\/revisions"}],"wp:featuredmedia":[{"embeddable":true,"href":"https:\/\/www.europesays.com\/fi\/wp-json\/wp\/v2\/media\/107905"}],"wp:attachment":[{"href":"https:\/\/www.europesays.com\/fi\/wp-json\/wp\/v2\/media?parent=107904"}],"wp:term":[{"taxonomy":"category","embeddable":true,"href":"https:\/\/www.europesays.com\/fi\/wp-json\/wp\/v2\/categories?post=107904"},{"taxonomy":"post_tag","embeddable":true,"href":"https:\/\/www.europesays.com\/fi\/wp-json\/wp\/v2\/tags?post=107904"}],"curies":[{"name":"wp","href":"https:\/\/api.w.org\/{rel}","templated":true}]}}