{"id":107915,"date":"2025-12-04T22:25:08","date_gmt":"2025-12-04T22:25:08","guid":{"rendered":"https:\/\/www.europesays.com\/fi\/107915\/"},"modified":"2025-12-04T22:25:08","modified_gmt":"2025-12-04T22:25:08","slug":"suomalaisyritykset-kartoittaneet-ukrainan-tulevia-markkinoita-uutisia-lyhyesti","status":"publish","type":"post","link":"https:\/\/www.europesays.com\/fi\/107915\/","title":{"rendered":"Suomalaisyritykset kartoittaneet Ukrainan tulevia markkinoita | Uutisia lyhyesti"},"content":{"rendered":"<p class=\"aw-1gybjub aw-1p7kakr kEtdKx cEmitX yle__article__paragraph\">Noin kolmannes suomalaisista suuryrityksist\u00e4 on kartoittanut liiketoimintamahdollisuuksia Ukrainassa sodan p\u00e4\u00e4ttymisen varalta, selvi\u00e4\u00e4 OP Pohjolan tutkimuksesta.<\/p>\n<p class=\"aw-1gybjub aw-1p7kakr kEtdKx cEmitX yle__article__paragraph\">Enimm\u00e4kseen suuryritykset ovat kartoittaneet asiakas- ja markkinamahdollisuuksia. Monet yritykset ovat my\u00f6s alustavasti selvitt\u00e4neet mahdollisuuksia hankkia ty\u00f6voimaa ja raaka-aineita Ukrainasta sek\u00e4 sijoittaa sinne tuotantoa.<\/p>\n<p class=\"aw-1gybjub aw-1p7kakr kEtdKx cEmitX yle__article__paragraph\">Ennen sotaa 35 prosentilla tutkimukseen vastanneista suuryrityksist\u00e4 oli liiketoimintaa Ukrainassa ja 46 prosentilla Ven\u00e4j\u00e4ll\u00e4.<\/p>\n<p class=\"aw-1gybjub aw-1p7kakr kEtdKx cEmitX yle__article__paragraph\">Rauhan j\u00e4lkeisi\u00e4 mahdollisuuksia yritykset ovat kuitenkin kartoittaneet l\u00e4hinn\u00e4 vain Ukrainasta. Alle kymmenen prosenttia kertoo kartoittaneensa mahdollisuuksia Ven\u00e4j\u00e4ll\u00e4.<\/p>\n","protected":false},"excerpt":{"rendered":"Noin kolmannes suomalaisista suuryrityksist\u00e4 on kartoittanut liiketoimintamahdollisuuksia Ukrainassa sodan p\u00e4\u00e4ttymisen varalta, selvi\u00e4\u00e4 OP Pohjolan tutkimuksesta. Enimm\u00e4kseen suuryritykset ovat&hellip;\n","protected":false},"author":2,"featured_media":74,"comment_status":"","ping_status":"","sticky":false,"template":"","format":"standard","meta":{"footnotes":""},"categories":[76],"tags":[79,77,33,31,30,32,1334,78,1303,547,987],"class_list":{"0":"post-107915","1":"post","2":"type-post","3":"status-publish","4":"format-standard","5":"has-post-thumbnail","7":"category-talous","8":"tag-business","9":"tag-economy","10":"tag-fi","11":"tag-finland","12":"tag-finnish","13":"tag-suomi","14":"tag-suuryritykset","15":"tag-talous","16":"tag-ukraina","17":"tag-venaja","18":"tag-venajan-hyokkays"},"share_on_mastodon":{"url":"https:\/\/pubeurope.com\/@fi\/115663649165545270","error":""},"_links":{"self":[{"href":"https:\/\/www.europesays.com\/fi\/wp-json\/wp\/v2\/posts\/107915","targetHints":{"allow":["GET"]}}],"collection":[{"href":"https:\/\/www.europesays.com\/fi\/wp-json\/wp\/v2\/posts"}],"about":[{"href":"https:\/\/www.europesays.com\/fi\/wp-json\/wp\/v2\/types\/post"}],"author":[{"embeddable":true,"href":"https:\/\/www.europesays.com\/fi\/wp-json\/wp\/v2\/users\/2"}],"replies":[{"embeddable":true,"href":"https:\/\/www.europesays.com\/fi\/wp-json\/wp\/v2\/comments?post=107915"}],"version-history":[{"count":0,"href":"https:\/\/www.europesays.com\/fi\/wp-json\/wp\/v2\/posts\/107915\/revisions"}],"wp:featuredmedia":[{"embeddable":true,"href":"https:\/\/www.europesays.com\/fi\/wp-json\/wp\/v2\/media\/74"}],"wp:attachment":[{"href":"https:\/\/www.europesays.com\/fi\/wp-json\/wp\/v2\/media?parent=107915"}],"wp:term":[{"taxonomy":"category","embeddable":true,"href":"https:\/\/www.europesays.com\/fi\/wp-json\/wp\/v2\/categories?post=107915"},{"taxonomy":"post_tag","embeddable":true,"href":"https:\/\/www.europesays.com\/fi\/wp-json\/wp\/v2\/tags?post=107915"}],"curies":[{"name":"wp","href":"https:\/\/api.w.org\/{rel}","templated":true}]}}