{"id":107929,"date":"2025-12-04T22:48:13","date_gmt":"2025-12-04T22:48:13","guid":{"rendered":"https:\/\/www.europesays.com\/fi\/107929\/"},"modified":"2025-12-04T22:48:13","modified_gmt":"2025-12-04T22:48:13","slug":"latela-sarjan-hahmot-palaavat-televisioon-arrapaita-luvassa","status":"publish","type":"post","link":"https:\/\/www.europesays.com\/fi\/107929\/","title":{"rendered":"Latela-sarjan hahmot palaavat televisioon \u2013 \u00e4rr\u00e4p\u00e4it\u00e4 luvassa"},"content":{"rendered":"<p>Latela \u2013 Etel\u00e4 kutsuu -sarjan toinen kausi alkaa TV5-kanavalla maaliskuussa.\u00a0Latela-sarjasta tutut <strong>Lauri \u201dLate\u201d Huttunen, Lauri Valkama<\/strong> ja <strong>Juha \u201dH\u00e4rski\u201d Martikainen<\/strong>\u00a0seikkailevat sarjassa maailmalla.<\/p>\n<p>Sarjasta kerrotaan seuraavaa:<\/p>\n<p>\u201dLatelan pojat <strong>Huttunen, Valkama<\/strong> ja <strong>H\u00e4rski <\/strong>l\u00e4htev\u00e4t taas testaamaan, millaista hommaa luonnossa touhuaminen oikein on. Valkamalla on suunnitelmissaan Kanarian valloitus ihan muulla kuin turisteille tutulla tavalla. H\u00e4n haastaa yst\u00e4v\u00e4ns\u00e4 mm. kapuamaan tulivuorelle, telttailemaan sademets\u00e4ss\u00e4, paimentamaan vuohia ja purjehtimaan katamaraanilla. Ja kun etel\u00e4 kutsuu, niin Kalkusta kutsuun vastataan. <\/p>\n<p>Lue my\u00f6s: <a href=\"https:\/\/www.como.fi\/uutiset\/latelan-lauri-huttunen-esitteli-lambonsa-rakensi-itse\/\" title=\"Latelan Lauri Huttunen esitteli Lambonsa \u2013 rakensi itse\" class=\"underline-custom !font-montserrat !font-bold !underline-offset-4 !decoration-4 !decoration-red-600 !text-md\" rel=\"nofollow noopener\" target=\"_blank\">Latelan Lauri Huttunen esitteli Lambonsa \u2013 rakensi itse<\/a><\/p>\n<p>Lue my\u00f6s: <a href=\"https:\/\/www.como.fi\/uutiset\/latelan-lauri-huttunen-on-kultainen-mies-taman-rakensi-sarkku-vaimolleen\/\" title=\"Latelan Lauri Huttunen on kultainen mies \u2013 t\u00e4m\u00e4n rakensi Sarkku-vaimolleen\" class=\"underline-custom !font-montserrat !font-bold !underline-offset-4 !decoration-4 !decoration-red-600 !text-md\" rel=\"nofollow noopener\" target=\"_blank\">Latelan Lauri Huttunen on kultainen mies \u2013 t\u00e4m\u00e4n rakensi Sarkku-vaimolleen<\/a><\/p>\n<p>Tilanteessa kuin tilanteessa selvit\u00e4\u00e4n Latelan tallilta tutulla veljeshuumorilla, \u00e4rr\u00e4p\u00e4it\u00e4 s\u00e4\u00e4stelem\u00e4tt\u00e4. Kolmikko k\u00e4y katsomassa my\u00f6s Aurinkorannikkoa uusin silmin ja n\u00e4ytt\u00e4\u00e4, kuinka sujuu savenvalanta ja oliivisadonkorjuu kalkkulaiseen tapaan. Luvassa on hulvattomia hetki\u00e4, huikeita maisemia ja erikoisia tapoja selviyty\u00e4!\u201d<\/p>\n<p>Latela \u2013 Etel\u00e4 kutsuu -sarjan toinen kausi TV5-kanavalla maaliskuussa.\u00a0<\/p>\n<p>Lue my\u00f6s: <a href=\"https:\/\/www.como.fi\/tilaa-comon-uutiskirje\/\" title=\"Tilaa Comon uutiskirje ja tied\u00e4t mist\u00e4 kahvitauolla puhutaan! Nappaa kotimaan tv-vinkit ja puheenaiheet suoraan s\u00e4hk\u00f6postiin t\u00e4st\u00e4.\" class=\"underline-custom !font-montserrat !font-bold !underline-offset-4 !decoration-4 !decoration-red-600 !text-md\" rel=\"nofollow noopener\" target=\"_blank\">Tilaa Comon uutiskirje ja tied\u00e4t mist\u00e4 kahvitauolla puhutaan! Nappaa kotimaan tv-vinkit ja puheenaiheet suoraan s\u00e4hk\u00f6postiin t\u00e4st\u00e4.<\/a><\/p>\n","protected":false},"excerpt":{"rendered":"Latela \u2013 Etel\u00e4 kutsuu -sarjan toinen kausi alkaa TV5-kanavalla maaliskuussa.\u00a0Latela-sarjasta tutut Lauri \u201dLate\u201d Huttunen, Lauri Valkama ja Juha&hellip;\n","protected":false},"author":2,"featured_media":107930,"comment_status":"","ping_status":"","sticky":false,"template":"","format":"standard","meta":{"footnotes":""},"categories":[130],"tags":[137,33,31,30,5147,32,109],"class_list":{"0":"post-107929","1":"post","2":"type-post","3":"status-publish","4":"format-standard","5":"has-post-thumbnail","7":"category-viihde","8":"tag-entertainment","9":"tag-fi","10":"tag-finland","11":"tag-finnish","12":"tag-latela","13":"tag-suomi","14":"tag-viihde"},"share_on_mastodon":{"url":"https:\/\/pubeurope.com\/@fi\/115663739597520053","error":""},"_links":{"self":[{"href":"https:\/\/www.europesays.com\/fi\/wp-json\/wp\/v2\/posts\/107929","targetHints":{"allow":["GET"]}}],"collection":[{"href":"https:\/\/www.europesays.com\/fi\/wp-json\/wp\/v2\/posts"}],"about":[{"href":"https:\/\/www.europesays.com\/fi\/wp-json\/wp\/v2\/types\/post"}],"author":[{"embeddable":true,"href":"https:\/\/www.europesays.com\/fi\/wp-json\/wp\/v2\/users\/2"}],"replies":[{"embeddable":true,"href":"https:\/\/www.europesays.com\/fi\/wp-json\/wp\/v2\/comments?post=107929"}],"version-history":[{"count":0,"href":"https:\/\/www.europesays.com\/fi\/wp-json\/wp\/v2\/posts\/107929\/revisions"}],"wp:featuredmedia":[{"embeddable":true,"href":"https:\/\/www.europesays.com\/fi\/wp-json\/wp\/v2\/media\/107930"}],"wp:attachment":[{"href":"https:\/\/www.europesays.com\/fi\/wp-json\/wp\/v2\/media?parent=107929"}],"wp:term":[{"taxonomy":"category","embeddable":true,"href":"https:\/\/www.europesays.com\/fi\/wp-json\/wp\/v2\/categories?post=107929"},{"taxonomy":"post_tag","embeddable":true,"href":"https:\/\/www.europesays.com\/fi\/wp-json\/wp\/v2\/tags?post=107929"}],"curies":[{"name":"wp","href":"https:\/\/api.w.org\/{rel}","templated":true}]}}