{"id":107932,"date":"2025-12-04T22:51:12","date_gmt":"2025-12-04T22:51:12","guid":{"rendered":"https:\/\/www.europesays.com\/fi\/107932\/"},"modified":"2025-12-04T22:51:12","modified_gmt":"2025-12-04T22:51:12","slug":"norjalaiset-hamstraavat-tesloja","status":"publish","type":"post","link":"https:\/\/www.europesays.com\/fi\/107932\/","title":{"rendered":"Norjalaiset hamstraavat Tesloja"},"content":{"rendered":"<p>Tesla ylitti Norjassa Volkswagenin l\u00e4hes kymmenen vuotta vanhan myyntienn\u00e4tyksen.<\/p>\n<p><img decoding=\"async\" class=\"image image-show image-preview\" src=\"https:\/\/www.europesays.com\/fi\/wp-content\/uploads\/2025\/12\/c20ea5ee291a12b4c987b372c094c9c320a81d1981e92c4f9ccc5c7ef9debc83.jpg\" alt=\"\"\/><img decoding=\"async\" class=\"image image-show\" src=\"https:\/\/www.europesays.com\/fi\/wp-content\/uploads\/2025\/12\/1764888672_687_c20ea5ee291a12b4c987b372c094c9c320a81d1981e92c4f9ccc5c7ef9debc83.jpg\" alt=\"\"\/><\/p>\n<p>Norjalaisten suosikki. Tesloja on myyty t\u00e4n\u00e4 vuonna Norjassa 28 606 kappaletta. Kuvassa Model Y Standard. Jari Kainulainen<\/p>\n<p class=\"paragraph\">Tesla on tehnyt Norjassa maan kaikkien aikojen enn\u00e4tyksen automyynniss\u00e4. Maassa on myyty t\u00e4m\u00e4n vuoden tammi-marraskuussa per\u00e4ti 28\u202f606 Teslaa.<\/p>\n<p class=\"paragraph\">Pelk\u00e4st\u00e4\u00e4n marraskuussa niit\u00e4 meni kaupaksi 6\u202f215 kappaletta. Uutistoimisto <a href=\"https:\/\/www.reuters.com\/business\/autos-transportation\/tesla-sets-norways-annual-car-sales-record-2025-12-01\/\" target=\"_blank\" rel=\"noopener nofollow\">Reutersin<\/a> mukaan norjalaiset rynt\u00e4siv\u00e4t autokaupoille, koska s\u00e4hk\u00f6autoveroa korotetaan tammikuussa.<\/p>\n<p class=\"paragraph\">Aiempi enn\u00e4tys oli Volkswagenin nimiss\u00e4. Saksalaismerkki\u00e4 myytiin vuonna 2016 koko vuoden aikana 26\u202f575 kappaletta.<\/p>\n<p class=\"paragraph\">Norja on valopilkku Teslalle, sill\u00e4 t\u00e4n\u00e4 vuonna autonvalmistajan maailmanlaajuisen myynnin arvioidaan laskevan seitsem\u00e4n prosenttia.<\/p>\n<p class=\"paragraph\">Tutkimusyhti\u00f6 Visible Alphan mukaan Euroopassa merkin myynti laski lokakuuhun menness\u00e4 30 prosenttia, ja lasku on jatkunut marraskuussa.<\/p>\n<p class=\"paragraph\">Norjassakin Model Y:n myynti laski t\u00e4m\u00e4n vuoden alussa, mutta se alkoi palautua jo toisella nelj\u00e4nneksell\u00e4, kun Model Y:st\u00e4 lanseerattiin p\u00e4ivitetty malli.<\/p>\n<p class=\"paragraph\">Norjassa autokauppa kasvoi marraskuussa 70 prosenttia verrattuna viime vuoden marraskuuhun. Teslan kasvu oli kolminkertainen. Sen j\u00e4lkeen seuraavaksi suosituimmat automerkit ovat tammi-marraskuussa olleet Volkswagen ja Volvo.<\/p>\n<p class=\"paragraph\">Viime kuussa Norjassa myydyist\u00e4 henkil\u00f6autoista 97,6 prosenttia oli t\u00e4yss\u00e4hk\u00f6autoja.<\/p>\n","protected":false},"excerpt":{"rendered":"Tesla ylitti Norjassa Volkswagenin l\u00e4hes kymmenen vuotta vanhan myyntienn\u00e4tyksen. Norjalaisten suosikki. Tesloja on myyty t\u00e4n\u00e4 vuonna Norjassa 28&hellip;\n","protected":false},"author":2,"featured_media":107933,"comment_status":"","ping_status":"","sticky":false,"template":"","format":"standard","meta":{"footnotes":""},"categories":[76],"tags":[648,79,77,33,31,30,2763,121,1049,32,78,128],"class_list":{"0":"post-107932","1":"post","2":"type-post","3":"status-publish","4":"format-standard","5":"has-post-thumbnail","7":"category-talous","8":"tag-autot","9":"tag-business","10":"tag-economy","11":"tag-fi","12":"tag-finland","13":"tag-finnish","14":"tag-kulkuneuvojen-valmistus","15":"tag-liikenne-ja-kuljetus","16":"tag-moottoriajoneuvojen-valmistus-ja-varustus-autoteollisuus","17":"tag-suomi","18":"tag-talous","19":"tag-tieliikenne"},"share_on_mastodon":{"url":"https:\/\/pubeurope.com\/@fi\/115663751904794537","error":""},"_links":{"self":[{"href":"https:\/\/www.europesays.com\/fi\/wp-json\/wp\/v2\/posts\/107932","targetHints":{"allow":["GET"]}}],"collection":[{"href":"https:\/\/www.europesays.com\/fi\/wp-json\/wp\/v2\/posts"}],"about":[{"href":"https:\/\/www.europesays.com\/fi\/wp-json\/wp\/v2\/types\/post"}],"author":[{"embeddable":true,"href":"https:\/\/www.europesays.com\/fi\/wp-json\/wp\/v2\/users\/2"}],"replies":[{"embeddable":true,"href":"https:\/\/www.europesays.com\/fi\/wp-json\/wp\/v2\/comments?post=107932"}],"version-history":[{"count":0,"href":"https:\/\/www.europesays.com\/fi\/wp-json\/wp\/v2\/posts\/107932\/revisions"}],"wp:featuredmedia":[{"embeddable":true,"href":"https:\/\/www.europesays.com\/fi\/wp-json\/wp\/v2\/media\/107933"}],"wp:attachment":[{"href":"https:\/\/www.europesays.com\/fi\/wp-json\/wp\/v2\/media?parent=107932"}],"wp:term":[{"taxonomy":"category","embeddable":true,"href":"https:\/\/www.europesays.com\/fi\/wp-json\/wp\/v2\/categories?post=107932"},{"taxonomy":"post_tag","embeddable":true,"href":"https:\/\/www.europesays.com\/fi\/wp-json\/wp\/v2\/tags?post=107932"}],"curies":[{"name":"wp","href":"https:\/\/api.w.org\/{rel}","templated":true}]}}