{"id":107942,"date":"2025-12-04T23:06:14","date_gmt":"2025-12-04T23:06:14","guid":{"rendered":"https:\/\/www.europesays.com\/fi\/107942\/"},"modified":"2025-12-04T23:06:14","modified_gmt":"2025-12-04T23:06:14","slug":"diandra-tuo-joulun-lahelle-naisenergisen-viikon-tahtia-ovat-myos-bess-ja-behm-paikalliset","status":"publish","type":"post","link":"https:\/\/www.europesays.com\/fi\/107942\/","title":{"rendered":"Diandra tuo joulun l\u00e4helle \u2013 Naisenergisen viikon t\u00e4hti\u00e4 ovat my\u00f6s Bess ja Behm | Paikalliset"},"content":{"rendered":"<p>\t\t\t\tDiandra<\/p>\n<p>Diandra lienee yksi musiikkibisneksen ahkerimmista artisteista. Kerran joulukuun aikaan -konserttisarja alkoi jo marraskuussa ja jatkuu jouluviikolle. Kun kaikki on ohi, varpunen on noussut siivilleen 33 kertaa. Tampereen tuomiokirkossa Diandran jouluenergia levi\u00e4\u00e4 perjantaina ja tunnelma on takuuvarmasti vahva ja l\u00e4mmin.<\/p>\n<p class=\"diks-storyline__additional-information\">Perjantai 5.12. Tuomiokirkko<\/p>\n<p>\t\t<a class=\"diks-gallery__link\" href=\"https:\/\/i.media.fi\/incoming\/vcyber\/11180857.jpg\/alternates\/FREE_1440\/11180857.jpg\" data-thumbnail=\"\" data-sub-html=\"Bess on tanssin asialla perjantaina Tampereella. Viivi Huuska\" aria-label=\"Katso isompi kuva\" rel=\"nofollow noopener\" target=\"_blank\"><br \/>\n\t\t\t\t<img class=\"diks-figure__image\" src=\"https:\/\/www.europesays.com\/fi\/wp-content\/uploads\/2025\/12\/11180857.jpg\" loading=\"lazy\" decoding=\"sync\" alt=\"\"\/><\/p>\n<p>\t\t\t<\/a><br \/>\n\t\t\t\t\tBess on tanssin asialla perjantaina Tampereella. Viivi Huuska<\/p>\n<p>\t\t\t\tBess<\/p>\n<p>Ultravioletti-teemalla koko vuoden paahtanut Bess tanssittaa perjantaina Olympiassa. Rakkautta, vapautta ja moderneja soundeja tarjoava ilta kiihtyy Ram pam pamin tahtiin, mutta kuinka hoidetaan K\u00e4\u00e4rij\u00e4n kanssa levytetty megahitti Kaistaa? Se lienee ainoa j\u00e4nnitystekij\u00e4 keikalla, jonka suurin teht\u00e4v\u00e4 on upottaa kuulijat dancen transsiin.<\/p>\n<p class=\"diks-storyline__additional-information\">Perjantai 5.12. Olympia<\/p>\n<p>\t\t<a class=\"diks-gallery__link\" href=\"https:\/\/i.media.fi\/incoming\/7gohjq\/11180859.jpg\/alternates\/FREE_1440\/11180859.jpg\" data-thumbnail=\"\" data-sub-html=\"R\u00e4tt\u00f6 ja Lehtisalo h\u00e4mment\u00e4\u00e4 ja hauskuuttaa Tampereen lauantai-illassa. Soit se silti\" aria-label=\"Katso isompi kuva\" rel=\"nofollow noopener\" target=\"_blank\"><br \/>\n\t\t\t\t<img class=\"diks-figure__image\" src=\"https:\/\/www.europesays.com\/fi\/wp-content\/uploads\/2025\/12\/11180859.jpg\" loading=\"lazy\" decoding=\"sync\" alt=\"\"\/><\/p>\n<p>\t\t\t<\/a><br \/>\n\t\t\t\t\tR\u00e4tt\u00f6 ja Lehtisalo h\u00e4mment\u00e4\u00e4 ja hauskuuttaa Tampereen lauantai-illassa. Soit se silti<\/p>\n<p>\t\t\t\tR\u00e4tt\u00f6 ja Lehtisalo<\/p>\n<p>Kokeellisen rockin ja konseptitaiteen superkaksikko R\u00e4tt\u00f6 ja Lehtisalo julkaisi juuri albumin Herttakolmonen. Porilaisduo on oikeasti trio: rytmin musiikkiin luo tarkka ja \u201chuomaamaton\u201d rumpali Tomi Lepp\u00e4nen. Elektronisen viihteen ytimest\u00e4 pulppuava R\u00e4tt\u00f6 ja Lehtisalo soi lauantaina G Livelabiss\u00e4 ja aikamatka 1980-luvulle on valmis: nyt alkaa Safiiri ja Ter\u00e4s.<\/p>\n<p class=\"diks-storyline__additional-information\">Lauantai 6.12. G Livelab<\/p>\n<p>\t\t<a class=\"diks-gallery__link\" href=\"https:\/\/i.media.fi\/incoming\/7bkkgu\/11180856.jpg\/alternates\/FREE_1440\/11180856.jpg\" data-thumbnail=\"\" data-sub-html=\"Behm pist\u00e4\u00e4 kaiken peliin lauantaina. Juha Mustonen\" aria-label=\"Katso isompi kuva\" rel=\"nofollow noopener\" target=\"_blank\"><br \/>\n\t\t\t\t<img class=\"diks-figure__image\" src=\"https:\/\/www.europesays.com\/fi\/wp-content\/uploads\/2025\/12\/11180856.jpg\" loading=\"lazy\" decoding=\"sync\" alt=\"\"\/><\/p>\n<p>\t\t\t<\/a><br \/>\n\t\t\t\t\tBehm pist\u00e4\u00e4 kaiken peliin lauantaina. Juha Mustonen<\/p>\n<p>\t\t\t\tBehm<\/p>\n<p>Tavara-aseman t\u00e4ytt\u00e4v\u00e4 Rita Behm on suomalainen supert\u00e4hti. Siksi lauantainen veto klubiymp\u00e4rist\u00f6ss\u00e4 tuo artistin harvinaisen l\u00e4helle ja tarjoilee hitit kuumina suoraan korviin. Keikka Tampereella on kiertueen kolmanneksi viimeinen, joten nyt jos koskaan Behm ja yhtye pist\u00e4v\u00e4t kaiken peliin. Sinun tarvitsee vain nauttia Fridasta ja todeta siihen viereen Hei rakas.<\/p>\n<p class=\"diks-storyline__additional-information\">Lauantai 6.12. Tavara-asema<\/p>\n<p>\t\t<a class=\"diks-gallery__link\" href=\"https:\/\/i.media.fi\/incoming\/9zlb5f\/11180860.jpg\/alternates\/FREE_1440\/11180860.jpg\" data-thumbnail=\"\" data-sub-html=\"Tuure Kilpel\u00e4inen palaa juurilleen Tampereen lauantaissa. Has Been\" aria-label=\"Katso isompi kuva\" rel=\"nofollow noopener\" target=\"_blank\"><br \/>\n\t\t\t\t<img class=\"diks-figure__image\" src=\"https:\/\/www.europesays.com\/fi\/wp-content\/uploads\/2025\/12\/11180860.jpg\" loading=\"lazy\" decoding=\"sync\" alt=\"\"\/><\/p>\n<p>\t\t\t<\/a><br \/>\n\t\t\t\t\tTuure Kilpel\u00e4inen palaa juurilleen Tampereen lauantaissa. Has Been<\/p>\n<p>\t\t\t\tTuure Kilpel\u00e4inen<\/p>\n<p>Sooloura ei ole ollut Tuure Kilpel\u00e4isen vahvinta aikaa. Ensimm\u00e4inen Kaihon Karavaanin j\u00e4lkeinen oma albumi Sanat j\u00e4\u00e4 ilmaan osoittautui faneille liian moderniksi, siksi Kilpel\u00e4isen tuore Odotin n\u00e4py\u00e4, tuli laaka -levy on paluu juurille ja juurevaan musiikkiin. Lauantaina Tuuren livekunto n\u00e4hd\u00e4\u00e4n Olympiassa. Samalla kuullaan, kuinka paljon mukana on vaikkapa Valon pisaroita.<\/p>\n<p class=\"diks-storyline__additional-information\">Lauantai 6.12. Olympia<\/p>\n","protected":false},"excerpt":{"rendered":"Diandra Diandra lienee yksi musiikkibisneksen ahkerimmista artisteista. Kerran joulukuun aikaan -konserttisarja alkoi jo marraskuussa ja jatkuu jouluviikolle. Kun&hellip;\n","protected":false},"author":2,"featured_media":107943,"comment_status":"","ping_status":"","sticky":false,"template":"","format":"standard","meta":{"footnotes":""},"categories":[136],"tags":[138,407,137,33,31,30,429,5856,408,47,32,551,13399,712,109],"class_list":{"0":"post-107942","1":"post","2":"type-post","3":"status-publish","4":"format-standard","5":"has-post-thumbnail","7":"category-julkkikset","8":"tag-audio","9":"tag-celebrities","10":"tag-entertainment","11":"tag-fi","12":"tag-finland","13":"tag-finnish","14":"tag-jannitys","15":"tag-joulu","16":"tag-julkkikset","17":"tag-musiikki","18":"tag-suomi","19":"tag-tampere","20":"tag-tampere-rock-city","21":"tag-tampereen-seutukunta","22":"tag-viihde"},"share_on_mastodon":{"url":"https:\/\/pubeurope.com\/@fi\/115663810366854502","error":""},"_links":{"self":[{"href":"https:\/\/www.europesays.com\/fi\/wp-json\/wp\/v2\/posts\/107942","targetHints":{"allow":["GET"]}}],"collection":[{"href":"https:\/\/www.europesays.com\/fi\/wp-json\/wp\/v2\/posts"}],"about":[{"href":"https:\/\/www.europesays.com\/fi\/wp-json\/wp\/v2\/types\/post"}],"author":[{"embeddable":true,"href":"https:\/\/www.europesays.com\/fi\/wp-json\/wp\/v2\/users\/2"}],"replies":[{"embeddable":true,"href":"https:\/\/www.europesays.com\/fi\/wp-json\/wp\/v2\/comments?post=107942"}],"version-history":[{"count":0,"href":"https:\/\/www.europesays.com\/fi\/wp-json\/wp\/v2\/posts\/107942\/revisions"}],"wp:featuredmedia":[{"embeddable":true,"href":"https:\/\/www.europesays.com\/fi\/wp-json\/wp\/v2\/media\/107943"}],"wp:attachment":[{"href":"https:\/\/www.europesays.com\/fi\/wp-json\/wp\/v2\/media?parent=107942"}],"wp:term":[{"taxonomy":"category","embeddable":true,"href":"https:\/\/www.europesays.com\/fi\/wp-json\/wp\/v2\/categories?post=107942"},{"taxonomy":"post_tag","embeddable":true,"href":"https:\/\/www.europesays.com\/fi\/wp-json\/wp\/v2\/tags?post=107942"}],"curies":[{"name":"wp","href":"https:\/\/api.w.org\/{rel}","templated":true}]}}