{"id":107950,"date":"2025-12-04T23:17:10","date_gmt":"2025-12-04T23:17:10","guid":{"rendered":"https:\/\/www.europesays.com\/fi\/107950\/"},"modified":"2025-12-04T23:17:10","modified_gmt":"2025-12-04T23:17:10","slug":"op-moni-suomalainen-suuryritys-kuikuillut-ukrainan-suuntaan","status":"publish","type":"post","link":"https:\/\/www.europesays.com\/fi\/107950\/","title":{"rendered":"OP: Moni suomalainen suuryritys kuikuillut Ukrainan suuntaan"},"content":{"rendered":"<p><strong class=\"typography-bold\">Vain harva yritys on kiinnostunut Ven\u00e4j\u00e4n-mahdollisuuksista.<\/strong><\/p>\n<p>Joka kolmas suomalainen tai Suomessa toimiva suuryritys on kartoittanut liiketoimintamahdollisuuksia Ukrainassa sodan loppumisen varalta, ilmenee OP Pohjolan suuryritystutkimuksesta.<\/p>\n<p>\u2013\u2009Se, ett\u00e4 suomalaiset suuryritykset kartoittavat liiketoimintamahdollisuuksia Ukrainassa, kertoo strategisesta optimismista: yritykset valmistautuvat sodan j\u00e4lkeiseen taloudelliseen elpymiseen ja rauhan avaamiin mahdollisuuksiin, sanoo OP Yrityspankin toimitusjohtaja <strong class=\"typography-bold\">Katja Keitaanniemi<\/strong>.<\/p>\n<p><strong class=\"typography-bold\">Lue my\u00f6s: <\/strong><a class=\"underline\" data-testid=\"internal-link\" role=\"link\" data-sentry-element=\"Link\" data-sentry-component=\"InternalLink\" data-sentry-source-file=\"InternalLink.tsx\" href=\"https:\/\/www.mtvuutiset.fi\/artikkeli\/ukrainassa-jaetaan-kohta-miljardeja-missa-on-suomi-ek-vastaa-kritiikkiin\/9264996\" rel=\"nofollow noopener\" target=\"_blank\"><strong class=\"typography-bold\">Ukrainassa jaetaan kohta miljardeja, miss\u00e4 on Suomi? EK vastaa kritiikkiin<\/strong><\/a><\/p>\n<p>Ennen Ven\u00e4j\u00e4n hy\u00f6kk\u00e4yssotaa Ukrainassa toimi 35 prosenttia tutkimukseen vastanneista suuryrityksist\u00e4. 46 prosentilla oli liiketoimintaa Ven\u00e4j\u00e4ll\u00e4. Vastanneista yrityksist\u00e4 alle 10 prosenttia kertoi tutkineensa mahdollisuuksia toimia sodan j\u00e4lkeen Ven\u00e4j\u00e4ll\u00e4.<\/p>\n<p>OP:n vuosittain teht\u00e4v\u00e4\u00e4n suuryritystutkimukseen ker\u00e4ttiin vastauksia 139:st\u00e4 suuryrityksest\u00e4 syksyn aikana.<\/p>\n","protected":false},"excerpt":{"rendered":"Vain harva yritys on kiinnostunut Ven\u00e4j\u00e4n-mahdollisuuksista. Joka kolmas suomalainen tai Suomessa toimiva suuryritys on kartoittanut liiketoimintamahdollisuuksia Ukrainassa sodan&hellip;\n","protected":false},"author":2,"featured_media":107951,"comment_status":"","ping_status":"","sticky":false,"template":"","format":"standard","meta":{"footnotes":""},"categories":[76],"tags":[79,77,33,31,30,32,78],"class_list":{"0":"post-107950","1":"post","2":"type-post","3":"status-publish","4":"format-standard","5":"has-post-thumbnail","7":"category-talous","8":"tag-business","9":"tag-economy","10":"tag-fi","11":"tag-finland","12":"tag-finnish","13":"tag-suomi","14":"tag-talous"},"share_on_mastodon":{"url":"https:\/\/pubeurope.com\/@fi\/115663853871767111","error":""},"_links":{"self":[{"href":"https:\/\/www.europesays.com\/fi\/wp-json\/wp\/v2\/posts\/107950","targetHints":{"allow":["GET"]}}],"collection":[{"href":"https:\/\/www.europesays.com\/fi\/wp-json\/wp\/v2\/posts"}],"about":[{"href":"https:\/\/www.europesays.com\/fi\/wp-json\/wp\/v2\/types\/post"}],"author":[{"embeddable":true,"href":"https:\/\/www.europesays.com\/fi\/wp-json\/wp\/v2\/users\/2"}],"replies":[{"embeddable":true,"href":"https:\/\/www.europesays.com\/fi\/wp-json\/wp\/v2\/comments?post=107950"}],"version-history":[{"count":0,"href":"https:\/\/www.europesays.com\/fi\/wp-json\/wp\/v2\/posts\/107950\/revisions"}],"wp:featuredmedia":[{"embeddable":true,"href":"https:\/\/www.europesays.com\/fi\/wp-json\/wp\/v2\/media\/107951"}],"wp:attachment":[{"href":"https:\/\/www.europesays.com\/fi\/wp-json\/wp\/v2\/media?parent=107950"}],"wp:term":[{"taxonomy":"category","embeddable":true,"href":"https:\/\/www.europesays.com\/fi\/wp-json\/wp\/v2\/categories?post=107950"},{"taxonomy":"post_tag","embeddable":true,"href":"https:\/\/www.europesays.com\/fi\/wp-json\/wp\/v2\/tags?post=107950"}],"curies":[{"name":"wp","href":"https:\/\/api.w.org\/{rel}","templated":true}]}}