{"id":107957,"date":"2025-12-04T23:32:15","date_gmt":"2025-12-04T23:32:15","guid":{"rendered":"https:\/\/www.europesays.com\/fi\/107957\/"},"modified":"2025-12-04T23:32:15","modified_gmt":"2025-12-04T23:32:15","slug":"beata-leppilampi-paljastuksia-mikko-leppilammen-isyydesta","status":"publish","type":"post","link":"https:\/\/www.europesays.com\/fi\/107957\/","title":{"rendered":"Beata Leppilampi: paljastuksia Mikko Leppilammen isyydest\u00e4"},"content":{"rendered":"<p>\n            (150525) &#8212; Helsinki, May 15, 2025 \u2013 Beata Leppilampi poses for the camera during MLL &#8211; fashion show in Helsinki, Finland, 15. May 2025. (Matti Matikainen\/Aller Media)<br \/>\n            Matti Matikainen\n        <\/p>\n<p class=\"subtitle \">Beata ja Mikko Leppilammella on kaksi pient\u00e4 poikaa.<\/p>\n<p class=\"article-content article-content-width !bg-background\">Yritt\u00e4j\u00e4, taitoluisteluvalmentaja ja somevaikuttaja  lanseerasi hiljattain oman Satuni-sovelluksen.<\/p>\n<p class=\"font-weight-bold m-font-weight-bold article-content article-content-width !bg-background\">Katso video \u2013 Mikko ja Beata meniv\u00e4t naimisiin:<\/p>\n<p>Inspiroituu Mikon urasta<\/p>\n<p class=\"article-content article-content-width !bg-background\">Kyseess\u00e4 on sovellus, joka luo satuja teko\u00e4lyn avulla. <a href=\"https:\/\/www.instagram.com\/p\/DQtamgiDEOS\/\" target=\"_blank\" rel=\"nofollow noopener\">Beata kertoi 6. marraskuuta Instagram-julkaisussaan<\/a>, ett\u00e4 sovelluksessa k\u00e4ytt\u00e4j\u00e4 voi muun muassa valita tarinan p\u00e4\u00e4henkil\u00f6t ja sadun keston, mink\u00e4 j\u00e4lkeen teko\u00e4ly kirjoittaa sadun n\u00e4iden toiveiden perusteella.<\/p>\n<p class=\"article-content article-content-width !bg-background\"><a href=\"https:\/\/www.podway.fi\/podcast\/ArtX36AFprJdCXGvY6I9?gad_source=1&amp;gad_campaignid=22405362473&amp;gbraid=0AAAAA_PIgiAufbE-mh8-tW9x17h6yTd_B&amp;gclid=EAIaIQobChMIjcSEpIyhkQMVr6X9BR3zRg6KEAAYASAAEgLHqvD_BwE\" target=\"_blank\" rel=\"nofollow noopener\">Beata vieraili Suomen kukkakuningattaret -podcastissa<\/a>.<\/p>\n<p class=\"article-content article-content-width !bg-background\">Podcast-juontaja tiedustelee Beatalta, milt\u00e4 h\u00e4nest\u00e4 tuntuu rakentaa omaa br\u00e4ndi\u00e4\u00e4n, sill\u00e4 h\u00e4nen miehens\u00e4, , on yksi Suomen tunnetuimpia n\u00e4yttelij\u00f6it\u00e4 ja juontajia.\u00a0<\/p>\n<p class=\"article-content article-content-width !bg-background\">\u2013 M\u00e4 uskon, et siks just m\u00e4 uskallan tehd\u00e4 isoja asioita. Meill\u00e4 kotona m\u00e4 oon niin tottunut siihen, ett\u00e4 ollaan p\u00e4\u00e4rooleissa ja Helsinkiin rakennetaan suurta kiinteist\u00f6hanketta. Se on iso inspiraatio mulle, Beata toteaa.<\/p>\n<p>        <a itemprop=\"url\" href=\"https:\/\/www.seiska.fi\/kotimaa\/beata-leppilampi-julkisti-ilouutisen\/2004533\" rel=\"nofollow noopener\" target=\"_blank\"><\/p>\n<p>\nBeata Leppilampi\n<\/p>\n<p class=\"section-date\">\n        <strong class=\"article-section\" data-section=\"kotimaa\"><br \/>\n            kotimaa<br \/>\n        <\/strong><br \/>\n        27.11. 09:35\n    <\/p>\n<p>Beata Leppilampi julkisti ilouutisen\n    <\/p>\n<p itemprop=\"description\" class=\"subtitle \">\n    Beata ja Mikko Leppilammella on syyt\u00e4 riemuun.\n<\/p>\n<p>        <\/a><\/p>\n<p>Haluaa olla bosslady<\/p>\n<p class=\"article-content article-content-width !bg-background\">Mikolla ja Beatalla on kaksi p\u00e4iv\u00e4koti-ik\u00e4ist\u00e4 poikaa. Mikolla on my\u00f6s t\u00e4ysi-ik\u00e4inen tyt\u00e4r\u00a0entisen puolisonsa  kanssa.<\/p>\n<p class=\"article-content article-content-width !bg-background\">Podcast-juontajat tiedustelevat miten \u00e4itiys on muuttanut Beataa. H\u00e4n kertoo, ett\u00e4 yksil\u00f6kilpaurheilijana h\u00e4n laittoi aiemmin aina itsens\u00e4 etusijalle, mutta nyt h\u00e4nen t\u00e4rkein prioriteettinsa ovat lapset.<\/p>\n<p>        <a itemprop=\"url\" href=\"https:\/\/www.seiska.fi\/kotimaa\/beata-leppilammelta-ulostulo-mikosta\/1997686\" rel=\"nofollow noopener\" target=\"_blank\"><\/p>\n<p>\nBeata Leppilampi\n<\/p>\n<p class=\"section-date\">\n        <strong class=\"article-section\" data-section=\"kotimaa\"><br \/>\n            kotimaa<br \/>\n        <\/strong><br \/>\n        20.11. 08:56\n    <\/p>\n<p>Beata Leppilammelta ulostulo Mikosta\n    <\/p>\n<p itemprop=\"description\" class=\"subtitle \">\n    Beata hehkuttaa puolisoaan Mikko Leppilampea vuolaasti.\n<\/p>\n<p>        <\/a><\/p>\n<p class=\"article-content article-content-width !bg-background\">\u2013 Kaikki asiat mit\u00e4 m\u00e4 teen ni m\u00e4 mietin aina, et sit kun pojat kasvaa, niin he voisivat olla musta ylpeit\u00e4 ja ajatella, et heid\u00e4n \u00e4iti on bosslady, Beata toteaa.<\/p>\n<p>&#8221;Mies on se mies&#8221;<\/p>\n<p class=\"article-content article-content-width !bg-background\">Beata kertoo, ett\u00e4 h\u00e4nen ja Mikon arvot lapsien kasvatuksessa ovat hyvin samanlaiset.<\/p>\n<p class=\"article-content article-content-width !bg-background\">\u2013 M\u00e4 ajattelin silloin jo kun me seurusteltiin, et me ollaan tosi hyv\u00e4 pari ja hyv\u00e4 match. Sit meist\u00e4 tuli vanhempia ja m\u00e4 tajusin, et t\u00e4n takia mut on saatettu t\u00e4n ihmisen luo.<\/p>\n<p>        <a itemprop=\"url\" href=\"https:\/\/www.seiska.fi\/kotimaa\/beata-leppilampi-yllattava-aluevaltaus\/1985272\" rel=\"nofollow noopener\" target=\"_blank\"><\/p>\n<p>\nNo nyt!\n<\/p>\n<p class=\"section-date\">\n        <strong class=\"article-section\" data-section=\"kotimaa\"><br \/>\n            kotimaa<br \/>\n        <\/strong><br \/>\n        6.11. 13:59\n    <\/p>\n<p>Beata Leppilampi: Yll\u00e4tt\u00e4v\u00e4 aluevaltaus!\n    <\/p>\n<p itemprop=\"description\" class=\"subtitle \">\n    Beata on vihjaillut uudesta projektistaan, mutta t\u00e4t\u00e4 tuskin monikaan osasi arvata.\n<\/p>\n<p>        <\/a><\/p>\n<p class=\"article-content article-content-width !bg-background\">Beata jatkaa, ett\u00e4 vanhemmuus on jo itsess\u00e4\u00e4n rankkaa, joten lasten kasvatuksesta olisi vaikeaa, jos puolisoilla olisi kesken\u00e4\u00e4n erilaiset n\u00e4kemykset.<\/p>\n<p class=\"article-content article-content-width !bg-background\">\u2013 Ei oo silleen, et mulla on mulla ois kolme lasta eli mies ja kaks poikaa. Vaan se mies on se mies.<\/p>\n<p><script async src=\"\/\/www.instagram.com\/embed.js\"><\/script><\/p>\n","protected":false},"excerpt":{"rendered":"(150525) &#8212; Helsinki, May 15, 2025 \u2013 Beata Leppilampi poses for the camera during MLL &#8211; fashion show&hellip;\n","protected":false},"author":2,"featured_media":107958,"comment_status":"","ping_status":"","sticky":false,"template":"","format":"standard","meta":{"footnotes":""},"categories":[136],"tags":[3369,407,3965,137,33,31,30,408,99,4424,98,2923,32,433,3342,109],"class_list":{"0":"post-107957","1":"post","2":"type-post","3":"status-publish","4":"format-standard","5":"has-post-thumbnail","7":"category-julkkikset","8":"tag-beata-leppilampi","9":"tag-celebrities","10":"tag-emilia-vuorisalmi","11":"tag-entertainment","12":"tag-fi","13":"tag-finland","14":"tag-finnish","15":"tag-julkkikset","16":"tag-lapset","17":"tag-mikko-leppilampi","18":"tag-perhe","19":"tag-podcast","20":"tag-suomi","21":"tag-tekoaly","22":"tag-vanhemmuus","23":"tag-viihde"},"share_on_mastodon":{"url":"https:\/\/pubeurope.com\/@fi\/115663912529790008","error":""},"_links":{"self":[{"href":"https:\/\/www.europesays.com\/fi\/wp-json\/wp\/v2\/posts\/107957","targetHints":{"allow":["GET"]}}],"collection":[{"href":"https:\/\/www.europesays.com\/fi\/wp-json\/wp\/v2\/posts"}],"about":[{"href":"https:\/\/www.europesays.com\/fi\/wp-json\/wp\/v2\/types\/post"}],"author":[{"embeddable":true,"href":"https:\/\/www.europesays.com\/fi\/wp-json\/wp\/v2\/users\/2"}],"replies":[{"embeddable":true,"href":"https:\/\/www.europesays.com\/fi\/wp-json\/wp\/v2\/comments?post=107957"}],"version-history":[{"count":0,"href":"https:\/\/www.europesays.com\/fi\/wp-json\/wp\/v2\/posts\/107957\/revisions"}],"wp:featuredmedia":[{"embeddable":true,"href":"https:\/\/www.europesays.com\/fi\/wp-json\/wp\/v2\/media\/107958"}],"wp:attachment":[{"href":"https:\/\/www.europesays.com\/fi\/wp-json\/wp\/v2\/media?parent=107957"}],"wp:term":[{"taxonomy":"category","embeddable":true,"href":"https:\/\/www.europesays.com\/fi\/wp-json\/wp\/v2\/categories?post=107957"},{"taxonomy":"post_tag","embeddable":true,"href":"https:\/\/www.europesays.com\/fi\/wp-json\/wp\/v2\/tags?post=107957"}],"curies":[{"name":"wp","href":"https:\/\/api.w.org\/{rel}","templated":true}]}}