{"id":107959,"date":"2025-12-04T23:36:10","date_gmt":"2025-12-04T23:36:10","guid":{"rendered":"https:\/\/www.europesays.com\/fi\/107959\/"},"modified":"2025-12-04T23:36:10","modified_gmt":"2025-12-04T23:36:10","slug":"thrash-metal-veteraani-loysi-uuden-rumpalin-han-sopii-joukkoon-taydellisesti","status":"publish","type":"post","link":"https:\/\/www.europesays.com\/fi\/107959\/","title":{"rendered":"Thrash metal -veteraani l\u00f6ysi uuden rumpalin &#8211; &#8221;H\u00e4n sopii joukkoon t\u00e4ydellisesti&#8221;"},"content":{"rendered":"<p>Thrash metal -veteraani <strong>Sacred Reich<\/strong> tiedottaa vakinaistaneensa b\u00e4ndin viimeisimm\u00e4ll\u00e4 Euroopan-kiertueella rumpupallilla istuneen <strong>Eduardo Baldon<\/strong> pestin.<\/p>\n<p>\u201dHaluamme nyt virallisesti toivottaa uuden rumpalimme Eduardo Baldon tervetulleeksi b\u00e4ndiin! Baldo soitti murskaavasti viimeisimm\u00e4ll\u00e4 kiertueellamme. H\u00e4n sopii joukkoon t\u00e4ydellisesti ja on mahtava tyyppi. Odotamme innolla, miten jatkamme t\u00e4st\u00e4 eteenp\u00e4in Baldon tyylin, innokkuuden ja voiman kanssa\u201d, yhtye tiedottaa.<\/p>\n<p>Baldo otettiin marraskuiselle kiertueelle <a href=\"https:\/\/www.inferno.fi\/uutiset\/sacred-reich-tiedottaa-kokoonpanomuutoksesta-seka-uudesta-levysta\/\" target=\"_blank\" rel=\"noreferrer noopener nofollow\">b\u00e4ndist\u00e4 sivuun astuneen<\/a> <strong>Dave McClainin<\/strong> tilalle. McClain vaikutti yhtyeess\u00e4 jo 90-luvulla, mutta l\u00e4hti liitty\u00e4kseen <strong>Machine Headin<\/strong> riveihin. H\u00e4n palasi Sacred Reichiin taas 2018.<\/p>\n<p>Sacred Reich ty\u00f6st\u00e4\u00e4 parhaillaan uutta pitk\u00e4soittoa.<\/p>\n","protected":false},"excerpt":{"rendered":"Thrash metal -veteraani Sacred Reich tiedottaa vakinaistaneensa b\u00e4ndin viimeisimm\u00e4ll\u00e4 Euroopan-kiertueella rumpupallilla istuneen Eduardo Baldon pestin. \u201dHaluamme nyt virallisesti&hellip;\n","protected":false},"author":2,"featured_media":107960,"comment_status":"","ping_status":"","sticky":false,"template":"","format":"standard","meta":{"footnotes":""},"categories":[132],"tags":[137,33,31,30,6128,195,47,32,20260,20261,109],"class_list":{"0":"post-107959","1":"post","2":"type-post","3":"status-publish","4":"format-standard","5":"has-post-thumbnail","7":"category-musiikki","8":"tag-entertainment","9":"tag-fi","10":"tag-finland","11":"tag-finnish","12":"tag-kokoonpanomuutos","13":"tag-music","14":"tag-musiikki","15":"tag-suomi","16":"tag-uusi-jasen","17":"tag-uusi-rumpali","18":"tag-viihde"},"share_on_mastodon":{"url":"https:\/\/pubeurope.com\/@fi\/115663928189256005","error":""},"_links":{"self":[{"href":"https:\/\/www.europesays.com\/fi\/wp-json\/wp\/v2\/posts\/107959","targetHints":{"allow":["GET"]}}],"collection":[{"href":"https:\/\/www.europesays.com\/fi\/wp-json\/wp\/v2\/posts"}],"about":[{"href":"https:\/\/www.europesays.com\/fi\/wp-json\/wp\/v2\/types\/post"}],"author":[{"embeddable":true,"href":"https:\/\/www.europesays.com\/fi\/wp-json\/wp\/v2\/users\/2"}],"replies":[{"embeddable":true,"href":"https:\/\/www.europesays.com\/fi\/wp-json\/wp\/v2\/comments?post=107959"}],"version-history":[{"count":0,"href":"https:\/\/www.europesays.com\/fi\/wp-json\/wp\/v2\/posts\/107959\/revisions"}],"wp:featuredmedia":[{"embeddable":true,"href":"https:\/\/www.europesays.com\/fi\/wp-json\/wp\/v2\/media\/107960"}],"wp:attachment":[{"href":"https:\/\/www.europesays.com\/fi\/wp-json\/wp\/v2\/media?parent=107959"}],"wp:term":[{"taxonomy":"category","embeddable":true,"href":"https:\/\/www.europesays.com\/fi\/wp-json\/wp\/v2\/categories?post=107959"},{"taxonomy":"post_tag","embeddable":true,"href":"https:\/\/www.europesays.com\/fi\/wp-json\/wp\/v2\/tags?post=107959"}],"curies":[{"name":"wp","href":"https:\/\/api.w.org\/{rel}","templated":true}]}}