{"id":107961,"date":"2025-12-04T23:39:12","date_gmt":"2025-12-04T23:39:12","guid":{"rendered":"https:\/\/www.europesays.com\/fi\/107961\/"},"modified":"2025-12-04T23:39:12","modified_gmt":"2025-12-04T23:39:12","slug":"anastasia-potapova-hylkasi-venajan","status":"publish","type":"post","link":"https:\/\/www.europesays.com\/fi\/107961\/","title":{"rendered":"Anastasia Potapova hylk\u00e4si Ven\u00e4j\u00e4n"},"content":{"rendered":"<p>Ven\u00e4l\u00e4iset tuhahtelivat p\u00e4\u00e4t\u00f6kselle.<\/p>\n<p><img decoding=\"async\" class=\"image image-show image-preview\" src=\"https:\/\/www.europesays.com\/fi\/wp-content\/uploads\/2025\/12\/f02c6645f5f3d693235af22625e2b4f61796e28a8b2570c9bd0a790da34f5bfe.jpg\" alt=\"\"\/><img decoding=\"async\" class=\"image image-show\" src=\"https:\/\/www.europesays.com\/fi\/wp-content\/uploads\/2025\/12\/1764891552_89_f02c6645f5f3d693235af22625e2b4f61796e28a8b2570c9bd0a790da34f5bfe.jpg\" alt=\"\"\/><\/p>\n<p>Anastasia Potapova ei aio en\u00e4\u00e4 edustaa Ven\u00e4j\u00e4\u00e4. Zumawire \/ MVPHOTOS<\/p>\n<p class=\"paragraph\">Tennispelaaja <strong>Anastasia Potapova<\/strong>, 24, ilmoitti kilpailevansa jatkossa \u201duuden kotimaansa\u201d It\u00e4vallan lipun alla.<\/p>\n<p class=\"paragraph\">Potapova tiedotti, ett\u00e4 h\u00e4nen kansalaisuushakemuksensa It\u00e4vallassa on hyv\u00e4ksytty. Potapova on syntynyt Ven\u00e4j\u00e4ll\u00e4 ja on edustanut t\u00e4h\u00e4n asti Ven\u00e4j\u00e4\u00e4.<\/p>\n<p class=\"paragraph\">\u2013\u2009It\u00e4valta on paikka, jota rakastan. Se on uskomattoman vieraanvarainen ja paikka, jossa tunnen t\u00e4ysin olevani kotona. Rakastan olla Wieniss\u00e4 ja odotan kovasti, ett\u00e4 p\u00e4\u00e4sen tekem\u00e4\u00e4n toisen kotini sinne, Potapova kirjoitti.<\/p>\n<p class=\"paragraph\">Ven\u00e4j\u00e4ll\u00e4 meni Potapovan p\u00e4\u00e4t\u00f6ksest\u00e4 kuppi nurin.<\/p>\n<p class=\"paragraph\">\u2013\u2009En nauti t\u00e4m\u00e4n uutisen kommentoimisesta. Pit\u00e4isik\u00f6 minulla olla t\u00e4st\u00e4 joku mielipide? Ven\u00e4j\u00e4n tennisliiton varapuheenjohtaja <strong>Jevgeni Kafelnikov<\/strong> sanoi.<\/p>\n<p class=\"paragraph\">\u2013\u2009Oliko h\u00e4n vahva urheilija? Mit\u00e4 h\u00e4n on koskaan voittanut Ven\u00e4j\u00e4lle? Kafelnikov vaahtosi ja ilmoitti, ett\u00e4 Potapovan l\u00e4ht\u00f6 on hyv\u00e4 asia eik\u00e4 naista tule ik\u00e4v\u00e4.<\/p>\n<p class=\"paragraph\">\u2013\u2009Onko Potapova joku erityinen ihminen? H\u00e4n teki mit\u00e4 teki, Ven\u00e4j\u00e4n kiekkolegenda ja nykyinen poliitikko <strong>Vjat\u0161eslav Fetisov<\/strong> sanoi.<\/p>\n<p class=\"paragraph\">Potapova voitti Wimbledonin tytt\u00f6jen turnauksen vuonna 2016. T\u00e4ll\u00e4 hetkell\u00e4 Potapova on maailmanrankingissa sijalla 51.<\/p>\n<p>Potapovan p\u00e4\u00e4t\u00f6st\u00e4 ei suuremmin Ven\u00e4j\u00e4ll\u00e4 kiitelty. EPA \/ AOP<\/p>\n<p class=\"paragraph\">Potapova seurustelee hollantilaisen tennisammattilaisen <strong>Tallon Griekspoorin<\/strong> kanssa. Pari oli aivan vastik\u00e4\u00e4n Ven\u00e4j\u00e4ll\u00e4 n\u00e4yt\u00f6sturnauksessa, vaikka Hollannin ulkoministeri\u00f6 kehotti julkisesti Griekspooria j\u00e4tt\u00e4ytym\u00e4\u00e4n Ven\u00e4j\u00e4n-matkalta pois ja harkitsemaan reissun moraalisia puolia.<\/p>\n<p class=\"paragraph\">Turnauksen aikana Potapova antoi haastatteluja mutta ei vihjaillut It\u00e4vallan lipun alle vaihtamisesta.<\/p>\n<p class=\"paragraph\">Sen sijaan Potapova ilmoitti pyrkiv\u00e4ns\u00e4 maailman 20 parhaan pelaajan joukkoon ja vaihtavansa koko taustajoukkonsa.<\/p>\n","protected":false},"excerpt":{"rendered":"Ven\u00e4l\u00e4iset tuhahtelivat p\u00e4\u00e4t\u00f6kselle. Anastasia Potapova ei aio en\u00e4\u00e4 edustaa Ven\u00e4j\u00e4\u00e4. Zumawire \/ MVPHOTOS Tennispelaaja Anastasia Potapova, 24, ilmoitti&hellip;\n","protected":false},"author":2,"featured_media":107962,"comment_status":"","ping_status":"","sticky":false,"template":"","format":"standard","meta":{"footnotes":""},"categories":[158],"tags":[35,33,31,30,41,2883,637,159,32,160,2957,161],"class_list":{"0":"post-107961","1":"post","2":"type-post","3":"status-publish","4":"format-standard","5":"has-post-thumbnail","7":"category-urheilu","8":"tag-24h","9":"tag-fi","10":"tag-finland","11":"tag-finnish","12":"tag-liikunta-ja-urheilu","13":"tag-maailmancupit-ja-maailmanmestaruuskilpailut","14":"tag-politiikka","15":"tag-sports","16":"tag-suomi","17":"tag-urheilu","18":"tag-urheilujarjestot","19":"tag-urheilutapahtumat"},"share_on_mastodon":{"url":"https:\/\/pubeurope.com\/@fi\/115663940375175118","error":""},"_links":{"self":[{"href":"https:\/\/www.europesays.com\/fi\/wp-json\/wp\/v2\/posts\/107961","targetHints":{"allow":["GET"]}}],"collection":[{"href":"https:\/\/www.europesays.com\/fi\/wp-json\/wp\/v2\/posts"}],"about":[{"href":"https:\/\/www.europesays.com\/fi\/wp-json\/wp\/v2\/types\/post"}],"author":[{"embeddable":true,"href":"https:\/\/www.europesays.com\/fi\/wp-json\/wp\/v2\/users\/2"}],"replies":[{"embeddable":true,"href":"https:\/\/www.europesays.com\/fi\/wp-json\/wp\/v2\/comments?post=107961"}],"version-history":[{"count":0,"href":"https:\/\/www.europesays.com\/fi\/wp-json\/wp\/v2\/posts\/107961\/revisions"}],"wp:featuredmedia":[{"embeddable":true,"href":"https:\/\/www.europesays.com\/fi\/wp-json\/wp\/v2\/media\/107962"}],"wp:attachment":[{"href":"https:\/\/www.europesays.com\/fi\/wp-json\/wp\/v2\/media?parent=107961"}],"wp:term":[{"taxonomy":"category","embeddable":true,"href":"https:\/\/www.europesays.com\/fi\/wp-json\/wp\/v2\/categories?post=107961"},{"taxonomy":"post_tag","embeddable":true,"href":"https:\/\/www.europesays.com\/fi\/wp-json\/wp\/v2\/tags?post=107961"}],"curies":[{"name":"wp","href":"https:\/\/api.w.org\/{rel}","templated":true}]}}