{"id":107967,"date":"2025-12-04T23:44:10","date_gmt":"2025-12-04T23:44:10","guid":{"rendered":"https:\/\/www.europesays.com\/fi\/107967\/"},"modified":"2025-12-04T23:44:10","modified_gmt":"2025-12-04T23:44:10","slug":"nyt-haastaa-pentagonin-oikeuteen-perustuslain-rikkomisesta","status":"publish","type":"post","link":"https:\/\/www.europesays.com\/fi\/107967\/","title":{"rendered":"NYT haastaa Pentagonin oikeuteen perustuslain rikkomisesta"},"content":{"rendered":"<p>Puolustusministeri\u00f6n lokakuussa voimaan astunut k\u00e4yt\u00e4nt\u00f6 kielt\u00e4\u00e4 toimittajia ker\u00e4\u00e4m\u00e4st\u00e4 tai k\u00e4ytt\u00e4m\u00e4st\u00e4 tietoja, joita Pentagon ei ole virallisesti hyv\u00e4ksynyt julkaistavaksi.<\/p>\n<p><img decoding=\"async\" class=\"image image-show image-preview\" src=\"https:\/\/www.europesays.com\/fi\/wp-content\/uploads\/2025\/12\/6d7b5c1a5a3f51f58c11cc85466628695eb11e7ceec09a0d009ad09b0165aaa7.jpg\" alt=\"\"\/><img decoding=\"async\" class=\"image image-show\" src=\"https:\/\/www.europesays.com\/fi\/wp-content\/uploads\/2025\/12\/1764891850_666_6d7b5c1a5a3f51f58c11cc85466628695eb11e7ceec09a0d009ad09b0165aaa7.jpg\" alt=\"\"\/><\/p>\n<p>Yhdysvaltain presidentti Donald Trump nousi seisomaan poistuakseen hallintonsa kokouksesta 2. joulukuuta 2025. Puolustusministeri Pete Hegseth istuu Trumpista seuraavana h\u00e4nen oikealla puolellaan. YURI GRIPAS \/ POOL, AOP<\/p>\n<p class=\"paragraph\">Yhdysvaltalainen sanomalehti <a href=\"https:\/\/www.nytimes.com\/2025\/12\/04\/business\/media\/new-york-times-pentagon-lawsuit.html\" target=\"_blank\" rel=\"noopener nofollow\">The New York Times<\/a> kertoo haastavansa Pentagonin, toisin sanoen maan puolustusministeri\u00f6n, oikeuteen.<\/p>\n<p class=\"paragraph\">New York Times esitt\u00e4\u00e4 kanteessaan, ett\u00e4 puolustusministeri\u00f6n uusi k\u00e4yt\u00e4nt\u00f6 rikkoo perustuslain ensimm\u00e4ist\u00e4 lis\u00e4yst\u00e4. Syyskuussa Yhdysvaltain puolustusministeri\u00f6 ilmoitti, ett\u00e4 sen hallintorakennuksessa Pentagonissa ty\u00f6skentelev\u00e4t toimittajat eiv\u00e4t saa ker\u00e4t\u00e4 tai k\u00e4ytt\u00e4\u00e4 tietoja, joita Pentagon ei ole virallisesti hyv\u00e4ksynyt julkaistavaksi.<\/p>\n<p class=\"paragraph\">Ensimm\u00e4isen lis\u00e4yksen teht\u00e4v\u00e4 on suojella kansalaisten sananvapautta, uskonnonvapautta, lehdist\u00f6nvapautta ja kokoontumisen vapautta. Ensimm\u00e4inen lis\u00e4ys my\u00f6s kielt\u00e4\u00e4 Yhdysvaltain kongressia s\u00e4\u00e4t\u00e4m\u00e4st\u00e4 lakeja, jotka rajoittaisivat tai kielt\u00e4isiv\u00e4t n\u00e4m\u00e4 perusoikeudet. Ensimm\u00e4iseen lis\u00e4ykseen sis\u00e4ltyy my\u00f6s kansalaisten oikeus esitt\u00e4\u00e4 Yhdysvaltain hallitukselle valituksia.<\/p>\n<p class=\"paragraph\">Ainakin 30 uutismediaa kielt\u00e4ytyi syyskuussa hyv\u00e4ksym\u00e4st\u00e4 Pentagonin rajoituksia. Yhdysvaltain Kansallinen lehdist\u00f6klubi piti Pentagonin linjausta yksiselitteisesti hy\u00f6kk\u00e4yksen\u00e4 riippumatonta journalismia vastaan.<\/p>\n<p>\u201dOdotamme innolla\u201d<\/p>\n<p class=\"paragraph\">Torstaiaamuna Washington DC:ss\u00e4 liittovaltion tuomioistuimessa nostetussa kanteessa vastaajiksi on nimetty puolustusministeri\u00f6, puolustusministeri <a href=\"https:\/\/www.iltalehti.fi\/henkilot\/Pete Hegseth\" class=\"article-link-person-page\" rel=\"nofollow noopener\" target=\"_blank\">Pete Hegseth<\/a> ja Pentagonin p\u00e4\u00e4tiedottaja <a href=\"https:\/\/www.iltalehti.fi\/henkilot\/Sean Parnell\" class=\"article-link-person-page\" rel=\"nofollow noopener\" target=\"_blank\">Sean Parnell<\/a>.<\/p>\n<p class=\"paragraph\">Parnell kommentoi New York Timesin kannetta tiedotteessa.<\/p>\n<p class=\"paragraph\">\u2013 Olemme tietoisia New York Timesin oikeusjutusta ja odotamme innolla n\u00e4iden v\u00e4itteiden k\u00e4sittely\u00e4 oikeudessa, Parnell totesi.<\/p>\n<p class=\"paragraph\">Lokakuussa voimaan tulleet s\u00e4\u00e4nn\u00f6t poikkeavat New York Timesin mukaan jyrk\u00e4sti aiemmista. Ne edellytt\u00e4v\u00e4t toimittajilta 21-sivuisen lomakkeen allekirjoittamista, joka asettaa rajoituksia journalistiselle toiminnalle.<\/p>\n<p class=\"paragraph\">Lomakkeen allekirjoittaessaan toimittaja sitoutuisi rajoituksiin esimerkiksi juttuvihjeiden  hankkimisesta ja oikeuksista esitt\u00e4\u00e4 tietopyynt\u00f6j\u00e4 Pentagonin l\u00e4hteille. Uusia s\u00e4\u00e4nt\u00f6j\u00e4 rikkovat toimittajat voivat menett\u00e4\u00e4 lehdist\u00f6passinsa.<\/p>\n<p class=\"paragraph\">Pentagon on New York Timesin kanteen mukaan my\u00f6nt\u00e4nyt itselleen rajattoman harkintavallan valvoa toimittajia koskevan k\u00e4yt\u00e4nn\u00f6n toteutumista \u201dparhaaksi katsomallaan tavalla\u201d.<\/p>\n<p>\u201dKontrollointia\u201d<\/p>\n<p class=\"paragraph\">Lokakuussa kymmenet Pentagonissa ty\u00f6skentelevist\u00e4 toimittajista luovuttivat lehdist\u00f6passinsa sen sijaan, ett\u00e4 olisivat allekirjoittaneet puolustusministeri Pete Hegsethin laatimat s\u00e4\u00e4nn\u00f6t. The New York Timesin lis\u00e4ksi muun muassa NBC Newsin ja Fox Newsin toimittajat <a href=\"https:\/\/www.nytimes.com\/interactive\/2025\/10\/15\/business\/media\/pentagon-press-rules.html\" target=\"_blank\" rel=\"noopener nofollow\">kielt\u00e4ytyiv\u00e4t<\/a> allekirjoittamasta Hegsethin s\u00e4\u00e4nt\u00f6j\u00e4.<\/p>\n<p class=\"paragraph\">The New York Timesin tiedottaja <strong>Charlie Stadtlander<\/strong> kommentoi kannetta.<\/p>\n<p class=\"paragraph\">\u2013 Uusi k\u00e4yt\u00e4nt\u00f6 on pyrkimys kontrolloida raportointia hallituksen ep\u00e4mieluisista toimista. Se on vastoin vapaan lehdist\u00f6n perustuslain ensimm\u00e4isen ja viidennen lis\u00e4yksen suojaamaa oikeutta, Stadtlander sanoi.<\/p>\n<p class=\"paragraph\">\u2013 Times aikoo puolustaa voimakkaasti n\u00e4it\u00e4 oikeuksia loukkaavia toimia, aivan kuten olemme jo pitk\u00e4\u00e4n tehneet hallintojen ajan, jotka vastustavat valvontaa ja vastuuvelvollisuutta, h\u00e4n lis\u00e4si.<\/p>\n<p class=\"paragraph\">Presidentti <a href=\"https:\/\/www.iltalehti.fi\/henkilot\/Donald Trump\" class=\"article-link-person-page\" rel=\"nofollow noopener\" target=\"_blank\">Donald Trumpin<\/a> hallinto on virkakaudellaan tehnyt muitakin lehdist\u00f6\u00e4 ja sen toimintaa rajoittavia p\u00e4\u00e4t\u00f6ksi\u00e4. Viimeksi Valkoinen talo ilmoitti lokakuun 31. p\u00e4iv\u00e4 rajoittavansa lehdist\u00f6n p\u00e4\u00e4sy\u00e4 Valkoisen talon viestint\u00e4osastolle. Aiemmin toimittajat p\u00e4\u00e4siv\u00e4t tilaan lyhyell\u00e4kin varoitusajalla.<\/p>\n<p>The New York Timesin kanteen mukaan puolustusministeri\u00f6n linjaus rikkoo Yhdysvaltain perustuslain ensimm\u00e4ist\u00e4 lis\u00e4yst\u00e4. Jimin Kim\/SOPA Images\/Shutterstock, AOP<\/p>\n","protected":false},"excerpt":{"rendered":"Puolustusministeri\u00f6n lokakuussa voimaan astunut k\u00e4yt\u00e4nt\u00f6 kielt\u00e4\u00e4 toimittajia ker\u00e4\u00e4m\u00e4st\u00e4 tai k\u00e4ytt\u00e4m\u00e4st\u00e4 tietoja, joita Pentagon ei ole virallisesti hyv\u00e4ksynyt julkaistavaksi.&hellip;\n","protected":false},"author":2,"featured_media":107968,"comment_status":"","ping_status":"","sticky":false,"template":"","format":"standard","meta":{"footnotes":""},"categories":[14],"tags":[35,22,23,26,27,33,31,30,17,24,25,28,29,15,18,21,142,637,144,32,19,20,56,16,638,59,60,61,143],"class_list":{"0":"post-107967","1":"post","2":"type-post","3":"status-publish","4":"format-standard","5":"has-post-thumbnail","7":"category-ulkomaat","8":"tag-24h","9":"tag-breaking-news","10":"tag-breakingnews","11":"tag-featured-news","12":"tag-featurednews","13":"tag-fi","14":"tag-finland","15":"tag-finnish","16":"tag-headlines","17":"tag-latest-news","18":"tag-latestnews","19":"tag-main-news","20":"tag-mainnews","21":"tag-news","22":"tag-otsikot","23":"tag-paauutiset","24":"tag-poliitikot","25":"tag-politiikka","26":"tag-presidentti","27":"tag-suomi","28":"tag-top-stories","29":"tag-topstories","30":"tag-ulkomaat","31":"tag-uutiset","32":"tag-valtiovalta","33":"tag-world","34":"tag-world-news","35":"tag-worldnews","36":"tag-yhdysvaltain-politiikka"},"share_on_mastodon":{"url":"https:\/\/pubeurope.com\/@fi\/115663959954505596","error":""},"_links":{"self":[{"href":"https:\/\/www.europesays.com\/fi\/wp-json\/wp\/v2\/posts\/107967","targetHints":{"allow":["GET"]}}],"collection":[{"href":"https:\/\/www.europesays.com\/fi\/wp-json\/wp\/v2\/posts"}],"about":[{"href":"https:\/\/www.europesays.com\/fi\/wp-json\/wp\/v2\/types\/post"}],"author":[{"embeddable":true,"href":"https:\/\/www.europesays.com\/fi\/wp-json\/wp\/v2\/users\/2"}],"replies":[{"embeddable":true,"href":"https:\/\/www.europesays.com\/fi\/wp-json\/wp\/v2\/comments?post=107967"}],"version-history":[{"count":0,"href":"https:\/\/www.europesays.com\/fi\/wp-json\/wp\/v2\/posts\/107967\/revisions"}],"wp:featuredmedia":[{"embeddable":true,"href":"https:\/\/www.europesays.com\/fi\/wp-json\/wp\/v2\/media\/107968"}],"wp:attachment":[{"href":"https:\/\/www.europesays.com\/fi\/wp-json\/wp\/v2\/media?parent=107967"}],"wp:term":[{"taxonomy":"category","embeddable":true,"href":"https:\/\/www.europesays.com\/fi\/wp-json\/wp\/v2\/categories?post=107967"},{"taxonomy":"post_tag","embeddable":true,"href":"https:\/\/www.europesays.com\/fi\/wp-json\/wp\/v2\/tags?post=107967"}],"curies":[{"name":"wp","href":"https:\/\/api.w.org\/{rel}","templated":true}]}}