{"id":107975,"date":"2025-12-05T00:05:11","date_gmt":"2025-12-05T00:05:11","guid":{"rendered":"https:\/\/www.europesays.com\/fi\/107975\/"},"modified":"2025-12-05T00:05:11","modified_gmt":"2025-12-05T00:05:11","slug":"sjkn-kasper-paananen-vuoden-liigapelaaja-myos-pelipaikkojen-parhaat-palkittiin-uutiset","status":"publish","type":"post","link":"https:\/\/www.europesays.com\/fi\/107975\/","title":{"rendered":"SJK:n Kasper Paananen Vuoden Liigapelaaja &#8211; my\u00f6s pelipaikkojen parhaat palkittiin | Uutiset"},"content":{"rendered":"<p>Vuoden Liigapelaajan titteliin vei nimiins\u00e4 SJK:n Kasper Paananen ja Liigatulokkaana palkittiin FC Interin Loic Essomba. Samalla palkittiin my\u00f6s vuoden parhaat pelipaikkakohtaisesti.<\/p>\n<p>Kaikki vuoden pelaajavalinnat perustuvat Jalkapallon Pelaajayhdistyksen \u00e4\u00e4nestykseen eli valinnat ovat pelaajien itsens\u00e4 tekemi\u00e4.<\/p>\n<p>Vuoden Liigapelaaja: <strong>Kasper Paananen, SJK<\/strong><br \/>Vuoden tulokas:<strong> <\/strong><strong>Lo\u00efc Essomba<\/strong><strong>, FC inter<\/strong><\/p>\n<p>Parhaat pelaajat pelipaikkakohtaisesti:<\/p>\n<p>Valmentaja: <strong>Jarkko Wiss, KuPS<\/strong><br \/>Hy\u00f6kk\u00e4\u00e4j\u00e4: <strong>Kasper Paananen, SJK<\/strong><br \/>Keskikentt\u00e4: <strong>Alexander Ring, HJK<\/strong><br \/>Puolustaja:<strong> Ibrahim <\/strong><strong>Cisse<\/strong><strong>, KuPS<\/strong><br \/>Maalivahti: <strong>Eetu Huuhtanen, FC Inter<\/strong><\/p>\n","protected":false},"excerpt":{"rendered":"Vuoden Liigapelaajan titteliin vei nimiins\u00e4 SJK:n Kasper Paananen ja Liigatulokkaana palkittiin FC Interin Loic Essomba. Samalla palkittiin my\u00f6s&hellip;\n","protected":false},"author":2,"featured_media":107976,"comment_status":"","ping_status":"","sticky":false,"template":"","format":"standard","meta":{"footnotes":""},"categories":[158],"tags":[33,31,30,159,32,160],"class_list":{"0":"post-107975","1":"post","2":"type-post","3":"status-publish","4":"format-standard","5":"has-post-thumbnail","7":"category-urheilu","8":"tag-fi","9":"tag-finland","10":"tag-finnish","11":"tag-sports","12":"tag-suomi","13":"tag-urheilu"},"share_on_mastodon":{"url":"https:\/\/pubeurope.com\/@fi\/115664042456099623","error":""},"_links":{"self":[{"href":"https:\/\/www.europesays.com\/fi\/wp-json\/wp\/v2\/posts\/107975","targetHints":{"allow":["GET"]}}],"collection":[{"href":"https:\/\/www.europesays.com\/fi\/wp-json\/wp\/v2\/posts"}],"about":[{"href":"https:\/\/www.europesays.com\/fi\/wp-json\/wp\/v2\/types\/post"}],"author":[{"embeddable":true,"href":"https:\/\/www.europesays.com\/fi\/wp-json\/wp\/v2\/users\/2"}],"replies":[{"embeddable":true,"href":"https:\/\/www.europesays.com\/fi\/wp-json\/wp\/v2\/comments?post=107975"}],"version-history":[{"count":0,"href":"https:\/\/www.europesays.com\/fi\/wp-json\/wp\/v2\/posts\/107975\/revisions"}],"wp:featuredmedia":[{"embeddable":true,"href":"https:\/\/www.europesays.com\/fi\/wp-json\/wp\/v2\/media\/107976"}],"wp:attachment":[{"href":"https:\/\/www.europesays.com\/fi\/wp-json\/wp\/v2\/media?parent=107975"}],"wp:term":[{"taxonomy":"category","embeddable":true,"href":"https:\/\/www.europesays.com\/fi\/wp-json\/wp\/v2\/categories?post=107975"},{"taxonomy":"post_tag","embeddable":true,"href":"https:\/\/www.europesays.com\/fi\/wp-json\/wp\/v2\/tags?post=107975"}],"curies":[{"name":"wp","href":"https:\/\/api.w.org\/{rel}","templated":true}]}}