{"id":107981,"date":"2025-12-05T00:10:08","date_gmt":"2025-12-05T00:10:08","guid":{"rendered":"https:\/\/www.europesays.com\/fi\/107981\/"},"modified":"2025-12-05T00:10:08","modified_gmt":"2025-12-05T00:10:08","slug":"tutkinta-putin-moraalisessa-vastuussa-brittinaisen-novitsok-kuolemasta","status":"publish","type":"post","link":"https:\/\/www.europesays.com\/fi\/107981\/","title":{"rendered":"Tutkinta: Putin \u201dmoraalisessa vastuussa\u201d brittinaisen novit\u0161ok-kuolemasta"},"content":{"rendered":"<p>\t\t\t\t\t\t\t\t\tIso-Britannia<\/p>\n<p>Britanniassa torstaina julkaistun raportin mukaan Ven\u00e4j\u00e4n presidentti <strong>Vladimir Putin<\/strong> on \u201dmoraalisesti vastuussa\u201d brittil\u00e4isen <strong>Dawn Sturgessin<\/strong> kuolemasta hermomyrkky novit\u0161okiin kes\u00e4kuussa 2018. Asiasta uutisoi muun muassa <a href=\"https:\/\/www.theguardian.com\/uk-news\/2025\/dec\/04\/putin-morally-responsible-dawn-sturgess-novichok-death-inquiry\" rel=\"nofollow noopener\" target=\"_blank\">Guardian<\/a>.<\/p>\n<p>Sturgess kuoli ruiskutettuaan itsens\u00e4 p\u00e4\u00e4lle hermomyrkky\u00e4, jonka ven\u00e4l\u00e4iset agentit olivat salakuljettaneet Isoon-Britanniaan entisen vakoojan <strong>Sergei Skripalin<\/strong> salamurhaamiseksi. Ven\u00e4l\u00e4ismiehet olivat j\u00e4tt\u00e4neet novit\u0161okia sis\u00e4lt\u00e4neen pullon Salisburyyn salamurhayrityksen ep\u00e4onnistuttua maaliskuussa 2018.<\/p>\n<p>Tutkintakomitean puheenjohtajan <strong>Anthony Hughesin <\/strong>mukaan <strong>Alexander Petrov<\/strong>,<strong> Ruslan Boshirov<\/strong> ja<strong> Sergey Fedotov<\/strong> (kaikki salanimi\u00e4) olivat Ven\u00e4j\u00e4n sotilastiedustelupalvelun GRU:n operatiiviseen ryhm\u00e4\u00e4n kuuluneita tiedustelu-upseereja.<\/p>\n<p>\u2013 Olen varma, ett\u00e4 suorittaessaan hy\u00f6kk\u00e4yksens\u00e4 Sergei Skripalia vastaan he toimivat ohjeiden mukaan. Olen p\u00e4\u00e4tynyt siihen, ett\u00e4 Sergei Skripalin salamurhaamiseen t\u00e4ht\u00e4\u00e4v\u00e4n operaation on t\u00e4ytynyt olla valtuutettu korkeimmalla tasolla, presidentti Putinin toimesta, Hughes sanoi raporttia esitelless\u00e4\u00e4n.<\/p>\n<p>H\u00e4nen mukaansa todisteet siit\u00e4, ett\u00e4 salamurhayrityksen takana oli Ven\u00e4j\u00e4n valtio, ovat \u201dylivoimaisia\u201d. <\/p>\n<p>Hughesin mukaan \u201dkaikki salamurhayritykseen osallistuneet (eiv\u00e4t vain Petrov, Boshirov ja Fedotov, vaan my\u00f6s heid\u00e4t l\u00e4hett\u00e4neet ja kaikki muut valtuutuksen antaneet tai tietoisesti heit\u00e4 avustaneet Ven\u00e4j\u00e4ll\u00e4 tai muualla) olivat moraalisesti vastuussa Dawn Sturgessin kuolemasta\u201d.<\/p>\n<p>\u2013 Eritt\u00e4in myrkyllisen hermomyrkyn k\u00e4ytt\u00f6\u00f6notto vilkkaassa kaupungissa oli h\u00e4mm\u00e4stytt\u00e4v\u00e4n piittaamaton teko. Riski siit\u00e4, ett\u00e4 muutkin kuin aiottu kohde saattavat kuolla tai loukkaantua, oli t\u00e4ysin ennakoitavissa. Riski\u00e4 lis\u00e4ttiin dramaattisesti j\u00e4tt\u00e4m\u00e4ll\u00e4 kaupunkiin hajuvedeksi naamioitu novit\u0161ok-pullo, Hughes jatkoi.<\/p>\n<p>Skripal ja h\u00e4nen tytt\u00e4rens\u00e4 <strong>Yulia Skripal<\/strong> myrkytettiin novit\u0161okilla 4. maaliskuuta 2018 Skripalin kodissa Salisburyss\u00e4, jonne h\u00e4net oli asutettu vakoojavaihdon j\u00e4lkeen. Novit\u0161okia oli hierottu Skripalin ovenkahvaan. Skripalit sairastuivat vakavasti, mutta selvisiv\u00e4t.<\/p>\n<p>44-vuotias Sturgess kuoli ruiskutettuaan valehajuvesipullossa s\u00e4ilytetty\u00e4 novit\u0161okia itsens\u00e4 p\u00e4\u00e4lle poikayst\u00e4v\u00e4ns\u00e4 <strong>Charlie Rowleyn<\/strong> kotona Amesburyss\u00e4 Salisburyn pohjoispuolella 30. kes\u00e4kuuta 2018.<\/p>\n<p>\u2013 On t\u00e4ysin selv\u00e4\u00e4, ett\u00e4 h\u00e4nen tilansa oli itse asiassa ylitsep\u00e4\u00e4sem\u00e4t\u00f6n jo hyvin varhaisessa vaiheessa \u2013 ennen kuin ambulanssihenkil\u00f6st\u00f6 saapui hoitamaan h\u00e4nt\u00e4. T\u00e4m\u00e4 johtui eritt\u00e4in vakavasta aivovauriosta, joka itsess\u00e4\u00e4n oli seuraus siit\u00e4, ett\u00e4 h\u00e4nen syd\u00e4mens\u00e4 pys\u00e4htyi pitk\u00e4ksi ajaksi, noin 30 minuutiksi, v\u00e4litt\u00f6m\u00e4sti myrkytyksen seurauksena, Hughes totesi.<\/p>\n","protected":false},"excerpt":{"rendered":"Iso-Britannia Britanniassa torstaina julkaistun raportin mukaan Ven\u00e4j\u00e4n presidentti Vladimir Putin on \u201dmoraalisesti vastuussa\u201d brittil\u00e4isen Dawn Sturgessin kuolemasta hermomyrkky&hellip;\n","protected":false},"author":2,"featured_media":107982,"comment_status":"","ping_status":"","sticky":false,"template":"","format":"standard","meta":{"footnotes":""},"categories":[14],"tags":[22,23,26,27,33,31,30,17,24,25,28,29,15,18,21,32,19,20,56,16,59,60,61],"class_list":{"0":"post-107981","1":"post","2":"type-post","3":"status-publish","4":"format-standard","5":"has-post-thumbnail","7":"category-ulkomaat","8":"tag-breaking-news","9":"tag-breakingnews","10":"tag-featured-news","11":"tag-featurednews","12":"tag-fi","13":"tag-finland","14":"tag-finnish","15":"tag-headlines","16":"tag-latest-news","17":"tag-latestnews","18":"tag-main-news","19":"tag-mainnews","20":"tag-news","21":"tag-otsikot","22":"tag-paauutiset","23":"tag-suomi","24":"tag-top-stories","25":"tag-topstories","26":"tag-ulkomaat","27":"tag-uutiset","28":"tag-world","29":"tag-world-news","30":"tag-worldnews"},"share_on_mastodon":{"url":"https:\/\/pubeurope.com\/@fi\/115664061976726711","error":""},"_links":{"self":[{"href":"https:\/\/www.europesays.com\/fi\/wp-json\/wp\/v2\/posts\/107981","targetHints":{"allow":["GET"]}}],"collection":[{"href":"https:\/\/www.europesays.com\/fi\/wp-json\/wp\/v2\/posts"}],"about":[{"href":"https:\/\/www.europesays.com\/fi\/wp-json\/wp\/v2\/types\/post"}],"author":[{"embeddable":true,"href":"https:\/\/www.europesays.com\/fi\/wp-json\/wp\/v2\/users\/2"}],"replies":[{"embeddable":true,"href":"https:\/\/www.europesays.com\/fi\/wp-json\/wp\/v2\/comments?post=107981"}],"version-history":[{"count":0,"href":"https:\/\/www.europesays.com\/fi\/wp-json\/wp\/v2\/posts\/107981\/revisions"}],"wp:featuredmedia":[{"embeddable":true,"href":"https:\/\/www.europesays.com\/fi\/wp-json\/wp\/v2\/media\/107982"}],"wp:attachment":[{"href":"https:\/\/www.europesays.com\/fi\/wp-json\/wp\/v2\/media?parent=107981"}],"wp:term":[{"taxonomy":"category","embeddable":true,"href":"https:\/\/www.europesays.com\/fi\/wp-json\/wp\/v2\/categories?post=107981"},{"taxonomy":"post_tag","embeddable":true,"href":"https:\/\/www.europesays.com\/fi\/wp-json\/wp\/v2\/tags?post=107981"}],"curies":[{"name":"wp","href":"https:\/\/api.w.org\/{rel}","templated":true}]}}