{"id":107991,"date":"2025-12-05T00:35:21","date_gmt":"2025-12-05T00:35:21","guid":{"rendered":"https:\/\/www.europesays.com\/fi\/107991\/"},"modified":"2025-12-05T00:35:21","modified_gmt":"2025-12-05T00:35:21","slug":"hallitus-valmis-vapauttamaan-fazerin-pauligin-fiskarsin-ja-tuhannet-muut-yritykset-vastuullisuusvelvoitteista-ku","status":"publish","type":"post","link":"https:\/\/www.europesays.com\/fi\/107991\/","title":{"rendered":"Hallitus valmis vapauttamaan Fazerin, Pauligin, Fiskarsin ja tuhannet muut yritykset vastuullisuusvelvoitteista \u2013 KU"},"content":{"rendered":"<p>Suomen hallitus on valmis tukemaan EU:ssa marraskuussa heikennetty\u00e4 yritysvastuun s\u00e4\u00e4ntely\u00e4.<\/p>\n<p>\u201dSuomi pit\u00e4\u00e4 EU-s\u00e4\u00e4ntelyn yksinkertaistamista ja hallinnollisen taakan v\u00e4hent\u00e4mist\u00e4 t\u00e4rke\u00e4n\u00e4 ja n\u00e4kee kest\u00e4vyysraportointidirektiivin ja yritysvastuudirektiivin yksinkertaistamisen yhten\u00e4 olennaisena v\u00e4lineen\u00e4 tavoitteiden saavuttamiseksi\u201d, todetaan eduskunnalle keskiviikkona 3. joulukuuta toimitetussa muistiossa.<\/p>\n<p>Finnwatchin mukaan kest\u00e4vyyss\u00e4\u00e4ntelyyn ehdotetuilla muutoksilla vapautetaan tuhannet suuret yritykset vastuullisuutta koskevista lakis\u00e4\u00e4teisist\u00e4 velvoitteista.<\/p>\n<p>Direktiivi\u00e4 heikennettiin Euroopan parlamentissa, kun <a target=\"_blank\" href=\"https:\/\/www.ku.fi\/artikkeli\/5234837-palomuuri-on-murtunut-li-andersson-sanoo-eppn-ja-aarioikeiston-liittoutumisesta\" rel=\"nofollow noopener\">kokoomuksen EPP-puolue liittoutui \u00e4\u00e4rioikeiston<\/a> kanssa.<\/p>\n<p>Jos niiden kanta menee lopullisesti l\u00e4pi, yritysvastuudirektiivi koskee merkitt\u00e4v\u00e4sti aiempaa pienemp\u00e4\u00e4 joukkoa yrityksi\u00e4. Nykyisin se koskee yrityksi\u00e4, joissa on tuhat ty\u00f6ntekij\u00e4\u00e4 tai 450 miljoonan euron liikevaihto. Jatkossa raja nousisi yli 5\u2009000 ty\u00f6ntekij\u00e4n tai 1,5 miljardin euron liikevaihdon yrityksiin.<\/p>\n<p>Jos soveltamisalan kaventaminen hyv\u00e4ksyt\u00e4\u00e4n esitetyll\u00e4 tavalla, yritysvastuudirektiivi koskisi Finnwatchin mukaan Suomessa vain noin 30 yrityst\u00e4 aiemman noin sadan sijaan. Kest\u00e4vyysraportointiin velvoitettujen yritysten m\u00e4\u00e4r\u00e4 uhkaa Suomessa tippua noin sataan, kun sen piiriss\u00e4 oli aiemmin pitk\u00e4lti yli tuhat yrityst\u00e4.<\/p>\n<p>\u2013\u2009Soveltamisalan kaventaminen esitetyll\u00e4 tavalla tarkoittaa yritysvastuudirektiivin t\u00e4ydellist\u00e4 vesitt\u00e4mist\u00e4. Kest\u00e4vyysraportoinnin rajaamisen my\u00f6t\u00e4 sijoittajien ja muiden sidosryhmien tiedonsaanti vaikeutuu. Hallitus on j\u00e4lleen ottamassa takapakkia yritysvastuussa, sanoo Finnwatchin tutkija <b>Anu Kultalahti<\/b>.<\/p>\n<p>Sis\u00e4lt\u00f6kin heikkenem\u00e4ss\u00e4<\/p>\n<p>Soveltamisalan kaventamisen lis\u00e4ksi my\u00f6s yritysvastuudirektiivin sis\u00e4lt\u00f6\u00e4 esitet\u00e4\u00e4n vesitett\u00e4v\u00e4ksi, kuten Finnwatch asian ilmaisee. Neuvosto ja komissio haluavat rajata ymp\u00e4rist\u00f6- ja ihmisoikeusvelvoitteita p\u00e4\u00e4s\u00e4\u00e4nt\u00f6isesti vain yritysten suoriin liikekumppaneihin. Suomi on valmis hyv\u00e4ksym\u00e4\u00e4n my\u00f6s t\u00e4m\u00e4n.<\/p>\n<p>\u2013\u2009P\u00e4\u00e4ministeri Orpo sanoi eduskunnalle kev\u00e4\u00e4ll\u00e4 2024, ett\u00e4 yritysvastuudirektiivi saatiin l\u00e4pi juuri sellaisena kuin haluttiin. Heti tilaisuuden tullen hallitus on kuitenkin valmis vet\u00e4m\u00e4\u00e4n maton vastuullisesti toimivien yritysten alta ja parantamaan vastuuttoman toiminnan kilpailuedellytyksi\u00e4. Eduskunnan tulee korjata Suomen kanta, sanoo Finnwatchin toiminnanjohtaja <b>Sonja Fin\u00e9r<\/b>.<\/p>\n<p>Eduskunnan suuri valiokunta k\u00e4sittelee asiaa huomenna perjantaina.<\/p>\n<p>Parlamentti esitt\u00e4\u00e4 my\u00f6s ilmastosiirtym\u00e4suunnitelmien poistamista yritysvastuudirektiivist\u00e4. Suomi on valmis suostumaan t\u00e4h\u00e4nkin.<\/p>\n<p>\u2013\u2009Kun yrityksilt\u00e4 poistetaan ilmastovelvoitteita kustannukset uhkaavat siirty\u00e4 julkisen sektorin kannettavaksi. Samalla heikennet\u00e4\u00e4n vihre\u00e4\u00e4n siirtym\u00e4\u00e4n varautuneiden yritysten kilpailukyky\u00e4, sanoo Finnwatchin ilmastoasiantuntija <b>Lasse Leipola<\/b>.<\/p>\n<p>Yritysvastuudirektiiviin ja kest\u00e4vyysraportointidirektiiviin liittyv\u00e4t muutokset ovat osa komission niin sanottua Omnibus I -esityst\u00e4, josta on m\u00e4\u00e4r\u00e4 sopia parlamentin ja j\u00e4senmaiden kesken ensi viikolla.<\/p>\n","protected":false},"excerpt":{"rendered":"Suomen hallitus on valmis tukemaan EU:ssa marraskuussa heikennetty\u00e4 yritysvastuun s\u00e4\u00e4ntely\u00e4. \u201dSuomi pit\u00e4\u00e4 EU-s\u00e4\u00e4ntelyn yksinkertaistamista ja hallinnollisen taakan v\u00e4hent\u00e4mist\u00e4&hellip;\n","protected":false},"author":2,"featured_media":107992,"comment_status":"","ping_status":"","sticky":false,"template":"","format":"standard","meta":{"footnotes":""},"categories":[76],"tags":[79,77,33,31,30,32,78],"class_list":{"0":"post-107991","1":"post","2":"type-post","3":"status-publish","4":"format-standard","5":"has-post-thumbnail","7":"category-talous","8":"tag-business","9":"tag-economy","10":"tag-fi","11":"tag-finland","12":"tag-finnish","13":"tag-suomi","14":"tag-talous"},"share_on_mastodon":{"url":"https:\/\/pubeurope.com\/@fi\/115664160339779177","error":""},"_links":{"self":[{"href":"https:\/\/www.europesays.com\/fi\/wp-json\/wp\/v2\/posts\/107991","targetHints":{"allow":["GET"]}}],"collection":[{"href":"https:\/\/www.europesays.com\/fi\/wp-json\/wp\/v2\/posts"}],"about":[{"href":"https:\/\/www.europesays.com\/fi\/wp-json\/wp\/v2\/types\/post"}],"author":[{"embeddable":true,"href":"https:\/\/www.europesays.com\/fi\/wp-json\/wp\/v2\/users\/2"}],"replies":[{"embeddable":true,"href":"https:\/\/www.europesays.com\/fi\/wp-json\/wp\/v2\/comments?post=107991"}],"version-history":[{"count":0,"href":"https:\/\/www.europesays.com\/fi\/wp-json\/wp\/v2\/posts\/107991\/revisions"}],"wp:featuredmedia":[{"embeddable":true,"href":"https:\/\/www.europesays.com\/fi\/wp-json\/wp\/v2\/media\/107992"}],"wp:attachment":[{"href":"https:\/\/www.europesays.com\/fi\/wp-json\/wp\/v2\/media?parent=107991"}],"wp:term":[{"taxonomy":"category","embeddable":true,"href":"https:\/\/www.europesays.com\/fi\/wp-json\/wp\/v2\/categories?post=107991"},{"taxonomy":"post_tag","embeddable":true,"href":"https:\/\/www.europesays.com\/fi\/wp-json\/wp\/v2\/tags?post=107991"}],"curies":[{"name":"wp","href":"https:\/\/api.w.org\/{rel}","templated":true}]}}