{"id":107994,"date":"2025-12-05T00:37:15","date_gmt":"2025-12-05T00:37:15","guid":{"rendered":"https:\/\/www.europesays.com\/fi\/107994\/"},"modified":"2025-12-05T00:37:15","modified_gmt":"2025-12-05T00:37:15","slug":"hyvinvointialueet-leikkaavat-taas-vanhuspalveluita-professori-siella-he-istuvat-vaippojensa-paalla-tuntikausia-kotimaa","status":"publish","type":"post","link":"https:\/\/www.europesays.com\/fi\/107994\/","title":{"rendered":"Hyvinvointialueet leikkaavat taas vanhuspalveluita \u2013 professori: \u201dSiell\u00e4 he istuvat vaippojensa p\u00e4\u00e4ll\u00e4 tuntikausia\u201d | Kotimaa"},"content":{"rendered":"<ul class=\"aw-1jjocuh iJTSwP yle__article__list yle__article__list--ul\">\n<li class=\"aw-1j7gwms gNYKfi\">Hyvinvointialueet leikkaavat ik\u00e4ihmisten palveluista s\u00e4\u00e4st\u00f6syist\u00e4. Esimerkiksi Lapin hyvinvointialue v\u00e4hent\u00e4\u00e4 150 ty\u00f6ntekij\u00e4\u00e4.<\/li>\n<li class=\"aw-1j7gwms gNYKfi\">Tampereen yliopiston professori Marja Jylh\u00e4 sanoo leikkausten johtavan inhimilliseen kurjuuteen, kun huonokuntoisia vanhuksia j\u00e4tet\u00e4\u00e4n yksin.<\/li>\n<li class=\"aw-1j7gwms gNYKfi\">Hyvinvointialueet perustelevat s\u00e4\u00e4st\u00f6j\u00e4 ty\u00f6n tehostamisella ja et\u00e4palvelujen lis\u00e4\u00e4misell\u00e4, joiden luvataan korvaavan v\u00e4hennykset.<\/li>\n<\/ul>\n<p class=\"aw-1gybjub aw-1p7kakr kEtdKx cEmitX yle__article__paragraph\">T\u00e4m\u00e4 on teko\u00e4lyn avulla tuotettu, toimittajan tarkistama tiivistelm\u00e4.<\/p>\n<p class=\"aw-1gybjub aw-1p7kakr kEtdKx cEmitX yle__article__paragraph\">Hyvinvointialueet s\u00e4\u00e4st\u00e4v\u00e4t nyt ik\u00e4\u00e4ntyneiden kustannuksella.<\/p>\n<p class=\"aw-1gybjub aw-1p7kakr kEtdKx cEmitX yle__article__paragraph\">Esimerkiksi Etel\u00e4-Karjalan hyvinvointialue (Ekhva) karsii ik\u00e4ihmisten palveluita ensi vuonna viidell\u00e4 miljoonalla eurolla. <a class=\"aw-iao6s4 iHOxEa yle__article__link\" href=\"https:\/\/yle.fi\/a\/74-20197347\" role=\"link\" rel=\"nofollow noopener\" target=\"_blank\">Lapin hyvinvointialue<\/a> (Lapha) v\u00e4hent\u00e4\u00e4 ik\u00e4\u00e4ntyneiden palveluista 150 ty\u00f6ntekij\u00e4\u00e4.<\/p>\n<p class=\"aw-1gybjub aw-1p7kakr kEtdKx cEmitX yle__article__paragraph\">Tampereen yliopiston gerontologian professori <strong class=\"aw-ak79eh KyCXm yle__article__strong\">Marja Jylh\u00e4n<\/strong> mukaan leikkaukset voivat johtaa siihen, ett\u00e4 ik\u00e4\u00e4ntyv\u00e4t j\u00e4tet\u00e4\u00e4n pitk\u00e4lti oman onnensa varaan.<\/p>\n<p class=\"aw-1gybjub aw-1p7kakr kEtdKx cEmitX yle__article__paragraph\">\u2013 T\u00e4m\u00e4 johtaa suunnattomaan, inhimilliseen kurjuuteen. P\u00e4\u00e4tt\u00e4j\u00e4t toivovat, ett\u00e4 vanhukset kuihtuisivat hiljaa koteihinsa, Jylh\u00e4 toteaa.<\/p>\n<p><img decoding=\"async\" alt=\"Marja Jylh\u00e4 nojaa k\u00e4mmeneens\u00e4 ja katsoo suoraan kameraan.\" src=\"https:\/\/www.europesays.com\/fi\/wp-content\/uploads\/2025\/12\/39-134364166d86058b789f.jpeg\" loading=\"lazy\" class=\"aw-1l9m598 hKVVvP\"\/><\/p>\n<p>Avaa kuvien katselu<\/p>\n<p>Professori Marja Jylh\u00e4 on seurannut yli 40 vuotta vanhuspalveluiden kehityst\u00e4. H\u00e4n toimii my\u00f6s Suomen akatemian ik\u00e4\u00e4ntymisen ja hoivan tutkimuksen huippuyksik\u00f6ss\u00e4. Kuva: Jussi KoivunenTulevaisuus vaipoissa kotona<\/p>\n<p class=\"aw-1gybjub aw-1p7kakr kEtdKx cEmitX yle__article__paragraph\"><a class=\"aw-iao6s4 iHOxEa yle__article__link\" href=\"https:\/\/yle.fi\/a\/74-20197117\" role=\"link\" rel=\"nofollow noopener\" target=\"_blank\">Etel\u00e4-Karjalan hyvinvointialue v\u00e4hent\u00e4\u00e4<\/a> ensi vuonna 55 paikkaa ik\u00e4\u00e4ntyneiden ymp\u00e4rivuorokautisesta palveluasumisesta. Jylh\u00e4n mukaan ymp\u00e4rivuorokautisesta palveluasumisesta karsiminen johtaa siihen, ett\u00e4 entist\u00e4 huonokuntoisemmat ihmiset asuvat itsekseen kotona.<\/p>\n<p class=\"aw-1gybjub aw-1p7kakr kEtdKx cEmitX yle__article__paragraph\">\u2013 Siell\u00e4 he istuvat vaippojensa p\u00e4\u00e4ll\u00e4 tuntikausia, kunnes kotihoitaja tulee paikalle viideksitoista minuutiksi, Jylh\u00e4 sanoo.<\/p>\n<p class=\"aw-1gybjub aw-1p7kakr kEtdKx cEmitX yle__article__paragraph\">Vanhuspalveluista s\u00e4\u00e4st\u00f6jen etsiminen ei ole uusi juttu.<\/p>\n<p class=\"aw-1gybjub aw-1p7kakr kEtdKx cEmitX yle__article__paragraph\">\u2013 Vanhusten ymp\u00e4rivuorokautisista palveluista on karsittu jo yli kymmenen vuotta. Koko ajan on sanottu, ett\u00e4 kotipalvelu korvaa, Jylh\u00e4 huokaa.<\/p>\n<p class=\"aw-1gybjub aw-1p7kakr kEtdKx cEmitX yle__article__paragraph\">Viime vuodet my\u00f6s <a class=\"aw-iao6s4 iHOxEa yle__article__link\" href=\"https:\/\/yle.fi\/a\/74-20185482\" role=\"link\" rel=\"nofollow noopener\" target=\"_blank\">kotihoitok\u00e4yntien m\u00e4\u00e4r\u00e4<\/a> on v\u00e4hentynyt. Jylh\u00e4 ei ymm\u00e4rr\u00e4 t\u00e4t\u00e4 yht\u00e4l\u00f6\u00e4: Miksi ik\u00e4\u00e4ntyneiden palveluita v\u00e4hennet\u00e4\u00e4n samaan aikaan, kun pitk\u00e4ik\u00e4isten m\u00e4\u00e4r\u00e4 kasvaa?<\/p>\n<p class=\"aw-1gybjub aw-1p7kakr kEtdKx cEmitX yle__article__paragraph\">\u2013 T\u00e4m\u00e4 on h\u00e4mm\u00e4stytt\u00e4v\u00e4\u00e4, koska n\u00e4iden palveluiden tarve kasvaa nopeasti.<\/p>\n<p><img decoding=\"async\" alt=\"Mies puhuu kopissa kuulokkeet p\u00e4\u00e4ss\u00e4 videopuhelua.\" src=\"https:\/\/www.europesays.com\/fi\/wp-content\/uploads\/2025\/12\/39-125927965f94ce2f003f.jpeg\" loading=\"lazy\" class=\"aw-1l9m598 hKVVvP\"\/><\/p>\n<p>Avaa kuvien katselu<\/p>\n<p>Lapin hyvinvointialueelta Annukka Marjalan mukaan et\u00e4kotihoidon etu on se, ett\u00e4 ty\u00f6ntekij\u00f6ilt\u00e4 ei kulu aikaa matkoihin asiakkaalta toiselle. Arkistokuva maaliskuulta 2024 Kuva: Juuso Stoor \/ YleKotihoidossa pienempi porukka<\/p>\n<p class=\"aw-1gybjub aw-1p7kakr kEtdKx cEmitX yle__article__paragraph\">Lapin hyvinvointialueella kotihoidossa on 24 ty\u00f6ntekij\u00e4\u00e4 irtisanomisuhan alla. Laphan ik\u00e4\u00e4ntyneiden palvelujen vastuualuejohtaja <strong class=\"aw-ak79eh KyCXm yle__article__strong\">Annukka Marjala<\/strong> vakuuttaa, ettei ty\u00f6ntekij\u00f6iden v\u00e4hennys tule n\u00e4kym\u00e4\u00e4n kotihoidon asiakkaiden arjessa.<\/p>\n<p class=\"aw-1gybjub aw-1p7kakr kEtdKx cEmitX yle__article__paragraph\">\u2013 Yrit\u00e4mme ty\u00f6ajalla olla enemm\u00e4n asiakkaiden luona. Kun sit\u00e4 aikaa pystyt\u00e4\u00e4n nostamaan, silloin meill\u00e4 ei ole tarve niin suurelle henkil\u00f6kunnalle kuin t\u00e4ll\u00e4 hetkell\u00e4, Marjala kertoo.<\/p>\n<p class=\"aw-1gybjub aw-1p7kakr kEtdKx cEmitX yle__article__paragraph\">Lis\u00e4ksi Lapissa yritet\u00e4\u00e4n kasvattaa my\u00f6s kotihoidon et\u00e4palvelujen m\u00e4\u00e4r\u00e4\u00e4.<\/p>\n<p class=\"aw-1gybjub aw-1p7kakr kEtdKx cEmitX yle__article__paragraph\">\u2013 Kotihoitok\u00e4ynneist\u00e4 tehd\u00e4\u00e4n nyt et\u00e4n\u00e4 yli kahdeksan prosenttia. Ensi vuodelle tavoitteena on se, ett\u00e4 30 prosenttia k\u00e4ynneist\u00e4 on et\u00e4kotihoivaa, Marjala sanoo.<\/p>\n<p class=\"aw-1gybjub aw-1p7kakr kEtdKx cEmitX yle__article__paragraph\"><strong class=\"aw-ak79eh KyCXm yle__article__strong\">Lapin hyvinvointialueen suunnitelmat irtisanoa v\u00e4ke\u00e4 muun muassa ik\u00e4ihmisten palveluista ovat her\u00e4tt\u00e4neet huolta alueen asukkaissa. N\u00e4in merilappilaiset kommentoivat asiaa kauppakeskuksessa Torniossa:<\/strong><\/p>\n<p>Mik\u00e4 on syyn\u00e4 siihen, ett\u00e4 juuri vanhuspalveluista leikataan?<\/p>\n<p class=\"aw-1gybjub aw-1p7kakr kEtdKx cEmitX yle__article__paragraph\">Jylh\u00e4n mukaan edes valtion johtaman Suomen Akatemian ik\u00e4\u00e4ntymisen ja hoivan tutkimukseen keskittyv\u00e4 huippuyksikk\u00f6 ei ole l\u00f6yt\u00e4nyt selke\u00e4\u00e4 syyt\u00e4 leikkauksille, vaikka se on perehtynyt asiaan. Jylh\u00e4 on kuitenkin pohtinut asiaa ja p\u00e4\u00e4tynyt kolmeen vaihtoehtoon:<\/p>\n<p class=\"aw-1gybjub aw-1p7kakr kEtdKx cEmitX yle__article__paragraph\">1. Yksi vaihtoehto on, ett\u00e4 on p\u00e4\u00e4tetty j\u00e4tt\u00e4\u00e4 vanhukset \u201djunan alle\u201d, koska ajatellaan, ett\u00e4 he eiv\u00e4t pysty pit\u00e4m\u00e4\u00e4n puoliaan.<\/p>\n<p class=\"aw-1gybjub aw-1p7kakr kEtdKx cEmitX yle__article__paragraph\">2. Toinen vaihtoehto on, ett\u00e4 p\u00e4\u00e4tt\u00e4j\u00e4t eiv\u00e4t tunne vanhojen ihmisten tilannetta. Se on osatotuus, mutta ei varmasti suurin totuus.<\/p>\n<p class=\"aw-1gybjub aw-1p7kakr kEtdKx cEmitX yle__article__paragraph\">3. Kolmas mahdollisuus on, ett\u00e4 keski-ik\u00e4isille p\u00e4\u00e4tt\u00e4jille ajatus omasta vanhuudesta on niin pelottava, ett\u00e4 he eiv\u00e4t uskalla katsoa siihen suuntaan. Sen sijaan he v\u00e4hent\u00e4v\u00e4t palveluita.<\/p>\n<p><img decoding=\"async\" alt=\"Vanhuksen k\u00e4si ottaa pienen l\u00e4\u00e4kekupin l\u00e4\u00e4keautomaatista.\" src=\"https:\/\/www.europesays.com\/fi\/wp-content\/uploads\/2025\/12\/39-1413696679a30e9bbed8.jpeg\" loading=\"lazy\" class=\"aw-1l9m598 hKVVvP\"\/><\/p>\n<p>Avaa kuvien katselu<\/p>\n<p>Teknologian kehittyminen n\u00e4kyy kotihoidossa. Kuvassa on kotihoidossa k\u00e4ytett\u00e4v\u00e4 l\u00e4\u00e4keautomaatti. Arkistokuva tammikuulta 2025. Kuva: Petri Aaltonen \/ YleLeikkauksilla voi olla laajoja seurauksia<\/p>\n<p class=\"aw-1gybjub aw-1p7kakr kEtdKx cEmitX yle__article__paragraph\">Marja Jylh\u00e4n mukaan vanhuspalveluiden leikkauksien vaikutukset voivat olla moninaiset.<\/p>\n<p class=\"aw-1gybjub aw-1p7kakr kEtdKx cEmitX yle__article__paragraph\">Yksi merkitt\u00e4v\u00e4 seuraus on, ett\u00e4 leikkaukset rapauttavat ihmisten luottamusta palveluihin ja yhteiskuntaan. Jylh\u00e4n mukaan t\u00e4ll\u00e4 on vaikutuksia my\u00f6s kuluttamiseen ja talouskasvuun.<\/p>\n<p class=\"aw-1gybjub aw-1p7kakr kEtdKx cEmitX yle__article__paragraph\">\u2013 Jos ihmiset eiv\u00e4t saa hoitoa silloin kuin eniten tarvitsevat, se tarkoittaa, ett\u00e4 ihmiset alkavat pel\u00e4t\u00e4 vanhenemista. Silloin ihmiset eiv\u00e4t kuluta. Ei ole ihme, jos ihmiset eiv\u00e4t kuluta, kun heilt\u00e4 v\u00e4hennet\u00e4\u00e4n jatkuvasti turvaa, jonka he ovat oppineet saamaan yhteiskunnalta, Jylh\u00e4 pohtii.<\/p>\n<p class=\"aw-1gybjub aw-1p7kakr kEtdKx cEmitX yle__article__paragraph\">Lis\u00e4ksi <a class=\"aw-iao6s4 iHOxEa yle__article__link\" href=\"https:\/\/yle.fi\/a\/74-20107269\" role=\"link\" rel=\"nofollow noopener\" target=\"_blank\">poliisin etsint\u00e4teht\u00e4v\u00e4t<\/a> lis\u00e4\u00e4ntyv\u00e4t, jos muistisairaat ja entist\u00e4 huonokuntoisemmat ihmiset asuvat yksin kotona.<\/p>\n<p class=\"aw-1gybjub aw-1p7kakr kEtdKx cEmitX yle__article__paragraph\">Leikkausten takia vastuu vanhuksesta siirtyy yh\u00e4 enemm\u00e4n omaisille.<\/p>\n<p class=\"aw-1gybjub aw-1p7kakr kEtdKx cEmitX yle__article__paragraph\">\u2013 Tietysti t\u00e4m\u00e4 vaikeuttaa huomattavan paljon omaisten el\u00e4m\u00e4\u00e4. Se tarkoittaa, ett\u00e4 he ovat jatkuvasti, y\u00f6t\u00e4 p\u00e4iv\u00e4\u00e4, huolissaan. Ja ty\u00f6urien jatkaminen, jota kovasti toivotaan, vaikeutuu.<\/p>\n<p class=\"aw-1gybjub aw-1p7kakr kEtdKx cEmitX yle__article__paragraph\">Jylh\u00e4 muistuttaa, ettei kaikilla vanhuksilla ole omaisia, jotka huolehtisivat arjesta.<\/p>\n<p class=\"aw-1gybjub aw-1p7kakr kEtdKx cEmitX yle__article__paragraph\">\u2013 Vanhojen ihmisten arjen v\u00e4himm\u00e4ispalvelujen antaminen on v\u00e4ltt\u00e4m\u00e4t\u00f6nt\u00e4 hoitoa. Ilman sit\u00e4 emme voi sanoa, ett\u00e4 yhteiskuntamme on inhimillinen.<\/p>\n","protected":false},"excerpt":{"rendered":"Hyvinvointialueet leikkaavat ik\u00e4ihmisten palveluista s\u00e4\u00e4st\u00f6syist\u00e4. Esimerkiksi Lapin hyvinvointialue v\u00e4hent\u00e4\u00e4 150 ty\u00f6ntekij\u00e4\u00e4. Tampereen yliopiston professori Marja Jylh\u00e4 sanoo leikkausten&hellip;\n","protected":false},"author":2,"featured_media":107995,"comment_status":"","ping_status":"","sticky":false,"template":"","format":"standard","meta":{"footnotes":""},"categories":[12],"tags":[22,23,1302,12733,26,27,33,31,30,17,2218,20264,4401,71,12760,667,24,25,28,29,15,18,21,4341,32,19,20,16,20263,7001,20265],"class_list":{"0":"post-107994","1":"post","2":"type-post","3":"status-publish","4":"format-standard","5":"has-post-thumbnail","7":"category-suomi","8":"tag-breaking-news","9":"tag-breakingnews","10":"tag-etela-karjala","11":"tag-etela-karjalan-hyvinvointialue","12":"tag-featured-news","13":"tag-featurednews","14":"tag-fi","15":"tag-finland","16":"tag-finnish","17":"tag-headlines","18":"tag-hyvinvointialueet","19":"tag-ikaan-liittyva-rooli","20":"tag-ikaantyneet","21":"tag-kotimaa","22":"tag-lapin-hyvinvointialue","23":"tag-lappi","24":"tag-latest-news","25":"tag-latestnews","26":"tag-main-news","27":"tag-mainnews","28":"tag-news","29":"tag-otsikot","30":"tag-paauutiset","31":"tag-sosiaali-ja-terveyspalvelut","32":"tag-suomi","33":"tag-top-stories","34":"tag-topstories","35":"tag-uutiset","36":"tag-vanhukset-ikaryhmat","37":"tag-vanhukset-ja-ikaantyminen","38":"tag-vanhuspalvelut"},"share_on_mastodon":{"url":"","error":"Validation failed: Text character limit of 500 exceeded"},"_links":{"self":[{"href":"https:\/\/www.europesays.com\/fi\/wp-json\/wp\/v2\/posts\/107994","targetHints":{"allow":["GET"]}}],"collection":[{"href":"https:\/\/www.europesays.com\/fi\/wp-json\/wp\/v2\/posts"}],"about":[{"href":"https:\/\/www.europesays.com\/fi\/wp-json\/wp\/v2\/types\/post"}],"author":[{"embeddable":true,"href":"https:\/\/www.europesays.com\/fi\/wp-json\/wp\/v2\/users\/2"}],"replies":[{"embeddable":true,"href":"https:\/\/www.europesays.com\/fi\/wp-json\/wp\/v2\/comments?post=107994"}],"version-history":[{"count":0,"href":"https:\/\/www.europesays.com\/fi\/wp-json\/wp\/v2\/posts\/107994\/revisions"}],"wp:featuredmedia":[{"embeddable":true,"href":"https:\/\/www.europesays.com\/fi\/wp-json\/wp\/v2\/media\/107995"}],"wp:attachment":[{"href":"https:\/\/www.europesays.com\/fi\/wp-json\/wp\/v2\/media?parent=107994"}],"wp:term":[{"taxonomy":"category","embeddable":true,"href":"https:\/\/www.europesays.com\/fi\/wp-json\/wp\/v2\/categories?post=107994"},{"taxonomy":"post_tag","embeddable":true,"href":"https:\/\/www.europesays.com\/fi\/wp-json\/wp\/v2\/tags?post=107994"}],"curies":[{"name":"wp","href":"https:\/\/api.w.org\/{rel}","templated":true}]}}