{"id":107998,"date":"2025-12-05T00:57:09","date_gmt":"2025-12-05T00:57:09","guid":{"rendered":"https:\/\/www.europesays.com\/fi\/107998\/"},"modified":"2025-12-05T00:57:09","modified_gmt":"2025-12-05T00:57:09","slug":"is-juhani-jasun-koko-kausi-on-todennakoisesti-ohi-loukkaantumisen-takia-jatkoaika-com","status":"publish","type":"post","link":"https:\/\/www.europesays.com\/fi\/107998\/","title":{"rendered":"IS: Juhani Jasun koko kausi on todenn\u00e4k\u00f6isesti ohi loukkaantumisen takia &#8211; Jatkoaika.com"},"content":{"rendered":"<ol>\n<li><a href=\"https:\/\/news.google.com\/rss\/articles\/CBMivwFBVV95cUxOaVZmRWptR2xoY2tmeHdEdUg0SkI2MTVTQ05WbEZtUGZlYWxpcDdpZkxqUWR6U183Nkl6YXRQd0ZCSmhlSU84ZExlSmFEdzljeDE4V3NFTFRNdVktWTlMb0hmTkJ4bl8wRXpXd2psNGRTX2RVMThFQ0U2Nk4weEtXU3F6d29ldkg3bmtERmwyT0Q5bVdVQXpTRGNrUkZmaWFDY0R4enQ0Ulh3UFdnWGlIaTFQQXgxaFAtUlA1enQzSQ?oc=5\" target=\"_blank\" rel=\"nofollow noopener\">IS: Juhani Jasun koko kausi on todenn\u00e4k\u00f6isesti ohi loukkaantumisen takia<\/a>&nbsp;&nbsp;Jatkoaika.com<\/li>\n<li><a href=\"https:\/\/news.google.com\/rss\/articles\/CBMiXkFVX3lxTE9LMEdJdVR2N29jWElKU1paNFptR08zZG52WVlXZE1RY3R1R2dyWVJHVGhzQmJjcjc0SDBURXZ4c2wzQnRUQ1pFbm9JMUpnaFg5Q0JsM3hscGxTbmItSUE?oc=5\" target=\"_blank\" rel=\"nofollow noopener\">HIFK:ta n\u00f6yryytettiin olan takaa \u2013 sitten soi Olli Jokisen puhelin<\/a>&nbsp;&nbsp;Ilta-Sanomat<\/li>\n<li><a href=\"https:\/\/news.google.com\/rss\/articles\/CBMie0FVX3lxTFAzS0kzNDY1WEVLaWdEZV9EaUZiZk1nbkUzblRXeEVNM3BqNzNleEhBUDlXSWthNE0xOGJzdjdrSEliN2h6Qm1uRnhHRWJvdlpFemxsaG9HWTMyY1N0NkU4RlpPVjVNUjRwcmEzcEdpbHJGZzdCNXBiWjVVZw?oc=5\" target=\"_blank\" rel=\"nofollow noopener\">MTV: Olli Jokiselta ankea tieto<\/a>&nbsp;&nbsp;Iltalehti<\/li>\n<li><a href=\"https:\/\/news.google.com\/rss\/articles\/CBMiUEFVX3lxTE5xYnRBUWRIcVZ1OU1HZ25mbVpOZHoxLWZDV1h5cXlQaG0zYU9sc2hfOVBENFlIM2E5cnhKR1h6VlJaWjRPYS03RkNvTktnMG5D?oc=5\" target=\"_blank\" rel=\"nofollow noopener\">kolme pistett\u00e4 himassa<\/a>&nbsp;&nbsp;HIFK<\/li>\n<li><a href=\"https:\/\/news.google.com\/rss\/articles\/CBMiogFBVV95cUxPTVNCa25BNERENldNSTRQT0piZXM1ejVVaUVERXdxOTFaV091c1EwenZQcEdXOHNJSUlRZUxYMU1kSFFrWTZVc2lucW0zdHA3RFFnLWREeWg4azJ6XzVvcVFTLWFwczM0UHFaZU5SaWItTG1NZFZpT19BQ2liUEZpRTlUNnBubXRtOGZGX0FzaGhJay1EMDJXUGtUa09rcWNvZlE?oc=5\" target=\"_blank\" rel=\"nofollow noopener\">HIFK:n kopista kuului erikoisia sointuja \u2013 konkaripakki selitti kuka oli vastuussa<\/a>&nbsp;&nbsp;Atleetti.fi<\/li>\n<\/ol>\n","protected":false},"excerpt":{"rendered":"IS: Juhani Jasun koko kausi on todenn\u00e4k\u00f6isesti ohi loukkaantumisen takia&nbsp;&nbsp;Jatkoaika.com HIFK:ta n\u00f6yryytettiin olan takaa \u2013 sitten soi Olli&hellip;\n","protected":false},"author":2,"featured_media":107999,"comment_status":"","ping_status":"","sticky":false,"template":"","format":"standard","meta":{"footnotes":""},"categories":[158],"tags":[33,31,30,20266,159,32,160],"class_list":{"0":"post-107998","1":"post","2":"type-post","3":"status-publish","4":"format-standard","5":"has-post-thumbnail","7":"category-urheilu","8":"tag-fi","9":"tag-finland","10":"tag-finnish","11":"tag-is-juhani-jasun-koko-kausi-on-todennakoisesti-ohi-loukkaantumisen-takia-liiga-04-12-2025-uutiset-jatkoaika-com-kaikki-jaakiekosta","12":"tag-sports","13":"tag-suomi","14":"tag-urheilu"},"share_on_mastodon":{"url":"https:\/\/pubeurope.com\/@fi\/115664246840888180","error":""},"_links":{"self":[{"href":"https:\/\/www.europesays.com\/fi\/wp-json\/wp\/v2\/posts\/107998","targetHints":{"allow":["GET"]}}],"collection":[{"href":"https:\/\/www.europesays.com\/fi\/wp-json\/wp\/v2\/posts"}],"about":[{"href":"https:\/\/www.europesays.com\/fi\/wp-json\/wp\/v2\/types\/post"}],"author":[{"embeddable":true,"href":"https:\/\/www.europesays.com\/fi\/wp-json\/wp\/v2\/users\/2"}],"replies":[{"embeddable":true,"href":"https:\/\/www.europesays.com\/fi\/wp-json\/wp\/v2\/comments?post=107998"}],"version-history":[{"count":0,"href":"https:\/\/www.europesays.com\/fi\/wp-json\/wp\/v2\/posts\/107998\/revisions"}],"wp:featuredmedia":[{"embeddable":true,"href":"https:\/\/www.europesays.com\/fi\/wp-json\/wp\/v2\/media\/107999"}],"wp:attachment":[{"href":"https:\/\/www.europesays.com\/fi\/wp-json\/wp\/v2\/media?parent=107998"}],"wp:term":[{"taxonomy":"category","embeddable":true,"href":"https:\/\/www.europesays.com\/fi\/wp-json\/wp\/v2\/categories?post=107998"},{"taxonomy":"post_tag","embeddable":true,"href":"https:\/\/www.europesays.com\/fi\/wp-json\/wp\/v2\/tags?post=107998"}],"curies":[{"name":"wp","href":"https:\/\/api.w.org\/{rel}","templated":true}]}}