{"id":1080,"date":"2025-08-11T08:59:53","date_gmt":"2025-08-11T08:59:53","guid":{"rendered":"https:\/\/www.europesays.com\/fi\/1080\/"},"modified":"2025-08-11T08:59:53","modified_gmt":"2025-08-11T08:59:53","slug":"arkkitehteja-saapui-savonlinnaan-australiasta-ja-palestiinasta-asti-500-osallistujan-tapahtuma-jattaa-jalkeensa-saunan-kotimaa","status":"publish","type":"post","link":"https:\/\/www.europesays.com\/fi\/1080\/","title":{"rendered":"Arkkitehteja saapui Savonlinnaan Australiasta ja Palestiinasta asti \u2013 500 osallistujan tapahtuma j\u00e4tt\u00e4\u00e4 j\u00e4lkeens\u00e4 saunan | Kotimaa"},"content":{"rendered":"<p class=\"sc-jYczwO sc-dNFkOE bUKqJd eiHPxO yle__article__paragraph\">Arkkitehtien kes\u00e4koulu j\u00e4rjestet\u00e4\u00e4n Suomessa kolmatta kertaa.<\/p>\n<p>Englantilaiset arkkitehdit ovat EASA-veteraaneja. Videon kuvaus: Sami Ikonen \/ Yle, editointi: Esa Huuhko \/ Yle.<\/p>\n<p class=\"sc-jYczwO sc-ciCoXh bUKqJd cIOueB yle__article__paragraph\">Savonlinnan Lehtiniemeen on hein\u00e4kuun lopulla rakentunut hiljalleen poikkeuksellinen yhteis\u00f6. Arkkitehtiopiskelijoiden vuosittainen kes\u00e4koulu EASA (European Architecture Students Assembly) toi Saimaan rannalle kahdeksi viikoksi yli 500 arkkitehtiopiskelijaa ymp\u00e4ri maailmaa.<\/p>\n<p class=\"sc-jYczwO sc-ciCoXh bUKqJd cIOueB yle__article__paragraph\">Alueelle on pystytetty telttoja ja riippumattoja. Eri maiden liput kertovat, mist\u00e4 kaikkialta Savonlinnaan on matkustettu. Vieraita on tullut esimerkiksi Espanjasta, Iso-Britanniasta, Ukrainasta, Australiasta ja Palestiinasta.<\/p>\n<p><img decoding=\"async\" alt=\"Arkkitehtiopiskelijoita rakentamassa ulkona.\" src=\"https:\/\/www.europesays.com\/fi\/wp-content\/uploads\/2025\/08\/39-1501732688ca77b014f6.jpeg\" loading=\"lazy\" class=\"sc-dntSTA iywpZY\"\/><\/p>\n<p>Avaa kuvien katselu<\/p>\n<p>Leirill\u00e4 on yhteens\u00e4 30 ty\u00f6pajaa. Kuva: Sami Ikonen \/ Yle<\/p>\n<p class=\"sc-jYczwO sc-ciCoXh bUKqJd cIOueB yle__article__paragraph\">Kes\u00e4koulun aikana osallistujat oppivat uutta ty\u00f6pajoissa, rakentavat ja verkostoituvat. Varsinaisia opettajia ei leirill\u00e4 ole, vaan j\u00e4rjestelyist\u00e4 vastaa joukko ty\u00f6pajojen ohjaajia. Toisinaan leirille saapuu kutsuvieraita ja tapahtuman rahoittajia luennoimaan.<\/p>\n<p>Rakentamista luontoa kunnioittaen<\/p>\n<p class=\"sc-jYczwO sc-ciCoXh bUKqJd cIOueB yle__article__paragraph\">T\u00e4m\u00e4n vuoden teemaksi valikoitui rihmasto.<\/p>\n<p class=\"sc-jYczwO sc-ciCoXh bUKqJd cIOueB yle__article__paragraph\">\u2013 Teema k\u00e4sittelee arkkitehdin suhdetta ilmastokriisiin ja sit\u00e4, miten meid\u00e4n alalla voidaan olla vastuullisempia, tapahtuman j\u00e4rjest\u00e4ryhm\u00e4\u00e4n kuuluva <strong class=\"sc-eEHciv gtNhAX yle__article__strong\">Paula Puura<\/strong> kertoo.<\/p>\n<p class=\"sc-jYczwO sc-ciCoXh bUKqJd cIOueB yle__article__paragraph\">Ymp\u00e4rist\u00f6lle yst\u00e4v\u00e4llinen rakentaminen sek\u00e4 vanhan korjaaminen n\u00e4kyv\u00e4t t\u00e4m\u00e4n vuoden kes\u00e4koulussa. Sen takia leiril\u00e4isten perustama polkupy\u00f6r\u00e4huoltamo on hyv\u00e4 esimerkki, ettei vanhaa tarvitse heti korvata uudella.<\/p>\n<p><img decoding=\"async\" alt=\"Polkupy\u00f6r\u00e4pajan ilmoituksia kirjoitettuna pahviin.\" src=\"https:\/\/www.europesays.com\/fi\/wp-content\/uploads\/2025\/08\/39-1501734688ca77c17df0.jpeg\" loading=\"lazy\" class=\"sc-dntSTA iywpZY\"\/><\/p>\n<p>Avaa kuvien katselu<\/p>\n<p>Lehtiniemeen avattiin leiril\u00e4isten polkupy\u00f6r\u00e4huoltamo. Idea sai alkunsa, kun EASA sai py\u00f6ri\u00e4 lahjoituksena. Kuva: Sami Ikonen \/ YleKes\u00e4loma Savonlinnassa<\/p>\n<p class=\"sc-jYczwO sc-ciCoXh bUKqJd cIOueB yle__article__paragraph\">Lontoolaiset <strong class=\"sc-eEHciv gtNhAX yle__article__strong\">Indigo Leveson-Gower<\/strong> ja <strong class=\"sc-eEHciv gtNhAX yle__article__strong\">Louie Levison<\/strong> ovat tuoreita arkkitehtimaistereita, jotka saivat t\u00f6ist\u00e4 vapaata kes\u00e4koulun ajaksi. Molemmat ovat nyt kolmen EASA-leirin veteraaneja sek\u00e4 ty\u00f6pajojen ohjaajia.<\/p>\n<p class=\"sc-jYczwO sc-ciCoXh bUKqJd cIOueB yle__article__paragraph\">\u2013 T\u00e4m\u00e4 tapahtuma on loistava mahdollisuus opetella arkkitehtuuria ilman oppilaitosten asettamia paineita. Ep\u00e4hierarkisessa ymp\u00e4rist\u00f6ss\u00e4 jokainen tulee kuulluksi, mik\u00e4 antaa mahdollisuuden olla luova ja tuottava, Leveson-Gower kertoo.<\/p>\n<p><img decoding=\"async\" alt=\"Maakuoppasauna rakentuu Savonlinnassa.\" src=\"https:\/\/www.europesays.com\/fi\/wp-content\/uploads\/2025\/08\/39-1501731688ca77a37bc6.jpeg\" loading=\"lazy\" class=\"sc-dntSTA iywpZY\"\/><\/p>\n<p>Avaa kuvien katselu<\/p>\n<p>Savonlinna ja alueen yritykset ovat tukeneet kes\u00e4koulua esimerkiksi materiaalilahjoituksilla. Kuvassa rakentuu maakuoppasauna. Kuva: Sami Ikonen \/ Yle<\/p>\n<p class=\"sc-jYczwO sc-ciCoXh bUKqJd cIOueB yle__article__paragraph\">Arkkitehtiavustajana ty\u00f6skentelev\u00e4 Levison ohjaa leirill\u00e4 ty\u00f6pajaa, jossa arkkitehteja opastetaan huomioimaan luonnollinen maisema arkkitehtuurissa ja k\u00e4ytt\u00e4m\u00e4\u00e4n ymp\u00e4rist\u00f6\u00f6n sopivia materiaaleja.<\/p>\n<p class=\"sc-jYczwO sc-ciCoXh bUKqJd cIOueB yle__article__paragraph\">\u2013 Tavoitteena on, ett\u00e4 t\u00e4\u00e4lt\u00e4 saa oppia teoriasta ja k\u00e4yt\u00e4nn\u00f6n kokemusta. T\u00e4\u00e4lt\u00e4 voi hakea ty\u00f6n\u00e4ytteit\u00e4, jotka voivat auttaa opinnoissa ja ty\u00f6llistymisess\u00e4, Levison sanoo.<\/p>\n<p class=\"sc-jYczwO sc-ciCoXh bUKqJd cIOueB yle__article__paragraph\">Leiril\u00e4iset saavat kokemusta esimerkiksi saunan rakentamisesta. Tapahtumassa rakennetaan kaksi saunaa, joista yksi j\u00e4isi Lehtiniemeen ja toinen lahjoitetaan Savonlinnan museolle.<\/p>\n<p class=\"sc-jYczwO sc-ciCoXh bUKqJd cIOueB yle__article__paragraph\">Suomessa j\u00e4rjestett\u00e4v\u00e4 EASA on j\u00e4rjestyksess\u00e4\u00e4n kolmas ja Savonlinnan alueelle toinen. Vuonna 1987 arkkitehdit saapuivat Punkaharjulle ja vuonna 2012 Helsinkiin.<\/p>\n<p><img decoding=\"async\" alt=\"EASA-leirin j\u00e4rjest\u00e4j\u00e4t Sanni Hujanen ja Paula Puura.\" src=\"https:\/\/www.europesays.com\/fi\/wp-content\/uploads\/2025\/08\/39-1501738688ca94323f21.jpeg\" loading=\"lazy\" class=\"sc-dntSTA iywpZY\"\/><\/p>\n<p>Avaa kuvien katselu<\/p>\n<p>Sanni Hujanen ja Paula Puura kuuluvat Savonlinnan EASA-kes\u00e4koulun j\u00e4rjest\u00e4jiin. Kuva: Sami Ikonen \/ Yle<\/p>\n<p class=\"sc-jYczwO sc-ciCoXh bUKqJd cIOueB yle__article__paragraph\">Savonlinna kilpaili t\u00e4m\u00e4n vuoden tapahtumasta Oulun kanssa. Lopulta Saimaan ymp\u00e4rist\u00f6 vei vertailussa voiton. J\u00e4rjest\u00e4j\u00e4ryhm\u00e4n j\u00e4sen <strong class=\"sc-eEHciv gtNhAX yle__article__strong\">Sanni Hujanen<\/strong> kertoo, ett\u00e4 leirin eteen on tehty vapaaehtoisty\u00f6t\u00e4 noin kaksi vuotta.<\/p>\n<p class=\"sc-jYczwO sc-ciCoXh bUKqJd cIOueB yle__article__paragraph\">\u2013 T\u00e4m\u00e4 on ainutkertainen kokemus monelle osallistujalle. T\u00e4h\u00e4n menness\u00e4 asiat ovat sujuneet onnistuneesti, Hujanen kertoo leirin ensimm\u00e4isen kolmanneksen j\u00e4lkeen.<\/p>\n<p class=\"sc-jYczwO sc-ciCoXh bUKqJd cIOueB yle__article__paragraph\">Savonlinnan EASA p\u00e4\u00e4ttyy lauantaina avoimien ovien -p\u00e4iv\u00e4\u00e4n. Yleis\u00f6ll\u00e4 on Lehtiniemeen vapaa p\u00e4\u00e4sy tulla tutustumaan ty\u00f6pajojen tuotoksiin.<\/p>\n","protected":false},"excerpt":{"rendered":"Arkkitehtien kes\u00e4koulu j\u00e4rjestet\u00e4\u00e4n Suomessa kolmatta kertaa. Englantilaiset arkkitehdit ovat EASA-veteraaneja. Videon kuvaus: Sami Ikonen \/ Yle, editointi: Esa&hellip;\n","protected":false},"author":2,"featured_media":1081,"comment_status":"","ping_status":"","sticky":false,"template":"","format":"standard","meta":{"footnotes":""},"categories":[135],"tags":[1001,389,387,388,390,137,184,33,31,30,71,791,1003,1002,1000,32,394,393,391,392,109],"class_list":{"0":"post-1080","1":"post","2":"type-post","3":"status-publish","4":"format-standard","5":"has-post-thumbnail","7":"category-taiteet-ja-suunnittelu","8":"tag-arkkitehtuuri","9":"tag-arts","10":"tag-arts-and-design","11":"tag-artsanddesign","12":"tag-design","13":"tag-entertainment","14":"tag-etela-savo","15":"tag-fi","16":"tag-finland","17":"tag-finnish","18":"tag-kotimaa","19":"tag-opiskelu","20":"tag-rakentaminen","21":"tag-saimaa","22":"tag-savonlinna","23":"tag-suomi","24":"tag-suunnittelu","25":"tag-taiteet","26":"tag-taiteet-ja-suunnittelu","27":"tag-taiteetsuunnittelu","28":"tag-viihde"},"share_on_mastodon":{"url":"","error":""},"_links":{"self":[{"href":"https:\/\/www.europesays.com\/fi\/wp-json\/wp\/v2\/posts\/1080","targetHints":{"allow":["GET"]}}],"collection":[{"href":"https:\/\/www.europesays.com\/fi\/wp-json\/wp\/v2\/posts"}],"about":[{"href":"https:\/\/www.europesays.com\/fi\/wp-json\/wp\/v2\/types\/post"}],"author":[{"embeddable":true,"href":"https:\/\/www.europesays.com\/fi\/wp-json\/wp\/v2\/users\/2"}],"replies":[{"embeddable":true,"href":"https:\/\/www.europesays.com\/fi\/wp-json\/wp\/v2\/comments?post=1080"}],"version-history":[{"count":0,"href":"https:\/\/www.europesays.com\/fi\/wp-json\/wp\/v2\/posts\/1080\/revisions"}],"wp:featuredmedia":[{"embeddable":true,"href":"https:\/\/www.europesays.com\/fi\/wp-json\/wp\/v2\/media\/1081"}],"wp:attachment":[{"href":"https:\/\/www.europesays.com\/fi\/wp-json\/wp\/v2\/media?parent=1080"}],"wp:term":[{"taxonomy":"category","embeddable":true,"href":"https:\/\/www.europesays.com\/fi\/wp-json\/wp\/v2\/categories?post=1080"},{"taxonomy":"post_tag","embeddable":true,"href":"https:\/\/www.europesays.com\/fi\/wp-json\/wp\/v2\/tags?post=1080"}],"curies":[{"name":"wp","href":"https:\/\/api.w.org\/{rel}","templated":true}]}}