{"id":108001,"date":"2025-12-05T01:01:08","date_gmt":"2025-12-05T01:01:08","guid":{"rendered":"https:\/\/www.europesays.com\/fi\/108001\/"},"modified":"2025-12-05T01:01:08","modified_gmt":"2025-12-05T01:01:08","slug":"koneen-talousjohtaja-edisti-perheenjasenensa-kesatyonhakua-sai-moitteet","status":"publish","type":"post","link":"https:\/\/www.europesays.com\/fi\/108001\/","title":{"rendered":"Koneen talousjohtaja edisti perheenj\u00e4senens\u00e4 kes\u00e4ty\u00f6nhakua, sai moitteet"},"content":{"rendered":"<p>Opiskelijat|HS:n selvitys johti sis\u00e4iseen tutkintaan Koneessa. Tapaus her\u00e4tt\u00e4\u00e4 kysymyksi\u00e4 opiskelijoiden tasavertaisesta kohtelusta kiivaasti kilpailluissa hauissa.<\/p>\n<p class=\"article-body mb-nof-24 px-nof-16\">Hissivalmistaja Koneen talousjohtaja <a class=\"article-personlink\" href=\"https:\/\/www.hs.fi\/haku\/?query=Ilkka%20Hara\" rel=\"nofollow noopener\" target=\"_blank\">Ilkka Hara<\/a> on saanut ty\u00f6nantajaltaan moitteet liittyen tapaukseen, jossa h\u00e4n edisti perheenj\u00e4senens\u00e4 kes\u00e4ty\u00f6nhakua.<\/p>\n<p class=\"article-body mb-nof-24 px-nof-16\">Yhti\u00f6n ylimp\u00e4\u00e4n johtoon kuuluva Hara oli HS:n tietojen mukaan syksyll\u00e4 yhteydess\u00e4 Danske Bankiin, jolle Kone on merkitt\u00e4v\u00e4 asiakas. Hara toi esiin perheenj\u00e4senens\u00e4 tarpeen kes\u00e4ty\u00f6- tai harjoittelupaikalle.<\/p>\n","protected":false},"excerpt":{"rendered":"Opiskelijat|HS:n selvitys johti sis\u00e4iseen tutkintaan Koneessa. Tapaus her\u00e4tt\u00e4\u00e4 kysymyksi\u00e4 opiskelijoiden tasavertaisesta kohtelusta kiivaasti kilpailluissa hauissa. Hissivalmistaja Koneen talousjohtaja&hellip;\n","protected":false},"author":2,"featured_media":108002,"comment_status":"","ping_status":"","sticky":false,"template":"","format":"standard","meta":{"footnotes":""},"categories":[76],"tags":[79,77,33,31,30,46,32,78],"class_list":{"0":"post-108001","1":"post","2":"type-post","3":"status-publish","4":"format-standard","5":"has-post-thumbnail","7":"category-talous","8":"tag-business","9":"tag-economy","10":"tag-fi","11":"tag-finland","12":"tag-finnish","13":"tag-helsingin-sanomat","14":"tag-suomi","15":"tag-talous"},"share_on_mastodon":{"url":"https:\/\/pubeurope.com\/@fi\/115664262525868420","error":""},"_links":{"self":[{"href":"https:\/\/www.europesays.com\/fi\/wp-json\/wp\/v2\/posts\/108001","targetHints":{"allow":["GET"]}}],"collection":[{"href":"https:\/\/www.europesays.com\/fi\/wp-json\/wp\/v2\/posts"}],"about":[{"href":"https:\/\/www.europesays.com\/fi\/wp-json\/wp\/v2\/types\/post"}],"author":[{"embeddable":true,"href":"https:\/\/www.europesays.com\/fi\/wp-json\/wp\/v2\/users\/2"}],"replies":[{"embeddable":true,"href":"https:\/\/www.europesays.com\/fi\/wp-json\/wp\/v2\/comments?post=108001"}],"version-history":[{"count":0,"href":"https:\/\/www.europesays.com\/fi\/wp-json\/wp\/v2\/posts\/108001\/revisions"}],"wp:featuredmedia":[{"embeddable":true,"href":"https:\/\/www.europesays.com\/fi\/wp-json\/wp\/v2\/media\/108002"}],"wp:attachment":[{"href":"https:\/\/www.europesays.com\/fi\/wp-json\/wp\/v2\/media?parent=108001"}],"wp:term":[{"taxonomy":"category","embeddable":true,"href":"https:\/\/www.europesays.com\/fi\/wp-json\/wp\/v2\/categories?post=108001"},{"taxonomy":"post_tag","embeddable":true,"href":"https:\/\/www.europesays.com\/fi\/wp-json\/wp\/v2\/tags?post=108001"}],"curies":[{"name":"wp","href":"https:\/\/api.w.org\/{rel}","templated":true}]}}