{"id":108003,"date":"2025-12-05T01:02:12","date_gmt":"2025-12-05T01:02:12","guid":{"rendered":"https:\/\/www.europesays.com\/fi\/108003\/"},"modified":"2025-12-05T01:02:12","modified_gmt":"2025-12-05T01:02:12","slug":"venajan-lentoyhtioiden-koneiden-lahelta-piti-tilanteet-nelinkertaistuivat","status":"publish","type":"post","link":"https:\/\/www.europesays.com\/fi\/108003\/","title":{"rendered":"Ven\u00e4j\u00e4n lentoyhti\u00f6iden koneiden l\u00e4helt\u00e4 piti -tilanteet nelinkertaistuivat"},"content":{"rendered":"<p>Novaja Gazetan <a href=\"https:\/\/novayagazeta.eu\/articles\/2025\/12\/02\/obshivku-sryvaet-vo-vremia-poleta\" target=\"_blank\" rel=\"nofollow noopener\">mukaan <\/a>kuluvan vuoden tammi-marraskuussa Ven\u00e4j\u00e4n lentoyhti\u00f6iden koneisiin liittyv\u00e4t l\u00e4helt\u00e4 piti -tilanteet kasvoivat noin nelinkertaisesti edellisvuodesta. Taustasyin\u00e4 ovat pakotteet ja olematon kotimainen varaosatuotanto.<\/p>\n<p>Ven\u00e4j\u00e4n aloitettua laajamittaisen hy\u00f6kk\u00e4yssodan Ukrainaa vastaan l\u00e4nsi asetti Ven\u00e4j\u00e4n ilmailuteollisuudelle pakotteita, ja EU:n ja Yhdysvaltain ilmatila ev\u00e4ttiin ven\u00e4l\u00e4isilt\u00e4 lentoyhti\u00f6ilt\u00e4 samoin kuin varaosien ostaminen ulkomaisiin konetyyppeihin. Aviaincidentin datan mukaan lentojen peruuntumisiin tai h\u00e4t\u00e4tilanteisiin johtaneiden vikojen m\u00e4\u00e4r\u00e4 oli yli 800, kun edellisvuoden vastaavana aikana niiden m\u00e4\u00e4r\u00e4 oli v\u00e4h\u00e4n yli 200. L\u00e4helt\u00e4 piti -tilanteisiin on liittynyt muun muassa py\u00f6r\u00e4jarrujen toimintaongelmia laskeutumisissa ja moottorien suojalevyjen irtoamisia lennon aikana.<\/p>\n<p>Lokakuun alussa Ven\u00e4j\u00e4n federaation ilmaliikenneviraston eli Rosaviatsijan johtaja <strong>Dmitri Jadrov<\/strong> <a href=\"https:\/\/tass.ru\/ekonomika\/25271049\" target=\"_blank\" rel=\"nofollow noopener\">lausui<\/a>, ett\u00e4 \u201dpessimistisen ennusteen mukaan\u201d Ven\u00e4j\u00e4 voi menett\u00e4\u00e4 339 lentokonetta, mukaan lukien 109 ulkomailla valmistettua konetta, seuraavan viiden vuoden aikana.<\/p>\n<p>\u2013 Lis\u00e4ksi suunnittelemme poistavamme k\u00e4yt\u00f6st\u00e4 200 helikopteria \u2013 190 kotimaassa ja 10 ulkomailla valmistettua helikopteria, h\u00e4n totesi.<\/p>\n<p>Rosaviatsijan mukaan ven\u00e4l\u00e4isill\u00e4 lentoyhti\u00f6ill\u00e4 on 1135 ilma-alusta, joista 1088 on operatiivisia.<\/p>\n<p>Kuluvana vuonna Ven\u00e4j\u00e4n kaupallisessa ilmailussa on n\u00e4hty kaksi pienemp\u00e4\u00e4 onnettomuutta ja kaksi maahansy\u00f6ksy\u00e4, joissa on kuollut yhteens\u00e4 53 ihmist\u00e4. Tuhoisin niist\u00e4 oli Angara Airlinesin Antonov An-24:n maahansy\u00f6ksy hein\u00e4kuun lopulla. Amurin alueella tapahtuneessa onnettomuudessa sai surmansa 43 matkustajaa ja kuusi miehist\u00f6n j\u00e4sent\u00e4. Onnettomuuden syyksi arvioitiin lent\u00e4j\u00e4n tekem\u00e4 virhe 15 kilometri\u00e4 ennen laskeutumista.<\/p>\n<p>Ven\u00e4j\u00e4ll\u00e4 liikennett\u00e4 valvova Rostransnadzor on <a href=\"https:\/\/tass.ru\/ekonomika\/25291659\" target=\"_blank\" rel=\"nofollow noopener\">ilmoittanut<\/a> tarkastavansa 51 alueellista lentoyhti\u00f6t\u00e4 l\u00e4helt\u00e4 piti -tilanteiden kasvavan m\u00e4\u00e4r\u00e4n takia. Ven\u00e4j\u00e4n hallitus on ohjeistanut virastoa torjumaan \u201dlentoyhti\u00f6iden ilmailulakien rikkomuksiin liittyv\u00e4 kielteinen suuntaus\u201d.<\/p>\n","protected":false},"excerpt":{"rendered":"Novaja Gazetan mukaan kuluvan vuoden tammi-marraskuussa Ven\u00e4j\u00e4n lentoyhti\u00f6iden koneisiin liittyv\u00e4t l\u00e4helt\u00e4 piti -tilanteet kasvoivat noin nelinkertaisesti edellisvuodesta. Taustasyin\u00e4&hellip;\n","protected":false},"author":2,"featured_media":108004,"comment_status":"","ping_status":"","sticky":false,"template":"","format":"standard","meta":{"footnotes":""},"categories":[14],"tags":[22,23,26,27,33,31,30,17,24,25,28,29,15,18,21,32,19,20,56,16,59,60,61],"class_list":{"0":"post-108003","1":"post","2":"type-post","3":"status-publish","4":"format-standard","5":"has-post-thumbnail","7":"category-ulkomaat","8":"tag-breaking-news","9":"tag-breakingnews","10":"tag-featured-news","11":"tag-featurednews","12":"tag-fi","13":"tag-finland","14":"tag-finnish","15":"tag-headlines","16":"tag-latest-news","17":"tag-latestnews","18":"tag-main-news","19":"tag-mainnews","20":"tag-news","21":"tag-otsikot","22":"tag-paauutiset","23":"tag-suomi","24":"tag-top-stories","25":"tag-topstories","26":"tag-ulkomaat","27":"tag-uutiset","28":"tag-world","29":"tag-world-news","30":"tag-worldnews"},"share_on_mastodon":{"url":"https:\/\/pubeurope.com\/@fi\/115664266438062692","error":""},"_links":{"self":[{"href":"https:\/\/www.europesays.com\/fi\/wp-json\/wp\/v2\/posts\/108003","targetHints":{"allow":["GET"]}}],"collection":[{"href":"https:\/\/www.europesays.com\/fi\/wp-json\/wp\/v2\/posts"}],"about":[{"href":"https:\/\/www.europesays.com\/fi\/wp-json\/wp\/v2\/types\/post"}],"author":[{"embeddable":true,"href":"https:\/\/www.europesays.com\/fi\/wp-json\/wp\/v2\/users\/2"}],"replies":[{"embeddable":true,"href":"https:\/\/www.europesays.com\/fi\/wp-json\/wp\/v2\/comments?post=108003"}],"version-history":[{"count":0,"href":"https:\/\/www.europesays.com\/fi\/wp-json\/wp\/v2\/posts\/108003\/revisions"}],"wp:featuredmedia":[{"embeddable":true,"href":"https:\/\/www.europesays.com\/fi\/wp-json\/wp\/v2\/media\/108004"}],"wp:attachment":[{"href":"https:\/\/www.europesays.com\/fi\/wp-json\/wp\/v2\/media?parent=108003"}],"wp:term":[{"taxonomy":"category","embeddable":true,"href":"https:\/\/www.europesays.com\/fi\/wp-json\/wp\/v2\/categories?post=108003"},{"taxonomy":"post_tag","embeddable":true,"href":"https:\/\/www.europesays.com\/fi\/wp-json\/wp\/v2\/tags?post=108003"}],"curies":[{"name":"wp","href":"https:\/\/api.w.org\/{rel}","templated":true}]}}