{"id":108005,"date":"2025-12-05T01:03:12","date_gmt":"2025-12-05T01:03:12","guid":{"rendered":"https:\/\/www.europesays.com\/fi\/108005\/"},"modified":"2025-12-05T01:03:12","modified_gmt":"2025-12-05T01:03:12","slug":"poliisi-loysi-vaarallisesti-kaahanneen-autoilijan-vesiojasta-sammuneena-etsinnoissa-oli-apuna-myos-drooni-etela-pohjanmaa","status":"publish","type":"post","link":"https:\/\/www.europesays.com\/fi\/108005\/","title":{"rendered":"Poliisi l\u00f6ysi vaarallisesti kaahanneen autoilijan vesiojasta sammuneena \u2013 etsinn\u00f6iss\u00e4 oli apuna my\u00f6s drooni | Etel\u00e4-Pohjanmaa"},"content":{"rendered":"<p class=\"aw-1gybjub aw-5vja16 kEtdKx kmuxyA yle__article__paragraph\">Kuljettaja aiheutti useita vaaratilanteita Ilmajoella ja ajoi muun muassa vastaantulevien kaistalla.<\/p>\n<p><img decoding=\"async\" alt=\"poliisiauton katon vilkku.\" src=\"https:\/\/www.europesays.com\/fi\/wp-content\/uploads\/2025\/08\/39-135049466eac5ba96df8.jpeg\" class=\"aw-1l9m598 hKVVvP\"\/><\/p>\n<p>Avaa kuvien katselu<\/p>\n<p>Kuva: Jarkko Heikkinen \/ Yle<\/p>\n<p class=\"aw-1gybjub aw-1p7kakr kEtdKx cEmitX yle__article__paragraph\">Poliisi l\u00f6ysi vaarallisesti ajaneen autoilijan sammuneena vesiojasta keskiviikkoiltana Kurikassa.<\/p>\n<p class=\"aw-1gybjub aw-1p7kakr kEtdKx cEmitX yle__article__paragraph\">Etsinn\u00e4t kestiv\u00e4t arviolta tunnin ja apuna k\u00e4ytettiin my\u00f6s l\u00e4mp\u00f6kameralla varustettua droonia, kertoo Pohjanmaan poliisi tiedotteessaan.<\/p>\n<p class=\"aw-1gybjub aw-1p7kakr kEtdKx cEmitX yle__article__paragraph\">Henkil\u00f6auton kuljettaja aiheutti tiell\u00e4 useita vaaratilanteita muun muassa ajamalla vastaantulevien kaistalla.<\/p>\n<p class=\"aw-1gybjub aw-1p7kakr kEtdKx cEmitX yle__article__paragraph\">H\u00e4t\u00e4keskus sai useita ilmoituksia autoilijasta, joka t\u00f6rm\u00e4si edell\u00e4 ajaneen per\u00e4\u00e4n Ilmajoen Ahonkyl\u00e4n risteyksess\u00e4. Autoilija pakeni paikalta Kurikan suuntaan kovalla vauhdilla.<\/p>\n<p class=\"aw-1gybjub aw-1p7kakr kEtdKx cEmitX yle__article__paragraph\">Noin tunnin kuluttua poliisipartio l\u00f6ysi auton ojasta Varpahaiskyl\u00e4ntielt\u00e4 Kurikasta.<\/p>\n<p class=\"aw-1gybjub aw-1p7kakr kEtdKx cEmitX yle__article__paragraph\">Autossa oli h\u00e4t\u00e4vilkut p\u00e4\u00e4ll\u00e4, ja turvatyynyt olivat lauenneet.<\/p>\n<p class=\"aw-1gybjub aw-1p7kakr kEtdKx cEmitX yle__article__paragraph\">Lopulta tajuton mies l\u00f6ydettiin droonin avulla syv\u00e4st\u00e4 vesiojasta. H\u00e4n oli her\u00e4tett\u00e4ess\u00e4 sekava ja antoi huumepikatestiss\u00e4 positiivisen tuloksen, tiedotteessa kerrotaan. Mies vietiin sairaalaan tarkastettavaksi.<\/p>\n<p class=\"aw-1gybjub aw-1p7kakr kEtdKx cEmitX yle__article__paragraph\">Poliisi ep\u00e4ilee miest\u00e4 t\u00f6rke\u00e4st\u00e4 liikenneturvallisuuden vaarantamisesta ja t\u00f6rke\u00e4st\u00e4 rattijuopumuksesta.<\/p>\n","protected":false},"excerpt":{"rendered":"Kuljettaja aiheutti useita vaaratilanteita Ilmajoella ja ajoi muun muassa vastaantulevien kaistalla. Avaa kuvien katselu Kuva: Jarkko Heikkinen \/&hellip;\n","protected":false},"author":2,"featured_media":11592,"comment_status":"","ping_status":"","sticky":false,"template":"","format":"standard","meta":{"footnotes":""},"categories":[12],"tags":[5796,22,23,1377,26,27,33,31,30,17,8112,5291,71,5542,24,25,4499,28,29,15,18,21,449,52,11343,32,19,20,16],"class_list":{"0":"post-108005","1":"post","2":"type-post","3":"status-publish","4":"format-standard","5":"has-post-thumbnail","7":"category-suomi","8":"tag-autoilijat","9":"tag-breaking-news","10":"tag-breakingnews","11":"tag-etela-pohjanmaa","12":"tag-featured-news","13":"tag-featurednews","14":"tag-fi","15":"tag-finland","16":"tag-finnish","17":"tag-headlines","18":"tag-henkiloautot","19":"tag-ilmajoki","20":"tag-kotimaa","21":"tag-kurikka","22":"tag-latest-news","23":"tag-latestnews","24":"tag-liikennerikkomukset","25":"tag-main-news","26":"tag-mainnews","27":"tag-news","28":"tag-otsikot","29":"tag-paauutiset","30":"tag-pohjanmaa","31":"tag-poliisi","32":"tag-poliisipartio","33":"tag-suomi","34":"tag-top-stories","35":"tag-topstories","36":"tag-uutiset"},"share_on_mastodon":{"url":"https:\/\/pubeurope.com\/@fi\/115664270496595662","error":""},"_links":{"self":[{"href":"https:\/\/www.europesays.com\/fi\/wp-json\/wp\/v2\/posts\/108005","targetHints":{"allow":["GET"]}}],"collection":[{"href":"https:\/\/www.europesays.com\/fi\/wp-json\/wp\/v2\/posts"}],"about":[{"href":"https:\/\/www.europesays.com\/fi\/wp-json\/wp\/v2\/types\/post"}],"author":[{"embeddable":true,"href":"https:\/\/www.europesays.com\/fi\/wp-json\/wp\/v2\/users\/2"}],"replies":[{"embeddable":true,"href":"https:\/\/www.europesays.com\/fi\/wp-json\/wp\/v2\/comments?post=108005"}],"version-history":[{"count":0,"href":"https:\/\/www.europesays.com\/fi\/wp-json\/wp\/v2\/posts\/108005\/revisions"}],"wp:featuredmedia":[{"embeddable":true,"href":"https:\/\/www.europesays.com\/fi\/wp-json\/wp\/v2\/media\/11592"}],"wp:attachment":[{"href":"https:\/\/www.europesays.com\/fi\/wp-json\/wp\/v2\/media?parent=108005"}],"wp:term":[{"taxonomy":"category","embeddable":true,"href":"https:\/\/www.europesays.com\/fi\/wp-json\/wp\/v2\/categories?post=108005"},{"taxonomy":"post_tag","embeddable":true,"href":"https:\/\/www.europesays.com\/fi\/wp-json\/wp\/v2\/tags?post=108005"}],"curies":[{"name":"wp","href":"https:\/\/api.w.org\/{rel}","templated":true}]}}