{"id":108006,"date":"2025-12-05T01:04:09","date_gmt":"2025-12-05T01:04:09","guid":{"rendered":"https:\/\/www.europesays.com\/fi\/108006\/"},"modified":"2025-12-05T01:04:09","modified_gmt":"2025-12-05T01:04:09","slug":"britannia-ja-norja-allekirjoittivat-sopimuksen-venalaisten-sukellusveneiden-paikantamiseen-uutisia-lyhyesti","status":"publish","type":"post","link":"https:\/\/www.europesays.com\/fi\/108006\/","title":{"rendered":"Britannia ja Norja allekirjoittivat sopimuksen ven\u00e4l\u00e4isten sukellusveneiden paikantamiseen | Uutisia lyhyesti"},"content":{"rendered":"<p class=\"aw-1gybjub aw-5vja16 kEtdKx kmuxyA yle__article__paragraph\">Sopimuksen tarkoituksena on suojella muun muassa merenalaisia kaapeleita. <\/p>\n<p class=\"aw-1gybjub aw-1p7kakr kEtdKx cEmitX yle__article__paragraph\">Britannia ja Norja ovat allekirjoittaneet puolustussopimuksen, jonka my\u00f6t\u00e4 ne tulevat jatkossa k\u00e4ytt\u00e4m\u00e4\u00e4n yhdess\u00e4 laivastojensa aluksia ven\u00e4l\u00e4isten sukellusveneiden paikantamiseen Pohjois-Atlantilla. Asiasta tiedottaneen Britannian puolustusministeri\u00f6n mukaan yhteislaivastoon kuuluu ainakin 13 alusta.<\/p>\n<p class=\"aw-1gybjub aw-1p7kakr kEtdKx cEmitX yle__article__paragraph\">Sopimuksen tarkoituksena on suojella muun muassa merenalaisia kaapeleita. Britannian puolustusministeri\u00f6n mukaan Britannian aluevesill\u00e4 havaittujen ven\u00e4l\u00e4isten alusten m\u00e4\u00e4r\u00e4 on kasvanut 30 prosentilla viimeisen kahden vuoden aikana.<\/p>\n<p class=\"aw-1gybjub aw-1p7kakr kEtdKx cEmitX yle__article__paragraph\">Sopimuksen mukaan maiden laivastot operoivat brittil\u00e4isvalmisteisia tyypin 26 fregatteja.<\/p>\n<p class=\"aw-1gybjub aw-1p7kakr kEtdKx cEmitX yle__article__paragraph\">Britannian p\u00e4\u00e4ministeri <strong class=\"aw-ak79eh KyCXm yle__article__strong\">Keir Starmer<\/strong> kutsui sopimusta historialliseksi. Starmerin mukaan sopimus vahvistaa Britannian kyky\u00e4 suojella kriittist\u00e4 infrastruktuuriaan.<\/p>\n","protected":false},"excerpt":{"rendered":"Sopimuksen tarkoituksena on suojella muun muassa merenalaisia kaapeleita. Britannia ja Norja ovat allekirjoittaneet puolustussopimuksen, jonka my\u00f6t\u00e4 ne tulevat&hellip;\n","protected":false},"author":2,"featured_media":74,"comment_status":"","ping_status":"","sticky":false,"template":"","format":"standard","meta":{"footnotes":""},"categories":[5],"tags":[22,23,1775,26,27,33,31,30,20269,17,70,10517,24,25,28,29,4099,15,18,21,11591,6752,16247,32,19,20,56,16,547,20268,20267],"class_list":{"0":"post-108006","1":"post","2":"type-post","3":"status-publish","4":"format-standard","5":"has-post-thumbnail","7":"category-otsikot","8":"tag-breaking-news","9":"tag-breakingnews","10":"tag-britannia","11":"tag-featured-news","12":"tag-featurednews","13":"tag-fi","14":"tag-finland","15":"tag-finnish","16":"tag-fregatti-laivasto","17":"tag-headlines","18":"tag-kansainvalinen-politiikka","19":"tag-keir-starmer","20":"tag-latest-news","21":"tag-latestnews","22":"tag-main-news","23":"tag-mainnews","24":"tag-merivoimat","25":"tag-news","26":"tag-otsikot","27":"tag-paauutiset","28":"tag-puolustusministerio","29":"tag-sopimukset","30":"tag-sukellusveneet","31":"tag-suomi","32":"tag-top-stories","33":"tag-topstories","34":"tag-ulkomaat","35":"tag-uutiset","36":"tag-venaja","37":"tag-venajan-laivasto","38":"tag-venalaiset-sukellusveneet"},"share_on_mastodon":{"url":"","error":"Validation failed: Text character limit of 500 exceeded"},"_links":{"self":[{"href":"https:\/\/www.europesays.com\/fi\/wp-json\/wp\/v2\/posts\/108006","targetHints":{"allow":["GET"]}}],"collection":[{"href":"https:\/\/www.europesays.com\/fi\/wp-json\/wp\/v2\/posts"}],"about":[{"href":"https:\/\/www.europesays.com\/fi\/wp-json\/wp\/v2\/types\/post"}],"author":[{"embeddable":true,"href":"https:\/\/www.europesays.com\/fi\/wp-json\/wp\/v2\/users\/2"}],"replies":[{"embeddable":true,"href":"https:\/\/www.europesays.com\/fi\/wp-json\/wp\/v2\/comments?post=108006"}],"version-history":[{"count":0,"href":"https:\/\/www.europesays.com\/fi\/wp-json\/wp\/v2\/posts\/108006\/revisions"}],"wp:featuredmedia":[{"embeddable":true,"href":"https:\/\/www.europesays.com\/fi\/wp-json\/wp\/v2\/media\/74"}],"wp:attachment":[{"href":"https:\/\/www.europesays.com\/fi\/wp-json\/wp\/v2\/media?parent=108006"}],"wp:term":[{"taxonomy":"category","embeddable":true,"href":"https:\/\/www.europesays.com\/fi\/wp-json\/wp\/v2\/categories?post=108006"},{"taxonomy":"post_tag","embeddable":true,"href":"https:\/\/www.europesays.com\/fi\/wp-json\/wp\/v2\/tags?post=108006"}],"curies":[{"name":"wp","href":"https:\/\/api.w.org\/{rel}","templated":true}]}}