{"id":108007,"date":"2025-12-05T01:23:09","date_gmt":"2025-12-05T01:23:09","guid":{"rendered":"https:\/\/www.europesays.com\/fi\/108007\/"},"modified":"2025-12-05T01:23:09","modified_gmt":"2025-12-05T01:23:09","slug":"kiekko-pojat-hukkasi-viiden-maalin-johtoasemansa-18-minuutissa-ja-havisi-sarjajumbolle-jatkoaika-com","status":"publish","type":"post","link":"https:\/\/www.europesays.com\/fi\/108007\/","title":{"rendered":"Kiekko-Pojat hukkasi viiden maalin johtoasemansa 18 minuutissa ja h\u00e4visi sarjajumbolle &#8211; Jatkoaika.com"},"content":{"rendered":"<ol>\n<li><a href=\"https:\/\/news.google.com\/rss\/articles\/CBMizAFBVV95cUxOZl95ZVhEYmQ0ZmxSSDZRb241eWJuSHpTM2NVV09DSDVxb2JrQjdId1RmdUdnX19Zdk9ETXN3anJGY2RtRExmZEVwQ09VOVRrRmRlQmEtVk04emxiODBDSS1scGVkbUpablg2SjJxbmR3YjVUZ1RIUzBMS18tOWhqOXI3S1E3U2t2UjBhTl9fS1dRN25Ha2NfZTFvOGdRMk5SLTJ3NWFwUGxCbnBySDJwaVEzMERMcmFYelc2UzhCN0dwTEZFaWJLRVBoY2o?oc=5\" target=\"_blank\" rel=\"nofollow noopener\">Kiekko-Pojat hukkasi viiden maalin johtoasemansa 18 minuutissa ja h\u00e4visi sarjajumbolle<\/a>&nbsp;&nbsp;Jatkoaika.com<\/li>\n<li><a href=\"https:\/\/news.google.com\/rss\/articles\/CBMifkFVX3lxTE9ldElObjY4bWExTEVhZUVDY0xNTzlkSTlDbzI2dEtuY3dKMDhvVmV0X2JvaTRVdTVNdWlmblVyQmE0Q1dYUGI1MDR3TVVLYjJJaXgtaHFkdTV2Z1hmWlFUWXhUUUtpYlgzX19sNDh1a0QtVmFlcVJ5SVRHSU1DUQ?oc=5\" target=\"_blank\" rel=\"nofollow noopener\">Mestiksen jumbo onnistui l\u00e4hes mahdottomassa<\/a>&nbsp;&nbsp;Iltalehti<\/li>\n<li><a href=\"https:\/\/news.google.com\/rss\/articles\/CBMi0wFBVV95cUxOck9DMkZCLWRJRG10ZldrMnpRb25YNWI4YTI1Vi1RR0FsVjNWaGJxbWxUTXVaNERyTUktX2lFRjNzaDJqY0F5YUlQVjkyVXI5Tjd4bVlNcFhTVV93MHNPWS1vbTlsaS1mR2VYRlZYUGZZQlV1aVBUcDBLM0Z2emk2OXpqVWFWTC1VWXA0c2V3cUFLUF81cnhHck9RS2ljd0NXNkMtdDJjWlJSbWdKVERKbUJud1pqLWRIVVNvaW1qSVJibkdRVVNwaTlMamRzcWp5dzJN?oc=5\" target=\"_blank\" rel=\"nofollow noopener\">Hermes ja JoKP j\u00e4rjestiv\u00e4t melkoisen n\u00e4yt\u00f6ksen \u2013 Viiden maalin johtoasema suli, kun kiekko sujahti verkkoon yhteens\u00e4 13 kertaa<\/a>&nbsp;&nbsp;Keskipohjanmaa<\/li>\n<li><a href=\"https:\/\/news.google.com\/rss\/articles\/CBMikgJBVV95cUxNZWhmbHVoeHZkaXQtck01bUhZYlJBLWotMkVhb1ZFaDZNM25JVnBUSTFmSm1wOEV1N0JRbk9tVVBXaXh6RmNsdnBtUkFPZ09BWWJJX204RkJvWlZHVEdteXl3eWU3R3pTMXpXZ3ZId2pvazRMU0I5TFBiRGNZUHp0UlJqd1VhdXEtcnRWUTdZTUdGQnYybXNra1JoRE8tcy1WQWx4eG5zNzkwa1dMLWlPY3pLTmlTLXZEbGFCOEg0bGE0N3ZsR2pLUWc2TmVWTHJSZEJ2RHYwYUNmUGxROE5JQTJBci1iOEE1M3pDRFk3Q0dIamdjdWlJNkVIR1RSMjgzM3pJZ1I0ckRoQkJfTFdhNTdR?oc=5\" target=\"_blank\" rel=\"nofollow noopener\">Mestiksess\u00e4 n\u00e4htiin todella h\u00e4mment\u00e4v\u00e4 sulaminen \u2013 toi mieleen katkeria muistoja kev\u00e4\u00e4lt\u00e4 2003<\/a>&nbsp;&nbsp;MSN<\/li>\n<li><a href=\"https:\/\/news.google.com\/rss\/articles\/CBMisAFBVV95cUxNTXhFbDV2cWdUX3F1dmdicTZGNm9Ob2VWX241bV9Xb0FxNU42WHhleU5KZUhRVWxaRTR4aW5wMEVPQ1NWbUNVUm1kRDVZeWdEM3A1MkltSkViaG9sNDVKVlJFZnAxWlZRSkxDRTJ1LWxwOWR5SFdDWUpMSEdXV2t4dXdvTTUxQjJIVFFHOUtBRUxnT3duVWZvRjFScFVmY1h2TGNIOVpBamJRZFR3X0xkeQ?oc=5\" target=\"_blank\" rel=\"nofollow noopener\">Hermes nousi viiden maalin takaa voittoon &#8211; KeuPalle ja IPK:lle 3 pistett\u00e4<\/a>&nbsp;&nbsp;Mestis.fi<\/li>\n<\/ol>\n","protected":false},"excerpt":{"rendered":"Kiekko-Pojat hukkasi viiden maalin johtoasemansa 18 minuutissa ja h\u00e4visi sarjajumbolle&nbsp;&nbsp;Jatkoaika.com Mestiksen jumbo onnistui l\u00e4hes mahdottomassa&nbsp;&nbsp;Iltalehti Hermes ja JoKP&hellip;\n","protected":false},"author":2,"featured_media":108008,"comment_status":"","ping_status":"","sticky":false,"template":"","format":"standard","meta":{"footnotes":""},"categories":[158],"tags":[33,31,30,20270,159,32,160],"class_list":{"0":"post-108007","1":"post","2":"type-post","3":"status-publish","4":"format-standard","5":"has-post-thumbnail","7":"category-urheilu","8":"tag-fi","9":"tag-finland","10":"tag-finnish","11":"tag-kiekko-pojat-hukkasi-viiden-maalin-johtoasemansa-18-minuutissa-ja-havisi-sarjajumbolle-mestis-04-12-2025-uutiset-jatkoaika-com-kaikki-jaakiekosta","12":"tag-sports","13":"tag-suomi","14":"tag-urheilu"},"share_on_mastodon":{"url":"https:\/\/pubeurope.com\/@fi\/115664349187915508","error":""},"_links":{"self":[{"href":"https:\/\/www.europesays.com\/fi\/wp-json\/wp\/v2\/posts\/108007","targetHints":{"allow":["GET"]}}],"collection":[{"href":"https:\/\/www.europesays.com\/fi\/wp-json\/wp\/v2\/posts"}],"about":[{"href":"https:\/\/www.europesays.com\/fi\/wp-json\/wp\/v2\/types\/post"}],"author":[{"embeddable":true,"href":"https:\/\/www.europesays.com\/fi\/wp-json\/wp\/v2\/users\/2"}],"replies":[{"embeddable":true,"href":"https:\/\/www.europesays.com\/fi\/wp-json\/wp\/v2\/comments?post=108007"}],"version-history":[{"count":0,"href":"https:\/\/www.europesays.com\/fi\/wp-json\/wp\/v2\/posts\/108007\/revisions"}],"wp:featuredmedia":[{"embeddable":true,"href":"https:\/\/www.europesays.com\/fi\/wp-json\/wp\/v2\/media\/108008"}],"wp:attachment":[{"href":"https:\/\/www.europesays.com\/fi\/wp-json\/wp\/v2\/media?parent=108007"}],"wp:term":[{"taxonomy":"category","embeddable":true,"href":"https:\/\/www.europesays.com\/fi\/wp-json\/wp\/v2\/categories?post=108007"},{"taxonomy":"post_tag","embeddable":true,"href":"https:\/\/www.europesays.com\/fi\/wp-json\/wp\/v2\/tags?post=108007"}],"curies":[{"name":"wp","href":"https:\/\/api.w.org\/{rel}","templated":true}]}}