{"id":108009,"date":"2025-12-05T01:24:12","date_gmt":"2025-12-05T01:24:12","guid":{"rendered":"https:\/\/www.europesays.com\/fi\/108009\/"},"modified":"2025-12-05T01:24:12","modified_gmt":"2025-12-05T01:24:12","slug":"joulupukin-kuuma-linja-34-vuotta-suomalaista-joulutraditiota","status":"publish","type":"post","link":"https:\/\/www.europesays.com\/fi\/108009\/","title":{"rendered":"Joulupukin kuuma linja: 34 vuotta suomalaista joulutraditiota"},"content":{"rendered":"<p>            Jussi Pennanen\n        <\/p>\n<p class=\"subtitle \">Ylen suosikkijouluohjelman sometili aktivoitui vuoden tauon j\u00e4lkeen.<\/p>\n<p class=\"article-content article-content-width !bg-background\">L\u00e4mminhenkinen Joulupukin kuuma linja -ohjelma t\u00e4ytt\u00e4\u00e4 t\u00e4n\u00e4 jouluna jo 34 vuotta.<\/p>\n<p class=\"font-weight-bold m-font-weight-bold article-content article-content-width !bg-background\">Video: Juha Miedon lempijoulumuisto:<\/p>\n<p class=\"article-content article-content-width !bg-background\">Yli puoli miljoonaa suomalaista television \u00e4\u00e4reen aattoaamuisin ker\u00e4\u00e4v\u00e4 suora l\u00e4hetys on pysynyt vuodesta toiseen samanlaisena. Joulupukki juttelee l\u00e4hetykseen soittaville lapsille. Tontut hy\u00f6riv\u00e4t jouluaskareiden parissa, v\u00e4lill\u00e4 lauletaan, luetaan joulutervehdyksi\u00e4 ja katsotaan piirrettyj\u00e4.<\/p>\n<p>        <a itemprop=\"url\" href=\"https:\/\/www.seiska.fi\/katso\/nain-joulupukin-kuuma-linja-todellisuudessa-tehdaan-tontuiksi-paasevat-vain-harvat-ja-valitut\/1562032\" rel=\"nofollow noopener\" target=\"_blank\"><\/p>\n<p class=\"section-date\">\n        <strong class=\"article-section\" data-section=\"katso\"><br \/>\n            katso<br \/>\n        <\/strong><br \/>\n        24.12.2024 06:15\n    <\/p>\n<p>N\u00e4in Joulupukin kuuma linja todellisuudessa tehd\u00e4\u00e4n \u2013 tontuiksi p\u00e4\u00e4sev\u00e4t vain harvat ja valitut\n    <\/p>\n<p itemprop=\"description\" class=\"subtitle \">\n    Punanuttu avaa aattoaamun j\u00e4lleen 24. joulukuuta.\n<\/p>\n<p>        <\/a><\/p>\n<p>Tili her\u00e4si eloon<\/p>\n<p class=\"article-content article-content-width !bg-background\"><a href=\"https:\/\/www.instagram.com\/joulupukinkuumalinja_yle\/?utm_source=ig_embed\" target=\"_blank\" rel=\"nofollow noopener\">Joulupukin kuuman linjan Instagram-tili aktivoitui<\/a> joulukuun alussa vuoden hiljaiselon j\u00e4lkeen. Tilill\u00e4 muistutellaan, ett\u00e4 ohjelma n\u00e4hd\u00e4\u00e4n taas tuttuun tapaan jouluaattoaamuna.<\/p>\n<p class=\"article-content article-content-width !bg-background\">Julkaisun kuvassa n\u00e4hd\u00e4\u00e4n joulupukin sijaan nettitonttu.<\/p>\n<p class=\"article-content article-content-width !bg-background\">\u2013 En\u00e4\u00e4 23 y\u00f6t\u00e4 aattoon! Ja Joulupukin kuuman linjan alkuun. Kuuluuko Joulupukin kuuma linja sun jouluohjelmaan? p\u00e4ivityksess\u00e4 kysell\u00e4\u00e4n.<\/p>\n<p class=\"article-content article-content-width !bg-background\">P\u00e4ivityksen kommenttikentt\u00e4\u00e4n on tulvinut hurjasti kommentteja, joissa ihmiset kertovat Joulupukin kuuman linjan olevan pitk\u00e4aikainen jouluperinne. Moni kommentoija turhautuikin p\u00e4ivityksen kysymyksest\u00e4, johon vastaus lienee ilmiselv\u00e4.<\/p>\n<p>        <a itemprop=\"url\" href=\"https:\/\/www.seiska.fi\/katso\/kiusallinen-tilanne-joulupukin-kuuma-linja-lahetyksessa\/1563608\" rel=\"nofollow noopener\" target=\"_blank\"><\/p>\n<p class=\"section-date\">\n        <strong class=\"article-section\" data-section=\"katso\"><br \/>\n            katso<br \/>\n        <\/strong><br \/>\n        24.12.2024 14:24\n    <\/p>\n<p>Kiusallinen tilanne Joulupukin kuuma linja -l\u00e4hetyksess\u00e4\n    <\/p>\n<p itemprop=\"description\" class=\"subtitle \">\n    Aamuinen soitto h\u00e4kelsi pukin. N\u00e4in tilanne ratkesi.\n<\/p>\n<p>        <\/a><\/p>\n<p class=\"article-content article-content-width !bg-background\">\u2013 Kuuluu. Joulu ei olis mit\u00e4\u00e4 ilman joulupukin kuumalinjaaa! Mik\u00e4 kysymys t\u00e4\u00e4 on. En malta odottaa! yksi kirjoittaa.<\/p>\n<p class=\"article-content article-content-width !bg-background\">\u2013 Tottakai kuuluu, mik\u00e4 kysymys, toinen komppaa.<\/p>\n<p class=\"article-content article-content-width !bg-background\">\u2013 Kuuluu, se on perinne mik\u00e4 ei tule muuttumaan, er\u00e4s summaa.<\/p>\n<p class=\"article-content article-content-width !bg-background\">\u2013 Kyll\u00e4 ehdottomasti! Kuulunut omasta lapsuudesta saakka ja nyky\u00e4\u00e4n seuraan omien lasten kanssa, yksi kommentoi.<\/p>\n<p class=\"article-content article-content-width !bg-background\">\u2013 Kuuluu aattoaamuun aina, samalla sy\u00f6d\u00e4\u00e4n riisipuuroa! er\u00e4s kertoo.<\/p>\n<p class=\"article-content article-content-width !bg-background\">Joulupukin kuuman linjan sometilin aktivoitumista on my\u00f6s odotettu pitk\u00e4\u00e4n.<\/p>\n<p class=\"article-content article-content-width !bg-background\">\u2013 Tottakai kuuluu!! Oon oottanu koko vuoden!! Oon oottanu kans sika pitk\u00e4\u00e4n uutta julkasuu teilt\u00e4 ja vihdoin!! yksi kommentoija kirjoittaa.<\/p>\n<p>        <a itemprop=\"url\" href=\"https:\/\/www.seiska.fi\/kotimaa\/katsoja-roikkui-20-vuotena-joulupukin-kuumalla-linjalla-eika-pukki-vastannut-nain-tv-tontut-vastaavat-kritiikkiin\/174429\" rel=\"nofollow noopener\" target=\"_blank\"><\/p>\n<p class=\"section-date\">\n        <strong class=\"article-section\" data-section=\"kotimaa\"><br \/>\n            kotimaa<br \/>\n        <\/strong><br \/>\n        24.12.2022 08:00\n    <\/p>\n<p>Katsoja roikkui 20 vuotena Joulupukin kuumalla linjalla, eik\u00e4 pukki vastannut! N\u00e4in tv-tontut vastaavat kritiikkiin\n    <\/p>\n<p>        <\/a><\/p>\n<p>Puhu pukille<\/p>\n<p class=\"article-content article-content-width !bg-background\">Vain rajallinen m\u00e4\u00e4r\u00e4 soittajia p\u00e4\u00e4see puhumaan suorassa l\u00e4hetyksess\u00e4 joulupukille.<\/p>\n<p class=\"article-content article-content-width !bg-background\">Joulupukin kuumaan linjaan voi soittaa numeroon 020 697 855. Puhelinlinjat avautuvat jouluaattoaamuna klo 7:30. Puhelintontut vastaavat puheluihin vain jouluaattoaamuna klo 7:30-11:30 v\u00e4lisen\u00e4 aikana ja juttelevat lasten kanssa.<\/p>\n<p>        <a itemprop=\"url\" href=\"https:\/\/www.seiska.fi\/kotimaa\/nokkelan-vesselin-kepponen-yllatti-joulupukin-suorassa-tv-lahetyksessa\/427953\" rel=\"nofollow noopener\" target=\"_blank\"><\/p>\n<p class=\"section-date\">\n        <strong class=\"article-section\" data-section=\"kotimaa\"><br \/>\n            kotimaa<br \/>\n        <\/strong><br \/>\n        24.12.2021 07:01\n    <\/p>\n<p>Nokkelan vesselin kepponen yll\u00e4tti joulupukin suorassa tv-l\u00e4hetyksess\u00e4\n    <\/p>\n<p>        <\/a><\/p>\n<p class=\"article-content article-content-width !bg-background\">Joulutervehdyksi\u00e4 voi l\u00e4hett\u00e4\u00e4 Yle Chatin kautta Yle Areenassa tv-l\u00e4hetyksen ajan klo 8-11:30.<\/p>\n<p class=\"italic m-italic article-content article-content-width !bg-background\">Joulupukin kuuma linja Yle TV2:lla jouluaattona klo 8.<\/p>\n<p><script async src=\"\/\/www.instagram.com\/embed.js\"><\/script><\/p>\n","protected":false},"excerpt":{"rendered":"Jussi Pennanen Ylen suosikkijouluohjelman sometili aktivoitui vuoden tauon j\u00e4lkeen. L\u00e4mminhenkinen Joulupukin kuuma linja -ohjelma t\u00e4ytt\u00e4\u00e4 t\u00e4n\u00e4 jouluna jo&hellip;\n","protected":false},"author":2,"featured_media":108010,"comment_status":"","ping_status":"","sticky":false,"template":"","format":"standard","meta":{"footnotes":""},"categories":[130],"tags":[137,33,31,30,20271,20272,32,10154,109,1149],"class_list":{"0":"post-108009","1":"post","2":"type-post","3":"status-publish","4":"format-standard","5":"has-post-thumbnail","7":"category-viihde","8":"tag-entertainment","9":"tag-fi","10":"tag-finland","11":"tag-finnish","12":"tag-jouluperinne","13":"tag-joulupukin-kuuma-linja","14":"tag-suomi","15":"tag-suora-lahetys","16":"tag-viihde","17":"tag-yle"},"share_on_mastodon":{"url":"https:\/\/pubeurope.com\/@fi\/115664352949220125","error":""},"_links":{"self":[{"href":"https:\/\/www.europesays.com\/fi\/wp-json\/wp\/v2\/posts\/108009","targetHints":{"allow":["GET"]}}],"collection":[{"href":"https:\/\/www.europesays.com\/fi\/wp-json\/wp\/v2\/posts"}],"about":[{"href":"https:\/\/www.europesays.com\/fi\/wp-json\/wp\/v2\/types\/post"}],"author":[{"embeddable":true,"href":"https:\/\/www.europesays.com\/fi\/wp-json\/wp\/v2\/users\/2"}],"replies":[{"embeddable":true,"href":"https:\/\/www.europesays.com\/fi\/wp-json\/wp\/v2\/comments?post=108009"}],"version-history":[{"count":0,"href":"https:\/\/www.europesays.com\/fi\/wp-json\/wp\/v2\/posts\/108009\/revisions"}],"wp:featuredmedia":[{"embeddable":true,"href":"https:\/\/www.europesays.com\/fi\/wp-json\/wp\/v2\/media\/108010"}],"wp:attachment":[{"href":"https:\/\/www.europesays.com\/fi\/wp-json\/wp\/v2\/media?parent=108009"}],"wp:term":[{"taxonomy":"category","embeddable":true,"href":"https:\/\/www.europesays.com\/fi\/wp-json\/wp\/v2\/categories?post=108009"},{"taxonomy":"post_tag","embeddable":true,"href":"https:\/\/www.europesays.com\/fi\/wp-json\/wp\/v2\/tags?post=108009"}],"curies":[{"name":"wp","href":"https:\/\/api.w.org\/{rel}","templated":true}]}}