{"id":108011,"date":"2025-12-05T01:27:22","date_gmt":"2025-12-05T01:27:22","guid":{"rendered":"https:\/\/www.europesays.com\/fi\/108011\/"},"modified":"2025-12-05T01:27:22","modified_gmt":"2025-12-05T01:27:22","slug":"digita-ostaa-alajarven-puhelinosuuskunnalta-kymmenen-tietoliikennemastoa-etela-pohjanmaalla","status":"publish","type":"post","link":"https:\/\/www.europesays.com\/fi\/108011\/","title":{"rendered":"Digita ostaa Alaj\u00e4rven Puhelinosuuskunnalta kymmenen tietoliikennemastoa Etel\u00e4-Pohjanmaalla"},"content":{"rendered":"<p>\t\t\t\t\t\t<img loading=\"lazy\" width=\"600\" height=\"900\" class=\"single-to-date-page__main-section__img single-to-date-page__main-section__img__web\" alt=\"\" decoding=\"async\" src=\"https:\/\/www.europesays.com\/fi\/wp-content\/uploads\/2025\/11\/hyrra_tiedote.png\"  data- data-lazy=\"\"\/>\t\t\t\t\t\t<img width=\"1080\" height=\"1080\" class=\"single-to-date-page__main-section__img single-to-date-page__main-section__img__mobile\" alt=\"\" decoding=\"async\" fetchpriority=\"high\" src=\"https:\/\/www.europesays.com\/fi\/wp-content\/uploads\/2025\/12\/Digita_logo_rgb_pysty_tumma_teksti2024.jpg.jpg\"  data- data-lazy=\"\"\/>\t\t\t\t\t<\/p>\n<p class=\"single-to-date-page__main-sectio__date\">\n<p>\t\t\t\t\t\t\t<strong><br \/>\n\t\t\t\t\t\t\tJulkaistu:\t\t\t\t\t\t\t4.12.2025\t\t\t\t\t\t\t<\/strong><\/p>\n<p><strong>Digita on hankkinut Alaj\u00e4rven Puhelinosuuskunnalta, JAPOlta, kymmenen tietoliikennemastoa vahvistaen yhti\u00f6n l\u00e4sn\u00e4oloa Etel\u00e4-Pohjanmaan alueella.<\/strong><\/p>\n<p>Kauppa tukee Digitan asemaa Suomen nopeimmin kasvavana itsen\u00e4isen\u00e4 mastoyhti\u00f6n\u00e4 ja vahvistaa samalla yhti\u00f6n roolia maan kriittisen viestint\u00e4infran yll\u00e4pit\u00e4j\u00e4n\u00e4. Hankinta on osa yhti\u00f6n pitk\u00e4j\u00e4nteist\u00e4 strategiaa, jonka tavoitteena on laajentaa masto- ja laitetilaverkkoa vastaamaan kasvaviin asiakastarpeisiin.<\/p>\n<p>\u201dHankinta vahvistaa Digitan verkkoa Etel\u00e4-Pohjanmaalla ja antaa asiakkaillemme lis\u00e4\u00e4 mahdollisuuksia kehitt\u00e4\u00e4 ja laajentaa verkkojaan alueella. Mastot liitet\u00e4\u00e4n osaksi Digitan normaalia kehitysprosessia, jonka tavoitteena on varmistaa, ett\u00e4 ne palvelevat asiakkaita mahdollisimman hyvin my\u00f6s tulevaisuudessa\u201d, sanoo Digitan Site-liiketoiminnan M&amp;A-johtaja <strong>Teemu Lampila<\/strong>.<\/p>\n<p>\u201dKauppa tukee alueellista kehityst\u00e4 ja vahvistaa viestint\u00e4palvelujen pitk\u00e4n aikav\u00e4lin toimivuutta. Digitan vahvuudet mastojen yll\u00e4pidossa takaavat asiakkaille vakaat ja toimintavarmat palvelut, samalla kun me voimme valokuituoperaattorina keskitty\u00e4 alueen verkkojen ja ICT-palveluiden kehitt\u00e4miseen sek\u00e4 paikallisen elinvoiman vahvistamiseen\u201d, sanoo JAPOn toimitusjohtaja <strong>Toni Harjula<\/strong>.<\/p>\n<p>Kauppaan sis\u00e4ltyv\u00e4t mastot siirtyv\u00e4t Digitan omistukseen ja yll\u00e4pitoon v\u00e4litt\u00f6m\u00e4sti. Digita vastaa jatkossa mastojen huollosta, turvallisuudesta ja vuokrauksesta. Asiakassopimukset jatkuvat keskeytyksett\u00e4 ja palvelut tuotetaan Digitan valtakunnallisen toimintamallin mukaisesti.<\/p>\n<p>Digita on digitaalisen infrastruktuurin ja palveluiden tarjoaja sek\u00e4 maan suurin riippumaton tietoliikennemastojen omistaja. Turvaamme jokap\u00e4iv\u00e4isten yhteyksien toimivuuden, sek\u00e4 monimuotoisen viestinn\u00e4n saatavuuden kaikille suomalaisille ymp\u00e4rist\u00f6\u00e4 kunnioittaen. Yhti\u00f6 omistaa ja operoi Suomen johtavaa valtakunnallista maanp\u00e4\u00e4llist\u00e4 televisio- ja radioverkkoa sek\u00e4 kehitt\u00e4\u00e4 tulevaisuuden broadcasting-palveluja. Digitan tietoliikennepalveluita ovat privaattiverkot ja esineiden internet (IoT) ja konesalipalvelut. Palveluita tarjotaan mediayhti\u00f6ille, matkapuhelinoperaattoreille, teollisuudelle ja infrastruktuuriyhti\u00f6ille. Digitassa ty\u00f6skentelee valtakunnallisesti yli 150 alan osaajaa ja haluamme olla alamme paras ty\u00f6paikka kaikille.<\/p>\n<p>JAPO \u2013 Enemm\u00e4n kuin yhteys on etel\u00e4pohjalainen valokuituoperaattori ja alueellinen \u00a0johtava viestint\u00e4palveluiden sek\u00e4 -verkkojen rakentaja ja yll\u00e4pit\u00e4j\u00e4. Meij\u00e4n toiminta pohjaa osuuskunnan arvoihin, paikallisuuteen ja siihen, ett\u00e4 asiat teh\u00e4\u00e4n kunnolla, eik\u00e4 puolittain. Olemme rakentaneet huipputason valokuituverkon Alaj\u00e4rvelle, Vimpeliin, Lappaj\u00e4rvelle, Lapualle ja Kauhavalle \u2013 ja se on 103 vuoden osuuskuntaty\u00f6n ja sitkeyren tulosta. T\u00e4st\u00e4 me ollaan ylpeit\u00e4.\ud83c\udf10 <a href=\"http:\/\/www.japo.fi\" rel=\"nofollow noopener\" target=\"_blank\">www.japo.fi<\/a><\/p>\n<p>\u00a0Digita\/Viestint\u00e4<\/p>\n","protected":false},"excerpt":{"rendered":"Julkaistu: 4.12.2025 Digita on hankkinut Alaj\u00e4rven Puhelinosuuskunnalta, JAPOlta, kymmenen tietoliikennemastoa vahvistaen yhti\u00f6n l\u00e4sn\u00e4oloa Etel\u00e4-Pohjanmaan alueella. Kauppa tukee Digitan&hellip;\n","protected":false},"author":2,"featured_media":108012,"comment_status":"","ping_status":"","sticky":false,"template":"","format":"standard","meta":{"footnotes":""},"categories":[76],"tags":[79,77,33,31,30,32,78],"class_list":{"0":"post-108011","1":"post","2":"type-post","3":"status-publish","4":"format-standard","5":"has-post-thumbnail","7":"category-talous","8":"tag-business","9":"tag-economy","10":"tag-fi","11":"tag-finland","12":"tag-finnish","13":"tag-suomi","14":"tag-talous"},"share_on_mastodon":{"url":"https:\/\/pubeurope.com\/@fi\/115664365077183925","error":""},"_links":{"self":[{"href":"https:\/\/www.europesays.com\/fi\/wp-json\/wp\/v2\/posts\/108011","targetHints":{"allow":["GET"]}}],"collection":[{"href":"https:\/\/www.europesays.com\/fi\/wp-json\/wp\/v2\/posts"}],"about":[{"href":"https:\/\/www.europesays.com\/fi\/wp-json\/wp\/v2\/types\/post"}],"author":[{"embeddable":true,"href":"https:\/\/www.europesays.com\/fi\/wp-json\/wp\/v2\/users\/2"}],"replies":[{"embeddable":true,"href":"https:\/\/www.europesays.com\/fi\/wp-json\/wp\/v2\/comments?post=108011"}],"version-history":[{"count":0,"href":"https:\/\/www.europesays.com\/fi\/wp-json\/wp\/v2\/posts\/108011\/revisions"}],"wp:featuredmedia":[{"embeddable":true,"href":"https:\/\/www.europesays.com\/fi\/wp-json\/wp\/v2\/media\/108012"}],"wp:attachment":[{"href":"https:\/\/www.europesays.com\/fi\/wp-json\/wp\/v2\/media?parent=108011"}],"wp:term":[{"taxonomy":"category","embeddable":true,"href":"https:\/\/www.europesays.com\/fi\/wp-json\/wp\/v2\/categories?post=108011"},{"taxonomy":"post_tag","embeddable":true,"href":"https:\/\/www.europesays.com\/fi\/wp-json\/wp\/v2\/tags?post=108011"}],"curies":[{"name":"wp","href":"https:\/\/api.w.org\/{rel}","templated":true}]}}