{"id":108020,"date":"2025-12-05T01:43:08","date_gmt":"2025-12-05T01:43:08","guid":{"rendered":"https:\/\/www.europesays.com\/fi\/108020\/"},"modified":"2025-12-05T01:43:08","modified_gmt":"2025-12-05T01:43:08","slug":"helene-schjerfbeckin-nayttely-avataan-maailmankuulussa-metropolitan-museossa-new-yorkissa-uutisia-lyhyesti","status":"publish","type":"post","link":"https:\/\/www.europesays.com\/fi\/108020\/","title":{"rendered":"Helene Schjerfbeckin n\u00e4yttely avataan maailmankuulussa Metropolitan-museossa New Yorkissa | Uutisia lyhyesti"},"content":{"rendered":"<p class=\"aw-1gybjub aw-5vja16 kEtdKx kmuxyA yle__article__paragraph\">The Metropolitan Museum of Art on yksi maailman merkitt\u00e4vimmist\u00e4 taidemuseoista<\/p>\n<p><img decoding=\"async\" alt=\"Helene Schjerfbeck teoksia esill\u00e4 Ateneumin taidemuseossa 13. marraskuuta 2019.\" src=\"https:\/\/www.europesays.com\/fi\/wp-content\/uploads\/2025\/12\/39-1564615693220e5bc726.jpeg\" class=\"aw-1l9m598 hKVVvP\"\/><\/p>\n<p>Avaa kuvien katselu<\/p>\n<p>Helene Schjerfbeckin teoksia esill\u00e4 Ateneumin taidemuseossa 13. marraskuuta 2019. Kuva: Lehtikuva<\/p>\n<p class=\"aw-1gybjub aw-1p7kakr kEtdKx cEmitX yle__article__paragraph\">Taiteilija <strong class=\"aw-ak79eh KyCXm yle__article__strong\">Helene Schjerfbeckin<\/strong> n\u00e4yttely avataan t\u00e4n\u00e4\u00e4n <a class=\"aw-iao6s4 iHOxEa yle__article__link\" href=\"https:\/\/www.metmuseum.org\/exhibitions\/seeing-silence-the-paintings-of-helene-schjerfbeck\" role=\"link\" rel=\"nofollow noopener\" target=\"_blank\">New Yorkin Metropolitan-museossa.<\/a> Museossa n\u00e4hd\u00e4\u00e4n nyt ensimm\u00e4ist\u00e4 kertaa suomalaisen taiteilijan n\u00e4yttely.<\/p>\n<p class=\"aw-1gybjub aw-1p7kakr kEtdKx cEmitX yle__article__paragraph\">Yhdess\u00e4 Ateneumin taidemuseon kanssa koottu n\u00e4yttely kattaa Schjerfbeckin koko uran ja esittelee liki 60 teosta. Schjerfbeckin teoksista n\u00e4yttelyss\u00e4 n\u00e4hd\u00e4\u00e4n muun muassa Toipilas vuodelta 1888 ja omakuvia 1800-luvulta 1940-luvulle.<\/p>\n<p class=\"aw-1gybjub aw-1p7kakr kEtdKx cEmitX yle__article__paragraph\">Esill\u00e4 on my\u00f6s Schjerfbeckin teos Pitsihuivi, jonka Metropolitan-museo hankki kokoelmiinsa toissa vuonna. Vuonna 1920 valmistunut maalaus on Ateneumin mukaan ensimm\u00e4inen suomalaisen taiteilijan teos museon kokoelmissa.<\/p>\n<p class=\"aw-1gybjub aw-1p7kakr kEtdKx cEmitX yle__article__paragraph\">The Metropolitan Museum of Art (The Met) on yksi maailman merkitt\u00e4vimmist\u00e4 taidemuseoista.<\/p>\n<p class=\"aw-1gybjub aw-1p7kakr kEtdKx cEmitX yle__article__paragraph\">New Yorkin n\u00e4yttelyyn on lainattu teoksia Ateneumilta, muilta suomalaismuseoilta sek\u00e4 yksityiskokoelmista Suomesta ja Ruotsista. N\u00e4yttely jatkuu huhtikuun alkupuolelle asti.<\/p>\n<p class=\"aw-1gybjub aw-1p7kakr kEtdKx cEmitX yle__article__paragraph\">Vuosina 1862\u20131946 el\u00e4nyt Schjerfbeck on yksi tunnetuimmista suomalaisista taiteilijoista. Schjerfbeck tunnetaan erityisesti vahvoista omakuvistaan, joita h\u00e4n teki nuoresta opiskelijasta aina vanhuuteen saakka.<\/p>\n","protected":false},"excerpt":{"rendered":"The Metropolitan Museum of Art on yksi maailman merkitt\u00e4vimmist\u00e4 taidemuseoista Avaa kuvien katselu Helene Schjerfbeckin teoksia esill\u00e4 Ateneumin&hellip;\n","protected":false},"author":2,"featured_media":108021,"comment_status":"","ping_status":"","sticky":false,"template":"","format":"standard","meta":{"footnotes":""},"categories":[135],"tags":[389,387,388,390,137,33,31,30,2047,108,1013,2049,966,32,394,397,1365,393,391,392,109],"class_list":{"0":"post-108020","1":"post","2":"type-post","3":"status-publish","4":"format-standard","5":"has-post-thumbnail","7":"category-taiteet-ja-suunnittelu","8":"tag-arts","9":"tag-arts-and-design","10":"tag-artsanddesign","11":"tag-design","12":"tag-entertainment","13":"tag-fi","14":"tag-finland","15":"tag-finnish","16":"tag-helene-schjerfbeck","17":"tag-kulttuuri","18":"tag-kuvataide","19":"tag-kuvataiteilijat","20":"tag-museot","21":"tag-suomi","22":"tag-suunnittelu","23":"tag-taide","24":"tag-taidemuseot","25":"tag-taiteet","26":"tag-taiteet-ja-suunnittelu","27":"tag-taiteetsuunnittelu","28":"tag-viihde"},"share_on_mastodon":{"url":"https:\/\/pubeurope.com\/@fi\/115664427778058414","error":""},"_links":{"self":[{"href":"https:\/\/www.europesays.com\/fi\/wp-json\/wp\/v2\/posts\/108020","targetHints":{"allow":["GET"]}}],"collection":[{"href":"https:\/\/www.europesays.com\/fi\/wp-json\/wp\/v2\/posts"}],"about":[{"href":"https:\/\/www.europesays.com\/fi\/wp-json\/wp\/v2\/types\/post"}],"author":[{"embeddable":true,"href":"https:\/\/www.europesays.com\/fi\/wp-json\/wp\/v2\/users\/2"}],"replies":[{"embeddable":true,"href":"https:\/\/www.europesays.com\/fi\/wp-json\/wp\/v2\/comments?post=108020"}],"version-history":[{"count":0,"href":"https:\/\/www.europesays.com\/fi\/wp-json\/wp\/v2\/posts\/108020\/revisions"}],"wp:featuredmedia":[{"embeddable":true,"href":"https:\/\/www.europesays.com\/fi\/wp-json\/wp\/v2\/media\/108021"}],"wp:attachment":[{"href":"https:\/\/www.europesays.com\/fi\/wp-json\/wp\/v2\/media?parent=108020"}],"wp:term":[{"taxonomy":"category","embeddable":true,"href":"https:\/\/www.europesays.com\/fi\/wp-json\/wp\/v2\/categories?post=108020"},{"taxonomy":"post_tag","embeddable":true,"href":"https:\/\/www.europesays.com\/fi\/wp-json\/wp\/v2\/tags?post=108020"}],"curies":[{"name":"wp","href":"https:\/\/api.w.org\/{rel}","templated":true}]}}