{"id":108022,"date":"2025-12-05T01:49:10","date_gmt":"2025-12-05T01:49:10","guid":{"rendered":"https:\/\/www.europesays.com\/fi\/108022\/"},"modified":"2025-12-05T01:49:10","modified_gmt":"2025-12-05T01:49:10","slug":"uutta-tietoa-kohauttaneesta-venaja-uutisesta-tata-kaytosta-ei-suvaita-muunmaalaisilta","status":"publish","type":"post","link":"https:\/\/www.europesays.com\/fi\/108022\/","title":{"rendered":"Uutta tietoa kohauttaneesta Ven\u00e4j\u00e4-uutisesta \u2013 t\u00e4t\u00e4 k\u00e4yt\u00f6st\u00e4 ei suvaita muunmaalaisilta"},"content":{"rendered":"<p>Fis tarkensi uutta linjausta.<\/p>\n<p>4.12. 21:26<\/p>\n<p class=\"article-body mb-nof-24 px-nof-16\">Kansainv\u00e4linen hiihtoliitto Fis on tarkentanut linjauksia ven\u00e4l\u00e4isten ja valkoven\u00e4l\u00e4isten urheilijoiden kilpailemisesta kansainv\u00e4lisiss\u00e4 kisoissa.<\/p>\n<p class=\"article-body mb-nof-24 px-nof-16\">Urheilun kansainv\u00e4linen v\u00e4limiesoikeus Cas salli tiistaina ven\u00e4l\u00e4isten ja valkoven\u00e4l\u00e4isten hiihtolajien urheilijoiden kilpailemisen ensi helmikuun talviolympialaisissa. N\u00e4in ollen maiden urheilijoiden pit\u00e4isi saada osallistua my\u00f6s Fisin olympiakarsintakilpailuihin.<\/p>\n<p class=\"article-body mb-nof-24 px-nof-16\">Toistaiseksi on kuitenkin ollut ep\u00e4selv\u00e4\u00e4, ketk\u00e4 ven\u00e4l\u00e4iset ja valkoven\u00e4l\u00e4iset p\u00e4\u00e4sev\u00e4t mukaan kisoihin. Fis tarkensi s\u00e4\u00e4nt\u00f6j\u00e4 sek\u00e4 neutraalin urheilijan kriteerej\u00e4\u00e4n tapaamisessaan Trondheimissa torstaina.<\/p>\n<p class=\"article-body mb-nof-24 px-nof-16\">Ruotsalainen <a class=\"article-genericlink\" href=\"https:\/\/www.aftonbladet.se\/sportbladet\/a\/wrEe0P\/fis-krav-pa-ryska-och-belarusiska-akarna?utm_source=iosapp&amp;utm_medium=share\" rel=\"nofollow noopener\" target=\"_blank\">Aftonbladet <\/a>kertoo, ett\u00e4 ven\u00e4l\u00e4iset ja valkoven\u00e4l\u00e4iset hiiht\u00e4j\u00e4t eiv\u00e4t muun muassa saa jatkossakaan osallistua viestikilpailuihin.<\/p>\n<p class=\"article-body mb-nof-24 px-nof-16\">Sen lis\u00e4ksi heid\u00e4n maasymbolinsa ja kansallishymnins\u00e4 ovat kiellettyj\u00e4 kilpailuissa, eik\u00e4 heid\u00e4n kilpa-asuissaan saa olla kotimaiden v\u00e4rej\u00e4.<\/p>\n<p class=\"article-body mb-nof-24 px-nof-16\">Fis esitti my\u00f6s muiden maiden urheilijoita koskevia s\u00e4\u00e4nt\u00f6j\u00e4. Niiss\u00e4 sanotaan muun muassa, ett\u00e4 provokatiivinen k\u00e4ytt\u00e4ytyminen ven\u00e4l\u00e4isi\u00e4 ja valkoven\u00e4l\u00e4isi\u00e4 hiiht\u00e4ji\u00e4 kohtaan on kielletty\u00e4 rangaistuksen uhalla.<\/p>\n<p class=\"article-body mb-nof-24 px-nof-16\">Cas julkisti p\u00e4\u00e4t\u00f6ksens\u00e4 tiistai-iltap\u00e4iv\u00e4n\u00e4. Sen mukaan Kansainv\u00e4lisen olympiakomitean KOK:n puolueettomuuskriteerit t\u00e4ytt\u00e4vien urheilijoiden pit\u00e4\u00e4 saada osallistua Fisin olympiakarsintakilpailuihin.<\/p>\n<p class=\"article-body mb-nof-24 px-nof-16\">Fis p\u00e4\u00e4tti lokakuussa jatkaa ven\u00e4l\u00e4ishiiht\u00e4jien pannaa, koska maa k\u00e4y hy\u00f6kk\u00e4yssotaa Ukrainassa. Ven\u00e4j\u00e4 kuitenkin valitti Casiin ja voitti juttunsa.<\/p>\n","protected":false},"excerpt":{"rendered":"Fis tarkensi uutta linjausta. 4.12. 21:26 Kansainv\u00e4linen hiihtoliitto Fis on tarkentanut linjauksia ven\u00e4l\u00e4isten ja valkoven\u00e4l\u00e4isten urheilijoiden kilpailemisesta kansainv\u00e4lisiss\u00e4&hellip;\n","protected":false},"author":2,"featured_media":108023,"comment_status":"","ping_status":"","sticky":false,"template":"","format":"standard","meta":{"footnotes":""},"categories":[158],"tags":[33,31,30,34,159,32,160],"class_list":{"0":"post-108022","1":"post","2":"type-post","3":"status-publish","4":"format-standard","5":"has-post-thumbnail","7":"category-urheilu","8":"tag-fi","9":"tag-finland","10":"tag-finnish","11":"tag-ilta-sanomat","12":"tag-sports","13":"tag-suomi","14":"tag-urheilu"},"share_on_mastodon":{"url":"https:\/\/pubeurope.com\/@fi\/115664451512159945","error":""},"_links":{"self":[{"href":"https:\/\/www.europesays.com\/fi\/wp-json\/wp\/v2\/posts\/108022","targetHints":{"allow":["GET"]}}],"collection":[{"href":"https:\/\/www.europesays.com\/fi\/wp-json\/wp\/v2\/posts"}],"about":[{"href":"https:\/\/www.europesays.com\/fi\/wp-json\/wp\/v2\/types\/post"}],"author":[{"embeddable":true,"href":"https:\/\/www.europesays.com\/fi\/wp-json\/wp\/v2\/users\/2"}],"replies":[{"embeddable":true,"href":"https:\/\/www.europesays.com\/fi\/wp-json\/wp\/v2\/comments?post=108022"}],"version-history":[{"count":0,"href":"https:\/\/www.europesays.com\/fi\/wp-json\/wp\/v2\/posts\/108022\/revisions"}],"wp:featuredmedia":[{"embeddable":true,"href":"https:\/\/www.europesays.com\/fi\/wp-json\/wp\/v2\/media\/108023"}],"wp:attachment":[{"href":"https:\/\/www.europesays.com\/fi\/wp-json\/wp\/v2\/media?parent=108022"}],"wp:term":[{"taxonomy":"category","embeddable":true,"href":"https:\/\/www.europesays.com\/fi\/wp-json\/wp\/v2\/categories?post=108022"},{"taxonomy":"post_tag","embeddable":true,"href":"https:\/\/www.europesays.com\/fi\/wp-json\/wp\/v2\/tags?post=108022"}],"curies":[{"name":"wp","href":"https:\/\/api.w.org\/{rel}","templated":true}]}}