{"id":108024,"date":"2025-12-05T01:50:20","date_gmt":"2025-12-05T01:50:20","guid":{"rendered":"https:\/\/www.europesays.com\/fi\/108024\/"},"modified":"2025-12-05T01:50:20","modified_gmt":"2025-12-05T01:50:20","slug":"parasta-juuri-nyt-oulu-spesiaali-kulttuuritoimitus","status":"publish","type":"post","link":"https:\/\/www.europesays.com\/fi\/108024\/","title":{"rendered":"Parasta juuri nyt: Oulu-spesiaali! &#8211; Kulttuuritoimitus"},"content":{"rendered":"<p class=\"p1\"><b>Kulttuuri-ilmastonmuutos. <\/b>Oulu on ensi vuonna <a href=\"https:\/\/oulu2026.eu\/\" rel=\"nofollow noopener\" target=\"_blank\">Euroopan kulttuurip\u00e4\u00e4kaupunki<\/a>, mist\u00e4 me tamperelaiset olemme tuskallisen tietoisia. H\u00e4visimmeh\u00e4n kisan kalkkiviivoilla. Siksi oli kiinnostavaa l\u00e4hte\u00e4 tutkailemaan sit\u00e4, mill\u00e4 ev\u00e4in Oulu ponnistaa vuoteen 2026.<\/p>\n<p class=\"p1\">Jos vierailu Ouluun lykk\u00e4\u00e4ntyy vuoden 2026 puolelle, luvassa on kulttuuria joka l\u00e4ht\u00f6\u00f6n. Eik\u00e4 vain Oulussa, sill\u00e4 kulttuurip\u00e4\u00e4kaupunkihankkeessa on mukana 40 Pohjois-Suomen paikkakuntaa tarjoamassa kulttuuria laidasta laitaan. Vuoden avaavat <a href=\"https:\/\/oulu2026.eu\/ohjelma\/kulttuuriohjelma\/oulu2026-avajaisfestarit\/\" rel=\"nofollow noopener\" target=\"_blank\">Oulu2026-Avajaisfestarit<\/a> pidet\u00e4\u00e4n tammikuun puolessav\u00e4liss\u00e4 (16.\u201318.1.2026).<\/p>\n<p class=\"p1\">Oulun p\u00e4\u00e4teema kulttuurip\u00e4\u00e4kaupunkina on <a href=\"https:\/\/www.munoulu.fi\/kaupunki\/mit%C3%A4-kulttuuri-ilmastonmuutos-tarkoittaa-kaupunginjohtaja-ja-oulu2026-tuottaja-avaavat-kaupunkistrategian-ideaa\/\" rel=\"nofollow noopener\" target=\"_blank\">kulttuuri-ilmastonmuutos<\/a>. Virallisen ohjelman mukaan se merkitsee pysyv\u00e4sti rikkaampaa kulttuuriel\u00e4m\u00e4\u00e4. Se tarkoittaa \u201dhalua tuoda el\u00e4m\u00e4\u00e4n hauskanpitoa ja iloa, mutta my\u00f6s laajentaa tapojamme ajatella, ymm\u00e4rt\u00e4\u00e4 ja kuunnella toisiamme\u201d. Lis\u00e4ksi Oulu lupaa, ett\u00e4 kulttuuri-ilmastonmuutos ruokkii luovuutta ja uuden kehitt\u00e4mist\u00e4. Hienoja ja kannatettavia tavoitteita!<\/p>\n<p class=\"p1\">J\u00e4rjest\u00e4j\u00e4t takaavat, ett\u00e4 tilaamalla Oulu2026-uutiskirjeen, kaikista tapahtumista pysyy hyvin k\u00e4rryill\u00e4.<\/p>\n<p class=\"p1\"><b>Uusittu kirjasto. <\/b>N\u00e4in kulttuurivuoden kynnyksell\u00e4 en viel\u00e4 l\u00f6yt\u00e4nyt Oulussa kulttuurin nimiss\u00e4 kadehdittavaa. Yksi kohde sent\u00e4\u00e4n saa huokailemaan ihastuksesta. Olin tuoreeltaan paikalla, kun Oulun Torinrannassa tekosaarella lep\u00e4\u00e4v\u00e4 <a href=\"https:\/\/www.ouka.fi\/kirjasto\" rel=\"nofollow noopener\" target=\"_blank\">kaupunginkirjasto<\/a> avattiin vuosien remontoinnin j\u00e4lkeen (24.11.2025). <\/p>\n<p class=\"p1\">Sijainniltaan ja ulkoiselta muodoltaan mahtava kirjasto on nyt tehnyt my\u00f6s sis\u00e4tiloiltaan ison loikan nykyaikaiseksi ja oululaisia oleskelemaan houkuttelevaksi paikaksi. Uudistukset on tehty entist\u00e4 kunnioittaen, sill\u00e4 vanhoja kalusteita ja rakenteita on s\u00e4ilytetty paljon. Kirjaston ja sen vieress\u00e4 sijaitsevan teatterin suunnittelivat jo 1960-luvulla arkkitehdit\u00a0<b>Marjatta<\/b>\u00a0ja\u00a0<b>Martti Jaatinen, <\/b>mutta kirjasto rakennettiin vasta 1980-luvulla.<\/p>\n<p class=\"p1\">Ensimm\u00e4iseen kerrokseen on sijoitettu kirjojen lainaus- ja palautuspisteet sek\u00e4 kahvila. Sumppia h\u00f6rppiess\u00e4 katseen voi kohottaa ylempiin kerroksiin, jotka levitt\u00e4ytyv\u00e4t jykevien betonirakenteiden varassa avarina p\u00e4iden yl\u00e4puolelle. Toisessa kerroksessa vaaleas\u00e4vyisten kirjahyllyrivist\u00f6jen lomassa on lev\u00e4hdyskeitaita kirjojen selailuun tai opiskeluun. <\/p>\n<p class=\"p1\">Ennen kirjaston nelj\u00e4s kerros oli suljettu asiakkailta, mutta nyt sinne voi kiivet\u00e4 tekem\u00e4\u00e4n podcasteja tai musiikkia. Kerroksessa on my\u00f6s varattavia kokoustiloja. Tammikuussa ylimm\u00e4ss\u00e4 kerroksessa avautuu <a href=\"https:\/\/www.ouka.fi\/lastenkulttuurikotilo\" rel=\"nofollow noopener\" target=\"_blank\">Lastenkulttuurikeskus Kotilo<\/a>.<\/p>\n<p class=\"p1\">Kirjastolaitos on perinteisesti ollut yksi suomalaisen yhteiskunnan kivijaloista sek\u00e4 demokratian ja kaikenlaisen yhdenvertaisuuden ilmentym\u00e4. Upeaa, ett\u00e4 perinne jatkuu vahvana Oulussa! <\/p>\n<p class=\"p1\">Keskustakirjasto Saari, Toriranta, Kaarlenv\u00e4yl\u00e4 3, 90100 Oulu. Avoinna klo 9\u201320 (pe klo 9\u201316).<\/p>\n<p><img fetchpriority=\"high\" decoding=\"async\" aria-describedby=\"caption-attachment-110429\" class=\"wp-image-110429 size-full\" src=\"https:\/\/www.europesays.com\/fi\/wp-content\/uploads\/2025\/12\/3C32B1E6-85CC-4A21-9D70-90137B2584A8_1_105_c.jpeg\" alt=\"3C32B1E6 85CC 4A21 9D70 90137B2584A8 1 105 c\" width=\"1300\" height=\"1731\"  \/><\/p>\n<p id=\"caption-attachment-110429\" class=\"wp-caption-text\">Oulun kaupunginkirjasto avautui vuosien remonttitauon j\u00e4lkeen. Kuva: Marja Heinonen<\/p>\n<p class=\"p1\"><b>Reidar S\u00e4rest\u00f6niemen kuvat. <\/b>Ent\u00e4 Oulun kuvataidetarjonta? Kun googletin mahdollisia t\u00e4rppej\u00e4, osumaksi tuli uudestaan ja uudestaan ainoastaan <a href=\"https:\/\/ouluntaidemuseo.fi\/\" rel=\"nofollow noopener\" target=\"_blank\">Oulun taidemuseo<\/a>. Olin jo luovuttamassa, kun silmiin osui upouusi galleria <a href=\"https:\/\/www.galleryfinland.art\/\" rel=\"nofollow noopener\" target=\"_blank\">Art Gallery Finland<\/a> ja siell\u00e4 <b>Reidar S\u00e4rest\u00f6niemen<\/b> taiden\u00e4yttely. <\/p>\n<p class=\"p1\">Gallerian ensimm\u00e4isess\u00e4 n\u00e4yttelyss\u00e4 on esill\u00e4 12 S\u00e4rest\u00f6niemen \u00f6ljyv\u00e4riteosta kolmesta oululaisesta yksityiskokokoelmasta. Niiden tukena on oululaisen valokuvaaja <b>Ilkka Jaakkolan<\/b> isoja valokuvateoksia, joissa h\u00e4n kuvaa S\u00e4rest\u00f6niemen ty\u00f6skentely\u00e4 ateljeessa ja taiteilijan arkea S\u00e4rest\u00f6niemess\u00e4. N\u00e4yttely on osa <a href=\"https:\/\/www.reidar100.fi\/\" rel=\"nofollow noopener\" target=\"_blank\">Reidar 100 -juhlavuotta<\/a>.<\/p>\n<p class=\"p1\">Yksi gallerian omistajista, <b>Peter Moilanen<\/b>, oli paikalla. H\u00e4n kertoi, ett\u00e4 tammikuun taiteilija on niin ik\u00e4\u00e4n oululaissyntyinen, liminkalainen <b>Vilho Lampi<\/b>. H\u00e4nen uransa kesti vain 14 vuotta taiteilijan tehdess\u00e4 itsemurhan 37-vuotiaana. Tuotteliaan taiteilijan tuotanto k\u00e4sitt\u00e4\u00e4 silti yli 500 teosta. Voit lukea lis\u00e4\u00e4 Lammesta <b>Marja-Liisa Torniaisen<\/b> <a href=\"https:\/\/kulttuuritoimitus.fi\/kritiikit\/kritiikit-kuvataide\/kuka-voisi-paremmin-kuvata-maata-kuin-talonpoika-vilho-lampi-hamissa\/\" rel=\"nofollow noopener\" target=\"_blank\">Kulttuuritoimitukseen kirjoittamasta jutusta<\/a>.<\/p>\n<p class=\"p1\">Moilanen valotti my\u00f6s, miten yksityinen galleria py\u00f6rii Oulussa. N\u00e4yttelyiden alkukustannukset saadaan katettua sponsoreilla, mutta yleis\u00f6 on toiminnan kivijalka. <\/p>\n<p class=\"p1\">Liikkeellel\u00e4ht\u00f6 on ollut lupaava. H\u00e4n on tyytyv\u00e4inen S\u00e4rest\u00f6niemen saamaan huomioon. V\u00e4ke\u00e4 on k\u00e4ynyt tasaisesti, ensimm\u00e4isen kuukauden aikana vajaat 3 000 vierasta.<\/p>\n<p class=\"p1\">Reidar S\u00e4rest\u00f6niemen taiden\u00e4yttely 28.9.\u201331.12.2025. Art Gallery Finland, Torikatu 7, 90100 Oulu. Avoinna joka p\u00e4iv\u00e4 klo 10-20.<\/p>\n<p class=\"p1\"><b>Kauppahallin kalakeitto. <\/b>P\u00e4\u00e4sin Oulun-matkan aikana my\u00f6s kaupungin vastaanotolle tunnelmalliseen ja upeaan kaupungintaloon. Kaupunginhallituksen puheenjohtaja <b>Jarmo Husso<\/b> mainosti vastaanoton einesp\u00f6yt\u00e4\u00e4 kertomalla, miten Oulu on Suomen etel\u00e4isin kunta, jossa kalastetaan kelvollista lohta. Oulujoki on yksi Suomen t\u00e4rkeimmist\u00e4 lohijoista.<\/p>\n<p class=\"p1\">Tivasin h\u00e4nelt\u00e4 my\u00f6hemmin illalla, pit\u00e4\u00e4k\u00f6 tieto ihan oikeasti paikkaansa. H\u00e4n hymyili vinosti ja hym\u00e4hti jutun olevan l\u00e4hinn\u00e4 urbaani legenda. Sain kuitenkin samalla toisen kalavinkin \u2013 <a href=\"https:\/\/www.oulunkauppahalli.fi\/\" rel=\"nofollow noopener\" target=\"_blank\">Oulun kauppahallin<\/a> kalakeitto.<\/p>\n<p class=\"p1\">Se piti kokeilla ja t\u00e4m\u00e4 vinkki osoittautui paikkansapit\u00e4v\u00e4ksi. Kermainen lohikeitto, jonka kaveriksi otin ruisleip\u00e4\u00e4 tai rieskaa, oli kuin kotona tehty\u00e4. T\u00e4ytel\u00e4ist\u00e4, kiinteist\u00e4 perunoista koottua ja kruununa paljon isoja lohenpaloja. <\/p>\n<p class=\"p1\">Lohikeittoa sy\u00f6dess\u00e4 nautin 125-vuotiaan, pienen, uusgoottisen kauppahallin tunnelmasta. Arkkitehtuurista kiinnostuneet voivat bongailla aikansa arvostetuimpiin kuuluneelta arkkitehti <b>Gustav Nystr\u00f6milt\u00e4<\/b> poimittuja vaikutteita. H\u00e4nen k\u00e4denj\u00e4lke\u00e4\u00e4n on muun muassa Suomen ensimm\u00e4inen kauppahalli eli Helsingin Vanha kauppahall.<\/p>\n<p class=\"p1\">Oulun Kauppahalli. Kauppatori, 90100 Oulu. Avoinna ma\u2013pe klo 8\u201318, la klo 8\u201316.<\/p>\n<p class=\"p1\"><b>Lumiset maisemat. <\/b>Kun l\u00e4mp\u00f6tila sahaa Tampereella nollan molemmin puolin pit\u00e4en maiseman ankeana, Oulussa pakkasp\u00e4iv\u00e4t eiv\u00e4t ole t\u00e4h\u00e4n vuodenaikaan yht\u00e4 lailla kortilla ja maisema on kauniin valkoinen. Keskustan tuntumasta l\u00e4htev\u00e4t monet pienet sillat on valaistu tunnelmallisesti ja mieli alkaa kuin varkain hiipi\u00e4 kohti joulun tunnelmaa. <\/p>\n<p class=\"p1\">Tilastojen mukaan Oulussa on marraskuussa keskiarvona pikku pakkasta ja Tampereella l\u00e4mp\u00f6tila seilaan nollan tuntumassa. Ent\u00e4 nyt joulukuussa? Sek\u00e4 Tampereen ett\u00e4 Oulun joulukuun keskil\u00e4mp\u00f6tila on molemmissa pakkasen puolella, Oulussa pari astetta kylmemp\u00e4\u00e4. <\/p>\n<p class=\"p1\">Eli toiveita kauniimmasta s\u00e4\u00e4st\u00e4 ja joulun tunnelmasta Tampereellakin kannattaa el\u00e4tell\u00e4 kuun edetess\u00e4. <\/p>\n<p class=\"p1\" style=\"text-align: right;\">Marja Heinonen<\/p>\n","protected":false},"excerpt":{"rendered":"Kulttuuri-ilmastonmuutos. Oulu on ensi vuonna Euroopan kulttuurip\u00e4\u00e4kaupunki, mist\u00e4 me tamperelaiset olemme tuskallisen tietoisia. H\u00e4visimmeh\u00e4n kisan kalkkiviivoilla. Siksi oli&hellip;\n","protected":false},"author":2,"featured_media":108025,"comment_status":"","ping_status":"","sticky":false,"template":"","format":"standard","meta":{"footnotes":""},"categories":[130],"tags":[20274,137,33,31,30,20275,952,20276,20277,10950,32,109],"class_list":{"0":"post-108024","1":"post","2":"type-post","3":"status-publish","4":"format-standard","5":"has-post-thumbnail","7":"category-viihde","8":"tag-art-gallery-finland","9":"tag-entertainment","10":"tag-fi","11":"tag-finland","12":"tag-finnish","13":"tag-kulttuuripaakaupunki","14":"tag-oulu","15":"tag-oulu-2026","16":"tag-oulun-kaupunginkirjasto","17":"tag-reidar-sarestoniemi","18":"tag-suomi","19":"tag-viihde"},"share_on_mastodon":{"url":"https:\/\/pubeurope.com\/@fi\/115664455326977962","error":""},"_links":{"self":[{"href":"https:\/\/www.europesays.com\/fi\/wp-json\/wp\/v2\/posts\/108024","targetHints":{"allow":["GET"]}}],"collection":[{"href":"https:\/\/www.europesays.com\/fi\/wp-json\/wp\/v2\/posts"}],"about":[{"href":"https:\/\/www.europesays.com\/fi\/wp-json\/wp\/v2\/types\/post"}],"author":[{"embeddable":true,"href":"https:\/\/www.europesays.com\/fi\/wp-json\/wp\/v2\/users\/2"}],"replies":[{"embeddable":true,"href":"https:\/\/www.europesays.com\/fi\/wp-json\/wp\/v2\/comments?post=108024"}],"version-history":[{"count":0,"href":"https:\/\/www.europesays.com\/fi\/wp-json\/wp\/v2\/posts\/108024\/revisions"}],"wp:featuredmedia":[{"embeddable":true,"href":"https:\/\/www.europesays.com\/fi\/wp-json\/wp\/v2\/media\/108025"}],"wp:attachment":[{"href":"https:\/\/www.europesays.com\/fi\/wp-json\/wp\/v2\/media?parent=108024"}],"wp:term":[{"taxonomy":"category","embeddable":true,"href":"https:\/\/www.europesays.com\/fi\/wp-json\/wp\/v2\/categories?post=108024"},{"taxonomy":"post_tag","embeddable":true,"href":"https:\/\/www.europesays.com\/fi\/wp-json\/wp\/v2\/tags?post=108024"}],"curies":[{"name":"wp","href":"https:\/\/api.w.org\/{rel}","templated":true}]}}