{"id":108026,"date":"2025-12-05T01:53:18","date_gmt":"2025-12-05T01:53:18","guid":{"rendered":"https:\/\/www.europesays.com\/fi\/108026\/"},"modified":"2025-12-05T01:53:18","modified_gmt":"2025-12-05T01:53:18","slug":"taideinstallaatio-hammastyttaa-miamissa-elon-musk-robottikoira-kakkaa-nft-taidetta-uutisia-lyhyesti","status":"publish","type":"post","link":"https:\/\/www.europesays.com\/fi\/108026\/","title":{"rendered":"Taide\u00adinstallaatio h\u00e4mm\u00e4stytt\u00e4\u00e4 Miamissa \u2013 Elon Musk -robottikoira kakkaa NFT-taidetta | Uutisia lyhyesti"},"content":{"rendered":"<p class=\"aw-1gybjub aw-5vja16 kEtdKx kmuxyA yle__article__paragraph\">Muun muassa teknologia\u00admiljard\u00f6\u00f6rit Elon Musk, Jeff Bezos ja Mark Zuckerberg \u201del\u00e4v\u00e4t\u201d robottikoirina pieness\u00e4 aitauksessa.<\/p>\n<p><img decoding=\"async\" alt=\"Beige robottikoira, jolla on Elon Muskin p\u00e4\u00e4.\" src=\"https:\/\/www.europesays.com\/fi\/wp-content\/uploads\/2025\/12\/39-1564039693128448ef88.jpeg\" class=\"aw-1l9m598 hKVVvP\"\/><\/p>\n<p>Avaa kuvien katselu<\/p>\n<p>Elon Musk -robottikoira on Art Basel Miami -messujen vetonaula. Kuva: BEEPLE studios <\/p>\n<p>4.12. 8:51\u2022P\u00e4ivitetty 4.12. 9:30<\/p>\n<p class=\"aw-1gybjub aw-1p7kakr kEtdKx cEmitX yle__article__paragraph\">Yhdysvaltain Miamissa h\u00e4mment\u00e4\u00e4 taideteos, jossa robottikoirille on laitettu julkisuuden henkil\u00f6iden varsin realistisen n\u00e4k\u00f6iset p\u00e4\u00e4t.<\/p>\n<p class=\"aw-1gybjub aw-1p7kakr kEtdKx cEmitX yle__article__paragraph\">Art Basel Miamin taidemessujen vetonaulaksi nousseessa Regular animals -taideteoksessa muun muassa teknologiamiljard\u00f6\u00f6rit <strong class=\"aw-ak79eh KyCXm yle__article__strong\">Elon Musk<\/strong>, <strong class=\"aw-ak79eh KyCXm yle__article__strong\">Jeff Bezos<\/strong> ja <strong class=\"aw-ak79eh KyCXm yle__article__strong\">Mark Zuckerberg<\/strong> sek\u00e4 edesmenneet taiteilijat <strong class=\"aw-ak79eh KyCXm yle__article__strong\">Pablo Picasso<\/strong> ja <strong class=\"aw-ak79eh KyCXm yle__article__strong\">Andy Warhol<\/strong> \u201del\u00e4v\u00e4t\u201d robottikoirina pieness\u00e4 aitauksessa.<\/p>\n<p class=\"aw-1gybjub aw-1p7kakr kEtdKx cEmitX yle__article__paragraph\">\u2013 T\u00e4m\u00e4 projekti tarkastelee uudelleen muotokuvataiteen, kuvanveiston ja generatiivisen luomisen historiaa suodattamalla ne koneellisen havainnoinnin kautta, taideinstallaation tekij\u00e4 <strong class=\"aw-ak79eh KyCXm yle__article__strong\">Mike Winkelmann<\/strong> kertoo <a class=\"aw-iao6s4 iHOxEa yle__article__link\" href=\"https:\/\/regularanimals.ai\/artist-statement.html\" role=\"link\" rel=\"nofollow noopener\" target=\"_blank\">verkkosivuillaan<\/a>.<\/p>\n<p class=\"aw-1gybjub aw-1p7kakr kEtdKx cEmitX yle__article__paragraph\">Winkelmann tunnetaan digitaalisessa maailmassa paremmin taiteilijanimell\u00e4\u00e4n <strong class=\"aw-ak79eh KyCXm yle__article__strong\">Beeple<\/strong>.<\/p>\n<p><img decoding=\"async\" alt=\"Beige robottikoira, jolla on realistinen Mark Zuckerbergin p\u00e4\u00e4.\" src=\"https:\/\/www.europesays.com\/fi\/wp-content\/uploads\/2025\/12\/39-156404469312c0685244.jpeg\" loading=\"lazy\" class=\"aw-1l9m598 hKVVvP\"\/><\/p>\n<p>Avaa kuvien katselu<\/p>\n<p>Mark Zuckerberg -robottikoira saattaa pelottaa perheen pienempi\u00e4. Kuva: BEEPLE studios <img decoding=\"async\" alt=\"Beige robottikoira, jolla on realistinen Andy Warholin p\u00e4\u00e4.\" src=\"https:\/\/www.europesays.com\/fi\/wp-content\/uploads\/2025\/12\/39-156404569312dadbb234.jpeg\" loading=\"lazy\" class=\"aw-1l9m598 hKVVvP\"\/><\/p>\n<p>Avaa kuvien katselu<\/p>\n<p>Andy Warhol -robottikoira kakkaa NFT kuvia pop-taide tyylill\u00e4. Kuva: BEEPLE studios <\/p>\n<p class=\"aw-1gybjub aw-1p7kakr kEtdKx cEmitX yle__article__paragraph\">H\u00e4nen mukaansa jokainen robottihumanoidi on \u201dv\u00e4hemm\u00e4n esine kuin el\u00e4v\u00e4 v\u00e4yl\u00e4\u201d.<\/p>\n<p class=\"aw-1gybjub aw-1p7kakr kEtdKx cEmitX yle__article__paragraph\">\u2013 Sen katse kirjaa maailman dataksi. Sen muistot muokataan uusiksi kuviksi ja sen kertyneet kokemukset sulautuvat osaksi laajaa, alati kasvavaa arkistoa, josta tulevat \u00e4lykkyydet saavat muotonsa, taiteilija kirjoittaa.<\/p>\n<p><img decoding=\"async\" alt=\"Robottikoiria, joilla on tunnettujen henkil\u00f6iden p\u00e4\u00e4t n\u00e4yttelyss\u00e4 esill\u00e4 aitiossa. Vieress\u00e4 korokkeella on robottikoira, jolla Elon Muskin p\u00e4\u00e4.\" src=\"https:\/\/www.europesays.com\/fi\/wp-content\/uploads\/2025\/12\/39-1564049693130fe5cea4.jpeg\" loading=\"lazy\" class=\"aw-1l9m598 hKVVvP\"\/><\/p>\n<p>Avaa kuvien katselu<\/p>\n<p>Robottikoirat py\u00f6riv\u00e4t pieness\u00e4 aitauksessa Art Basel Miami -taidemessuilla. Kuva: BEEPLE studios <\/p>\n<p class=\"aw-1gybjub aw-1p7kakr kEtdKx cEmitX yle__article__paragraph\">Toisin sanoen robottikoirat ottavat kuvia ymp\u00e4rist\u00f6st\u00e4\u00e4n ja niin sanotusti kakkaavat pieni\u00e4, digitaalisia NFT-taideteoksia paperilla. N\u00e4it\u00e4 NFT-teoksia on n\u00e4ytill\u00e4 my\u00f6s <a class=\"aw-iao6s4 iHOxEa yle__article__link\" href=\"https:\/\/regularanimals.ai\/memory.html\" role=\"link\" rel=\"nofollow noopener\" target=\"_blank\">Regular animals -verkkosivulla<\/a>.<\/p>\n<p class=\"aw-1gybjub aw-1p7kakr kEtdKx cEmitX yle__article__paragraph\">NFT-taide on digitaalista taidetta, joka on tallennettu lohkoketjuun. <a class=\"aw-iao6s4 iHOxEa yle__article__link\" href=\"https:\/\/yle.fi\/a\/3-11847087\" role=\"link\" rel=\"nofollow noopener\" target=\"_blank\">Yle tutustui aiheeseen laajasti nelj\u00e4 vuotta sitten<\/a>.<\/p>\n<p class=\"aw-1gybjub aw-1p7kakr kEtdKx cEmitX yle__article__paragraph\">Alla olevalla <a class=\"aw-iao6s4 iHOxEa yle__article__link\" href=\"https:\/\/www.instagram.com\/p\/DRaB5segHz_\/\" role=\"link\" rel=\"nofollow noopener\" target=\"_blank\">Beeplen Instagram-videolla<\/a> Elon Musk -robottikoira ty\u00f6st\u00e4\u00e4 taideteosta.<\/p>\n<p><script async src=\"\/\/www.instagram.com\/embed.js\"><\/script><\/p>\n","protected":false},"excerpt":{"rendered":"Muun muassa teknologia\u00admiljard\u00f6\u00f6rit Elon Musk, Jeff Bezos ja Mark Zuckerberg \u201del\u00e4v\u00e4t\u201d robottikoirina pieness\u00e4 aitauksessa. Avaa kuvien katselu Elon&hellip;\n","protected":false},"author":2,"featured_media":108027,"comment_status":"","ping_status":"","sticky":false,"template":"","format":"standard","meta":{"footnotes":""},"categories":[76],"tags":[79,77,33,31,30,108,20278,4116,2146,32,397,78,56],"class_list":{"0":"post-108026","1":"post","2":"type-post","3":"status-publish","4":"format-standard","5":"has-post-thumbnail","7":"category-talous","8":"tag-business","9":"tag-economy","10":"tag-fi","11":"tag-finland","12":"tag-finnish","13":"tag-kulttuuri","14":"tag-nftt","15":"tag-robotiikka","16":"tag-robotit","17":"tag-suomi","18":"tag-taide","19":"tag-talous","20":"tag-ulkomaat"},"share_on_mastodon":{"url":"https:\/\/pubeurope.com\/@fi\/115664467148098698","error":""},"_links":{"self":[{"href":"https:\/\/www.europesays.com\/fi\/wp-json\/wp\/v2\/posts\/108026","targetHints":{"allow":["GET"]}}],"collection":[{"href":"https:\/\/www.europesays.com\/fi\/wp-json\/wp\/v2\/posts"}],"about":[{"href":"https:\/\/www.europesays.com\/fi\/wp-json\/wp\/v2\/types\/post"}],"author":[{"embeddable":true,"href":"https:\/\/www.europesays.com\/fi\/wp-json\/wp\/v2\/users\/2"}],"replies":[{"embeddable":true,"href":"https:\/\/www.europesays.com\/fi\/wp-json\/wp\/v2\/comments?post=108026"}],"version-history":[{"count":0,"href":"https:\/\/www.europesays.com\/fi\/wp-json\/wp\/v2\/posts\/108026\/revisions"}],"wp:featuredmedia":[{"embeddable":true,"href":"https:\/\/www.europesays.com\/fi\/wp-json\/wp\/v2\/media\/108027"}],"wp:attachment":[{"href":"https:\/\/www.europesays.com\/fi\/wp-json\/wp\/v2\/media?parent=108026"}],"wp:term":[{"taxonomy":"category","embeddable":true,"href":"https:\/\/www.europesays.com\/fi\/wp-json\/wp\/v2\/categories?post=108026"},{"taxonomy":"post_tag","embeddable":true,"href":"https:\/\/www.europesays.com\/fi\/wp-json\/wp\/v2\/tags?post=108026"}],"curies":[{"name":"wp","href":"https:\/\/api.w.org\/{rel}","templated":true}]}}