{"id":108032,"date":"2025-12-05T01:56:10","date_gmt":"2025-12-05T01:56:10","guid":{"rendered":"https:\/\/www.europesays.com\/fi\/108032\/"},"modified":"2025-12-05T01:56:10","modified_gmt":"2025-12-05T01:56:10","slug":"poliisi-otti-kiinni-vaarallisesti-kayttaytyneen-miehen","status":"publish","type":"post","link":"https:\/\/www.europesays.com\/fi\/108032\/","title":{"rendered":"Poliisi otti kiinni vaarallisesti k\u00e4ytt\u00e4ytyneen miehen"},"content":{"rendered":"<p>Lahti|Tapahtumapaikka oli Kalliokadulla.<\/p>\n<p>4.12. 19:17<\/p>\n<p class=\"article-body mb-nof-24 px-nof-16\">Poliisi otti kiinni vaarallisesti k\u00e4ytt\u00e4ytyneen miehen Lahdessa torstaina alkuillasta.<\/p>\n<p class=\"article-body mb-nof-24 px-nof-16\">Tapahtumapaikalla Kalliokadulla oli noin kello 19 edelleen paikalla useita poliisipartioita suorittamassa tutkintaa. Poliisiteht\u00e4v\u00e4 alkoi noin tuntia aiemmin.<\/p>\n<p class=\"article-body mb-nof-24 px-nof-16\">H\u00e4meen poliisilaitoksen vanhempi konstaapeli <a class=\"article-personlink\" href=\"https:\/\/www.hs.fi\/haku\/?query=Toni%20Janhunen\" rel=\"nofollow noopener\" target=\"_blank\">Toni Janhunen<\/a> ei kerro tarkemmin, mit\u00e4 miehen vaarallinen k\u00e4yt\u00f6s tarkalleen tarkoittaa tai oliko miehell\u00e4 hallussaan jonkinlaista asetta.<\/p>\n<p class=\"article-body mb-nof-24 px-nof-16\">Janhunen ei osannut sanoa, oliko tapahtumapaikkaa jotenkin eristetty.<\/p>\n<p class=\"article-body mb-nof-24 px-nof-16\">Asiasta kertoi ensin <a class=\"article-genericlink\" href=\"https:\/\/www.is.fi\/kotimaa\/art-2000011670620.html\" rel=\"nofollow noopener\" target=\"_blank\">Ilta-Sanomat<\/a>.<\/p>\n","protected":false},"excerpt":{"rendered":"Lahti|Tapahtumapaikka oli Kalliokadulla. 4.12. 19:17 Poliisi otti kiinni vaarallisesti k\u00e4ytt\u00e4ytyneen miehen Lahdessa torstaina alkuillasta. Tapahtumapaikalla Kalliokadulla oli noin&hellip;\n","protected":false},"author":2,"featured_media":96697,"comment_status":"","ping_status":"","sticky":false,"template":"","format":"standard","meta":{"footnotes":""},"categories":[5],"tags":[22,23,26,27,33,31,30,17,46,24,25,28,29,15,18,21,32,19,20,16],"class_list":{"0":"post-108032","1":"post","2":"type-post","3":"status-publish","4":"format-standard","5":"has-post-thumbnail","7":"category-otsikot","8":"tag-breaking-news","9":"tag-breakingnews","10":"tag-featured-news","11":"tag-featurednews","12":"tag-fi","13":"tag-finland","14":"tag-finnish","15":"tag-headlines","16":"tag-helsingin-sanomat","17":"tag-latest-news","18":"tag-latestnews","19":"tag-main-news","20":"tag-mainnews","21":"tag-news","22":"tag-otsikot","23":"tag-paauutiset","24":"tag-suomi","25":"tag-top-stories","26":"tag-topstories","27":"tag-uutiset"},"share_on_mastodon":{"url":"https:\/\/pubeurope.com\/@fi\/115664478754104330","error":""},"_links":{"self":[{"href":"https:\/\/www.europesays.com\/fi\/wp-json\/wp\/v2\/posts\/108032","targetHints":{"allow":["GET"]}}],"collection":[{"href":"https:\/\/www.europesays.com\/fi\/wp-json\/wp\/v2\/posts"}],"about":[{"href":"https:\/\/www.europesays.com\/fi\/wp-json\/wp\/v2\/types\/post"}],"author":[{"embeddable":true,"href":"https:\/\/www.europesays.com\/fi\/wp-json\/wp\/v2\/users\/2"}],"replies":[{"embeddable":true,"href":"https:\/\/www.europesays.com\/fi\/wp-json\/wp\/v2\/comments?post=108032"}],"version-history":[{"count":0,"href":"https:\/\/www.europesays.com\/fi\/wp-json\/wp\/v2\/posts\/108032\/revisions"}],"wp:featuredmedia":[{"embeddable":true,"href":"https:\/\/www.europesays.com\/fi\/wp-json\/wp\/v2\/media\/96697"}],"wp:attachment":[{"href":"https:\/\/www.europesays.com\/fi\/wp-json\/wp\/v2\/media?parent=108032"}],"wp:term":[{"taxonomy":"category","embeddable":true,"href":"https:\/\/www.europesays.com\/fi\/wp-json\/wp\/v2\/categories?post=108032"},{"taxonomy":"post_tag","embeddable":true,"href":"https:\/\/www.europesays.com\/fi\/wp-json\/wp\/v2\/tags?post=108032"}],"curies":[{"name":"wp","href":"https:\/\/api.w.org\/{rel}","templated":true}]}}