{"id":108040,"date":"2025-12-05T02:21:14","date_gmt":"2025-12-05T02:21:14","guid":{"rendered":"https:\/\/www.europesays.com\/fi\/108040\/"},"modified":"2025-12-05T02:21:14","modified_gmt":"2025-12-05T02:21:14","slug":"eija-riitta-korhola-meni-naimisiin-tassa-on-uusi-nimi","status":"publish","type":"post","link":"https:\/\/www.europesays.com\/fi\/108040\/","title":{"rendered":"Eija-Riitta Korhola meni naimisiin \u2013 T\u00e4ss\u00e4 on uusi nimi"},"content":{"rendered":"<p>Entinen europarlamentaarikko Eija-Riitta Korhola on mennyt naimisiin. <\/p>\n<p><img decoding=\"async\" class=\"image image-show image-preview\" src=\"https:\/\/www.europesays.com\/fi\/wp-content\/uploads\/2025\/12\/e1ca695ac241c9c5c2c65fbb5d0c8014a4539b14cee50ba0773c227219c711c2.jpg\" alt=\"\"\/><img decoding=\"async\" class=\"image image-show\" src=\"https:\/\/www.europesays.com\/fi\/wp-content\/uploads\/2025\/12\/1764901274_707_e1ca695ac241c9c5c2c65fbb5d0c8014a4539b14cee50ba0773c227219c711c2.jpg\" alt=\"\"\/><\/p>\n<p>Eija-Riitta Korhola Dunderfelt vuonna 2019 kirjansa julkistamistilaisuudessa.  Antti Nikkanen<\/p>\n<p class=\"paragraph\">Entinen europarlamentaarikko ja nykyinen Helsingin kaupunginvaltuutettu <a href=\"https:\/\/www.iltalehti.fi\/henkilot\/Eija-Riitta Korhola\" class=\"article-link-person-page\" rel=\"nofollow noopener\" target=\"_blank\">Eija-Riitta Korhola<\/a> (kd) on mennyt naimisiin.<\/p>\n<p class=\"paragraph\">Samalla nimi vaihtui. Uusi nimi on Eija-Riitta Korhola-Dunderfelt.<\/p>\n<p class=\"paragraph\">H\u00e4\u00e4t olivat viime toukokuussa.<\/p>\n<p class=\"paragraph\">\u2013 H\u00e4it\u00e4 viettiin pieness\u00e4 piiriss\u00e4, Korhola-Dunderfelt kertoo Iltalehdelle.<\/p>\n<p class=\"paragraph\">Korhola-Dunderfelt kirjoittaa Facebookissa h\u00e4\u00e4p\u00e4iv\u00e4n olleen kaunis sateisten ja koleiden p\u00e4ivien keskell\u00e4.<\/p>\n<p class=\"paragraph\">Korhola-Dunderfelt kertoo my\u00f6s, ett\u00e4 h\u00e4n olisi ihan mieluusti pelkk\u00e4 rouva Dunderfelt, mutta v\u00e4it\u00f6skirjansa vuoksi vanha nimi on syyt\u00e4 pit\u00e4\u00e4.<\/p>\n<p class=\"paragraph\">\u2013 Ja tietenkin, koska olen kiitollinen kaikesta; menneist\u00e4, nykyisist\u00e4 ja tulevista vuosista. Armoa kaikki.<\/p>\n<p class=\"paragraph\">Korhola-Dunderfelt oli Euroopan parlamentin j\u00e4sen vuosina 1999-2014 ja 2024. H\u00e4n erosi kokoomuksesta vuonna 2023 ja liittyi sen j\u00e4lkeen kristillisdemokraatteihin. H\u00e4net nimettiin kes\u00e4kuussa Mets\u00e4hallituksen hallitukseen.<\/p>\n<p class=\"paragraph\">Korhola-Dunderfelt oli aiemmin naimisissa <strong>Atte Korholan<\/strong> kanssa. Heid\u00e4n yli 30 vuotta kest\u00e4nyt avioliitto p\u00e4\u00e4ttyi <a href=\"https:\/\/www.iltalehti.fi\/viihde\/2012012415116802\" rel=\"nofollow noopener\" target=\"_blank\">eroon<\/a> 2012. Korholoilla on kolme lasta, joista vanhin on muusikkona ja n\u00e4yttelij\u00e4n\u00e4 tunnetuksi tullut <strong>Reeta-Leena Vestman<\/strong>.<\/p>\n","protected":false},"excerpt":{"rendered":"Entinen europarlamentaarikko Eija-Riitta Korhola on mennyt naimisiin. Eija-Riitta Korhola Dunderfelt vuonna 2019 kirjansa julkistamistilaisuudessa. Antti Nikkanen Entinen europarlamentaarikko&hellip;\n","protected":false},"author":2,"featured_media":108041,"comment_status":"","ping_status":"","sticky":false,"template":"","format":"standard","meta":{"footnotes":""},"categories":[12],"tags":[35,22,23,26,27,33,31,30,17,24,25,28,29,15,18,21,637,886,888,885,887,32,19,20,16],"class_list":{"0":"post-108040","1":"post","2":"type-post","3":"status-publish","4":"format-standard","5":"has-post-thumbnail","7":"category-suomi","8":"tag-24h","9":"tag-breaking-news","10":"tag-breakingnews","11":"tag-featured-news","12":"tag-featurednews","13":"tag-fi","14":"tag-finland","15":"tag-finnish","16":"tag-headlines","17":"tag-latest-news","18":"tag-latestnews","19":"tag-main-news","20":"tag-mainnews","21":"tag-news","22":"tag-otsikot","23":"tag-paauutiset","24":"tag-politiikka","25":"tag-puolueet","26":"tag-suomalaiset-poliitikot","27":"tag-suomen-poliittiset-puolueet","28":"tag-suomen-politiikka","29":"tag-suomi","30":"tag-top-stories","31":"tag-topstories","32":"tag-uutiset"},"share_on_mastodon":{"url":"https:\/\/pubeurope.com\/@fi\/115664577194782530","error":""},"_links":{"self":[{"href":"https:\/\/www.europesays.com\/fi\/wp-json\/wp\/v2\/posts\/108040","targetHints":{"allow":["GET"]}}],"collection":[{"href":"https:\/\/www.europesays.com\/fi\/wp-json\/wp\/v2\/posts"}],"about":[{"href":"https:\/\/www.europesays.com\/fi\/wp-json\/wp\/v2\/types\/post"}],"author":[{"embeddable":true,"href":"https:\/\/www.europesays.com\/fi\/wp-json\/wp\/v2\/users\/2"}],"replies":[{"embeddable":true,"href":"https:\/\/www.europesays.com\/fi\/wp-json\/wp\/v2\/comments?post=108040"}],"version-history":[{"count":0,"href":"https:\/\/www.europesays.com\/fi\/wp-json\/wp\/v2\/posts\/108040\/revisions"}],"wp:featuredmedia":[{"embeddable":true,"href":"https:\/\/www.europesays.com\/fi\/wp-json\/wp\/v2\/media\/108041"}],"wp:attachment":[{"href":"https:\/\/www.europesays.com\/fi\/wp-json\/wp\/v2\/media?parent=108040"}],"wp:term":[{"taxonomy":"category","embeddable":true,"href":"https:\/\/www.europesays.com\/fi\/wp-json\/wp\/v2\/categories?post=108040"},{"taxonomy":"post_tag","embeddable":true,"href":"https:\/\/www.europesays.com\/fi\/wp-json\/wp\/v2\/tags?post=108040"}],"curies":[{"name":"wp","href":"https:\/\/api.w.org\/{rel}","templated":true}]}}