{"id":108042,"date":"2025-12-05T02:22:10","date_gmt":"2025-12-05T02:22:10","guid":{"rendered":"https:\/\/www.europesays.com\/fi\/108042\/"},"modified":"2025-12-05T02:22:10","modified_gmt":"2025-12-05T02:22:10","slug":"der-spiegel-emme-voi-jattaa-ukrainaa-ja-volodymyria-yksin-naiden-kaverien-kanssa-sanoi-stubb-vuodetussa-puhelussa-uutisia-lyhyesti","status":"publish","type":"post","link":"https:\/\/www.europesays.com\/fi\/108042\/","title":{"rendered":"Der Spiegel: \u201dEmme voi j\u00e4tt\u00e4\u00e4 Ukrainaa ja Volodymyri\u00e4 yksin n\u00e4iden kaverien kanssa\u201d, sanoi Stubb vuodetussa puhelussa | Uutisia lyhyesti"},"content":{"rendered":"<p class=\"aw-1gybjub aw-5vja16 kEtdKx kmuxyA yle__article__paragraph\">Saksalaislehti Der Spiegel julkaisi vuodettuja tietoja Euroopan johtajien puheluista. Niist\u00e4 paljastuu, ett\u00e4 Euroopassa on ep\u00e4luottamusta Yhdysvaltoja kohtaan.<\/p>\n<p><img decoding=\"async\" alt=\"Donald Trump puhuu Eurooppalaisille johtajille.\" src=\"https:\/\/www.europesays.com\/fi\/wp-content\/uploads\/2025\/12\/39-151398268b04e34e4b33.jpeg\" class=\"aw-1l9m598 hKVVvP\"\/><\/p>\n<p>Avaa kuvien katselu<\/p>\n<p>Yhdysvaltain presidentti Donald Trump tapasi eurooppalaisia johtajia Valkoisessa talossa elokuussa 2025. Vasemmalta: Ursula von der Leyen, Friedrich Merz, Emmanuel Macron ja Alexander Stubb. Kuva: Daniel Torok \/ AOP<\/p>\n<p class=\"aw-1gybjub aw-1p7kakr kEtdKx cEmitX yle__article__paragraph\">Ranskan presidentti <strong class=\"aw-ak79eh KyCXm yle__article__strong\">Emmanuel Macron<\/strong> on Euroopan johtajien puhelinkeskustelussa maanantaina varoittanut, ett\u00e4 Yhdysvallat saattaa \u201dpett\u00e4\u00e4\u201d Ukrainan, <a class=\"aw-iao6s4 iHOxEa yle__article__link\" href=\"https:\/\/www.spiegel.de\/politik\/ukraine-verhandlungen-europaeer-misstrauen-trumps-friedensplan-a-7a439009-716d-48de-bda6-5d3926d8dbc3\" role=\"link\" rel=\"nofollow noopener\" target=\"_blank\">kertoi saksalaislehti Der Spiegel<\/a> torstaina sille vuodettujen puhelutietojen perusteella.<\/p>\n<p class=\"aw-1gybjub aw-1p7kakr kEtdKx cEmitX yle__article__paragraph\">\u2013 On olemassa mahdollisuus, ett\u00e4 Yhdysvallat pett\u00e4\u00e4 Ukrainan aluekysymyksiss\u00e4, eik\u00e4 selvyytt\u00e4 turvatakuista saada, Macron sanoi ja t\u00e4hdensi, ett\u00e4 tilanne oli hyvin vaarallinen Ukrainan presidentille <strong class=\"aw-ak79eh KyCXm yle__article__strong\">Volodymyr Zelenskyille<\/strong>, joka niin ik\u00e4\u00e4n oli mukana puhelussa.<\/p>\n<p class=\"aw-1gybjub aw-1p7kakr kEtdKx cEmitX yle__article__paragraph\">Ranskan presidentinkanslia kiisti my\u00f6hemmin Der Spiegelille, ett\u00e4 Macron olisi keskustelun aikana puhunut pett\u00e4misest\u00e4.<\/p>\n<p class=\"aw-1gybjub aw-1p7kakr kEtdKx cEmitX yle__article__paragraph\">\u2013 Presidentti ei k\u00e4ytt\u00e4nyt t\u00e4llaista ilmausta, kansliasta kerrottiin.<\/p>\n<p class=\"aw-1gybjub aw-1p7kakr kEtdKx cEmitX yle__article__paragraph\">Ryhm\u00e4puhelussa oli mukana my\u00f6s presidentti <strong class=\"aw-ak79eh KyCXm yle__article__strong\">Alexander Stubb<\/strong>, joka lehden mukaan varoitti, ettei Ukrainaa saa j\u00e4tt\u00e4\u00e4 yksin Yhdysvaltojen neuvottelijoiden kanssa.<\/p>\n<p class=\"aw-1gybjub aw-1p7kakr kEtdKx cEmitX yle__article__paragraph\">Tasavallan presidentin kanslia ei suostunut kommentoimaan Der Spiegelin tietoja STT:lle.<\/p>\n<p class=\"aw-1gybjub aw-1p7kakr kEtdKx cEmitX yle__article__paragraph\">\u2013 Emme kommentoi tasavallan presidentin k\u00e4ymi\u00e4 luottamuksellisia keskusteluja, kanslia kirjoitti s\u00e4hk\u00f6postivastauksessaan.<\/p>\n<p>\u201dHe pelaavat pelej\u00e4\u201d<\/p>\n<p class=\"aw-1gybjub aw-1p7kakr kEtdKx cEmitX yle__article__paragraph\">Saksan liittokansleri <strong class=\"aw-ak79eh KyCXm yle__article__strong\">Friedrich Merz<\/strong> korosti h\u00e4nkin, ett\u00e4 Zelenskyin tulee olla hyvin varovainen tulevina p\u00e4ivin\u00e4.<\/p>\n<p class=\"aw-1gybjub aw-1p7kakr kEtdKx cEmitX yle__article__paragraph\">\u2013 He pelaavat pelej\u00e4 sek\u00e4 minun ett\u00e4 teid\u00e4n kanssanne, Merz sanoi viitaten n\u00e4ht\u00e4v\u00e4sti erityisl\u00e4hettil\u00e4s <strong class=\"aw-ak79eh KyCXm yle__article__strong\">Steve Witkoffiin<\/strong> ja presidentti <strong class=\"aw-ak79eh KyCXm yle__article__strong\">Donald Trumpin<\/strong> v\u00e4vyyn <strong class=\"aw-ak79eh KyCXm yle__article__strong\">Jared Kushneriin<\/strong>.<\/p>\n<p class=\"aw-1gybjub aw-1p7kakr kEtdKx cEmitX yle__article__paragraph\">Puhelusta tehdyn transkription perusteella Stubb vaikutti olevan samoilla linjoilla Merzin kanssa.<\/p>\n<p class=\"aw-1gybjub aw-1p7kakr kEtdKx cEmitX yle__article__paragraph\">\u2013 Emme voi j\u00e4tt\u00e4\u00e4 Ukrainaa ja Volodymyri\u00e4 yksin n\u00e4iden kaverien kanssa, Stubb sanoi.<\/p>\n<p class=\"aw-1gybjub aw-1p7kakr kEtdKx cEmitX yle__article__paragraph\">Sotilasliitto Naton p\u00e4\u00e4sihteeri <strong class=\"aw-ak79eh KyCXm yle__article__strong\">Mark Rutte<\/strong> oli samaa mielt\u00e4 Stubbin kanssa ja sanoi, ett\u00e4 Zelenskyit\u00e4 on suojeltava.<\/p>\n<p class=\"aw-1gybjub aw-1p7kakr kEtdKx cEmitX yle__article__paragraph\">Ryhm\u00e4puheenvuoroon osallistuivat my\u00f6s EU-komission puheenjohtaja <strong class=\"aw-ak79eh KyCXm yle__article__strong\">Ursula von der Leyen<\/strong>, Puolan p\u00e4\u00e4ministeri <strong class=\"aw-ak79eh KyCXm yle__article__strong\">Donald Tusk<\/strong>, Italian p\u00e4\u00e4ministeri <strong class=\"aw-ak79eh KyCXm yle__article__strong\">Giorgia Meloni<\/strong>, Tanskan p\u00e4\u00e4ministeri <strong class=\"aw-ak79eh KyCXm yle__article__strong\">Mette Frederiksen<\/strong>, Norjan p\u00e4\u00e4ministeri <strong class=\"aw-ak79eh KyCXm yle__article__strong\">Jonas Gahr St\u00f8re<\/strong> ja Eurooppa-neuvoston puheenjohtaja <strong class=\"aw-ak79eh KyCXm yle__article__strong\">Antonio Costa<\/strong>.<\/p>\n<p class=\"aw-1gybjub aw-1p7kakr kEtdKx cEmitX yle__article__paragraph\">Der Spiegelin mukaan puhelun aikana keskusteltiin my\u00f6s Ven\u00e4j\u00e4n j\u00e4\u00e4dytettyjen varojen k\u00e4yt\u00f6st\u00e4. Osa johtajista oli sit\u00e4 mielt\u00e4, ettei Yhdysvaltojen tulisi sekaantua asiaan, jonka vain EU voi p\u00e4\u00e4tt\u00e4\u00e4.<\/p>\n","protected":false},"excerpt":{"rendered":"Saksalaislehti Der Spiegel julkaisi vuodettuja tietoja Euroopan johtajien puheluista. Niist\u00e4 paljastuu, ett\u00e4 Euroopassa on ep\u00e4luottamusta Yhdysvaltoja kohtaan. Avaa&hellip;\n","protected":false},"author":2,"featured_media":108043,"comment_status":"","ping_status":"","sticky":false,"template":"","format":"standard","meta":{"footnotes":""},"categories":[5],"tags":[3406,22,23,26,27,33,31,30,17,70,24,25,28,29,15,18,21,32,19,20,56,16,987],"class_list":{"0":"post-108042","1":"post","2":"type-post","3":"status-publish","4":"format-standard","5":"has-post-thumbnail","7":"category-otsikot","8":"tag-alexander-stubb","9":"tag-breaking-news","10":"tag-breakingnews","11":"tag-featured-news","12":"tag-featurednews","13":"tag-fi","14":"tag-finland","15":"tag-finnish","16":"tag-headlines","17":"tag-kansainvalinen-politiikka","18":"tag-latest-news","19":"tag-latestnews","20":"tag-main-news","21":"tag-mainnews","22":"tag-news","23":"tag-otsikot","24":"tag-paauutiset","25":"tag-suomi","26":"tag-top-stories","27":"tag-topstories","28":"tag-ulkomaat","29":"tag-uutiset","30":"tag-venajan-hyokkays"},"share_on_mastodon":{"url":"https:\/\/pubeurope.com\/@fi\/115664581073767670","error":""},"_links":{"self":[{"href":"https:\/\/www.europesays.com\/fi\/wp-json\/wp\/v2\/posts\/108042","targetHints":{"allow":["GET"]}}],"collection":[{"href":"https:\/\/www.europesays.com\/fi\/wp-json\/wp\/v2\/posts"}],"about":[{"href":"https:\/\/www.europesays.com\/fi\/wp-json\/wp\/v2\/types\/post"}],"author":[{"embeddable":true,"href":"https:\/\/www.europesays.com\/fi\/wp-json\/wp\/v2\/users\/2"}],"replies":[{"embeddable":true,"href":"https:\/\/www.europesays.com\/fi\/wp-json\/wp\/v2\/comments?post=108042"}],"version-history":[{"count":0,"href":"https:\/\/www.europesays.com\/fi\/wp-json\/wp\/v2\/posts\/108042\/revisions"}],"wp:featuredmedia":[{"embeddable":true,"href":"https:\/\/www.europesays.com\/fi\/wp-json\/wp\/v2\/media\/108043"}],"wp:attachment":[{"href":"https:\/\/www.europesays.com\/fi\/wp-json\/wp\/v2\/media?parent=108042"}],"wp:term":[{"taxonomy":"category","embeddable":true,"href":"https:\/\/www.europesays.com\/fi\/wp-json\/wp\/v2\/categories?post=108042"},{"taxonomy":"post_tag","embeddable":true,"href":"https:\/\/www.europesays.com\/fi\/wp-json\/wp\/v2\/tags?post=108042"}],"curies":[{"name":"wp","href":"https:\/\/api.w.org\/{rel}","templated":true}]}}