{"id":108048,"date":"2025-12-05T02:45:24","date_gmt":"2025-12-05T02:45:24","guid":{"rendered":"https:\/\/www.europesays.com\/fi\/108048\/"},"modified":"2025-12-05T02:45:24","modified_gmt":"2025-12-05T02:45:24","slug":"kumppaniehdokkaan-paita-savuaa-kolmiodraama-treffeilla-taalla-sytyttiin-tuleen-mtvuutiset-fi","status":"publish","type":"post","link":"https:\/\/www.europesays.com\/fi\/108048\/","title":{"rendered":"Kumppaniehdokkaan paita savuaa Kolmiodraama-treffeill\u00e4: &quot;T\u00e4\u00e4ll\u00e4 sytyttiin tuleen&quot; &#8211; mtvuutiset.fi"},"content":{"rendered":"<ol>\n<li><a href=\"https:\/\/news.google.com\/rss\/articles\/CBMivwFBVV95cUxOUW1WcUFOSS1lVzh4WWgyaENrZElmU0FJTGM4ZnQxZHAyNTNMR1VTVW9HeWhnaGFObGlLY01USmZqNFZONExJa2R5elV4V21KY2pDWnNueWdSM28weW5ITGVoUS1wLUV2OUdhM0xYWXVmQXlsdEk3OWdkQjZhcDJ2cHptVVhKUGtIUFM2ZmZCdjhTdkR6VXNweUozTkpuLXUxWUxSY3RKWVpWYWlDdTVhZTkzVkowbDE3UDdyeURtYw?oc=5\" target=\"_blank\" rel=\"nofollow noopener\">Kumppaniehdokkaan paita savuaa Kolmiodraama-treffeill\u00e4: &#8221;T\u00e4\u00e4ll\u00e4 sytyttiin tuleen&#8221;<\/a>&nbsp;&nbsp;mtvuutiset.fi<\/li>\n<li><a href=\"https:\/\/news.google.com\/rss\/articles\/CBMiZkFVX3lxTE5XRjVUaXR0ZEY3XzRfYmNXY3o0aUJ4aTB5NnFrRWFFbUR4ZjAteGU2SDVhNEtqSE1uUERsd1pMbU5NQ1hHX0YyWk1rTkVJSDM1U3ItM0xVbkFPZDJMaVBCYjYwT0tDUQ?oc=5\" target=\"_blank\" rel=\"nofollow noopener\">Lestadiolaisuuden j\u00e4tt\u00e4nyt Vilma, 28, ei ole koskaan seurustellut \u2013 ensitreffeill\u00e4 tapahtuu odottamaton k\u00e4\u00e4nne<\/a>&nbsp;&nbsp;Ilta-Sanomat<\/li>\n<li><a href=\"https:\/\/news.google.com\/rss\/articles\/CBMiggFBVV95cUxORVhmVjhzOWNnUXJ0dVJPanpTWENTUjBjTEpPenZ4ZVRISEJOLWs1VTNCUlVINU5zUUVmLW16LWFVVVhhQ0RYdDA2RFlZWlRnNWY5LThqN0VRMW1ZZi1wT3JXdk81bnFlLUhsUURrdTh3WkdGSU8xdWwtNmtRSlFobHZR?oc=5\" target=\"_blank\" rel=\"nofollow noopener\">T\u00e4n\u00e4\u00e4n tv:ss\u00e4: Vilmaa, 28, h\u00e4vett\u00e4\u00e4 \u2013 \u201dOlen ollut sinkku koko el\u00e4m\u00e4ni\u201d<\/a>&nbsp;&nbsp;Iltalehti<\/li>\n<li><a href=\"https:\/\/news.google.com\/rss\/articles\/CBMi0AFBVV95cUxQVGF0U3ZON3BjZ21IeHNCaWdBYjRhb05fazY0a2lJOWJWNnVtVUNoNlF3OEx6MUk1RnRFNE9BdEl2N0FVYnJOMUpMRGF3NVIycnhwV1ZXU19FMlVFbTBVOE1ldV9FdUY1eUFjcEdweWE4XzRNWFdhc0E0Y0RVNWdYRE1hSnNvbUZtV1NfWDI1ajdvNXBHUS1wTENPbjBtbUQ1TENVbVNvYW16amVFNnJKdGJBTWhHdGVKNGJZaDZXWHpPYThUMGg5QnhibGk5WGF1?oc=5\" target=\"_blank\" rel=\"nofollow noopener\">Kiusallinen tilanne treffeill\u00e4 \u2013 Kolmiodraama-Juhon ja kumppaniehdokkaan haaveet eiv\u00e4t kohtaa<\/a>&nbsp;&nbsp;mtvuutiset.fi<\/li>\n<li><a href=\"https:\/\/news.google.com\/rss\/articles\/CBMipgFBVV95cUxPREJMWmJXdUQ5YWNIMVJjQjFHZGZ2dVRXbGduZk50M19hS0pMVHVNTG0zazlueVRaUUhnY2FaMFZfR1YxZXdJejhYZ1pxVGNrTldjbEFVZkt6WTF2bzVnb1p6cGs3XzNsZWdBYy0xWWl3bTV4UXV6TU1yZ2p5SkhjeFBQWFh5WDZQeUxLN29ueloxak03Q0JmWE9wcjlzTzZDZFkxZkRn?oc=5\" target=\"_blank\" rel=\"nofollow noopener\">Juho, 40, etsii nuorempaa naista tv:ss\u00e4 \u2013 kiusallinen tilanne treffeill\u00e4<\/a>&nbsp;&nbsp;Seiska.fi<\/li>\n<\/ol>\n","protected":false},"excerpt":{"rendered":"Kumppaniehdokkaan paita savuaa Kolmiodraama-treffeill\u00e4: &#8221;T\u00e4\u00e4ll\u00e4 sytyttiin tuleen&#8221;&nbsp;&nbsp;mtvuutiset.fi Lestadiolaisuuden j\u00e4tt\u00e4nyt Vilma, 28, ei ole koskaan seurustellut \u2013 ensitreffeill\u00e4 tapahtuu&hellip;\n","protected":false},"author":2,"featured_media":108049,"comment_status":"","ping_status":"","sticky":false,"template":"","format":"standard","meta":{"footnotes":""},"categories":[76],"tags":[79,77,33,31,30,32,78],"class_list":{"0":"post-108048","1":"post","2":"type-post","3":"status-publish","4":"format-standard","5":"has-post-thumbnail","7":"category-talous","8":"tag-business","9":"tag-economy","10":"tag-fi","11":"tag-finland","12":"tag-finnish","13":"tag-suomi","14":"tag-talous"},"share_on_mastodon":{"url":"https:\/\/pubeurope.com\/@fi\/115664671466707188","error":""},"_links":{"self":[{"href":"https:\/\/www.europesays.com\/fi\/wp-json\/wp\/v2\/posts\/108048","targetHints":{"allow":["GET"]}}],"collection":[{"href":"https:\/\/www.europesays.com\/fi\/wp-json\/wp\/v2\/posts"}],"about":[{"href":"https:\/\/www.europesays.com\/fi\/wp-json\/wp\/v2\/types\/post"}],"author":[{"embeddable":true,"href":"https:\/\/www.europesays.com\/fi\/wp-json\/wp\/v2\/users\/2"}],"replies":[{"embeddable":true,"href":"https:\/\/www.europesays.com\/fi\/wp-json\/wp\/v2\/comments?post=108048"}],"version-history":[{"count":0,"href":"https:\/\/www.europesays.com\/fi\/wp-json\/wp\/v2\/posts\/108048\/revisions"}],"wp:featuredmedia":[{"embeddable":true,"href":"https:\/\/www.europesays.com\/fi\/wp-json\/wp\/v2\/media\/108049"}],"wp:attachment":[{"href":"https:\/\/www.europesays.com\/fi\/wp-json\/wp\/v2\/media?parent=108048"}],"wp:term":[{"taxonomy":"category","embeddable":true,"href":"https:\/\/www.europesays.com\/fi\/wp-json\/wp\/v2\/categories?post=108048"},{"taxonomy":"post_tag","embeddable":true,"href":"https:\/\/www.europesays.com\/fi\/wp-json\/wp\/v2\/tags?post=108048"}],"curies":[{"name":"wp","href":"https:\/\/api.w.org\/{rel}","templated":true}]}}