{"id":108050,"date":"2025-12-05T02:46:08","date_gmt":"2025-12-05T02:46:08","guid":{"rendered":"https:\/\/www.europesays.com\/fi\/108050\/"},"modified":"2025-12-05T02:46:08","modified_gmt":"2025-12-05T02:46:08","slug":"yli-50-iskua-venajan-sotakoneiston-ytimeen-tata-ei-ole-ennen-nahty","status":"publish","type":"post","link":"https:\/\/www.europesays.com\/fi\/108050\/","title":{"rendered":"Yli 50 iskua Ven\u00e4j\u00e4n sotakoneiston ytimeen &#8211; t\u00e4t\u00e4 ei ole ennen n\u00e4hty"},"content":{"rendered":"<p class=\"ai-optimize-6 ai-optimize-introduction\">Ukraina on t\u00e4m\u00e4n syksyn aikana toteuttanut yli 50 onnistunutta iskua Ven\u00e4j\u00e4n strategisiin sotilas- ja energiainfrastruktuurin kohteisiin, kertoo Ukrainan p\u00e4\u00e4esikunta.<\/p>\n<p class=\"ai-optimize-7\">Radio Libertyn Schemes-projektissa haastatellut talous- sek\u00e4 sotilasasiantuntijat kertovat, ett\u00e4 Ukrainan asevoimilla ei koskaan aiemmin ole ollut n\u00e4in korkeaa m\u00e4\u00e4r\u00e4\u00e4 onnistuneita iskuja n\u00e4in lyhyess\u00e4 ajassa.<\/p>\n<p class=\"ai-optimize-8\">Toimittajat hahmottivat toimien laajuuden satelliittikuvien perusteella ja loivat interaktiivisen <a href=\"https:\/\/www.radiosvoboda.org\/a\/skhemy-suputnykovi-znimky-masshtab-udary-zsu-stratehichni-obyekty-rf\/33611814.html\" target=\"_blank\" rel=\"noopener nofollow\">kartan<\/a> iskuista k\u00e4rsineist\u00e4 ven\u00e4l\u00e4isist\u00e4 laitoksista: sotilaskohteista, \u00f6ljyn- ja kaasunjalostamoista, \u00f6ljyvarastoista ja terminaaleista.<\/p>\n<p class=\"ai-optimize-9\">Projektissa tarkasteltiin my\u00f6s 13 iskun seurauksia, ja analyytikoiden mukaan iskujen vaikutukset n\u00e4kyv\u00e4t jo Ven\u00e4j\u00e4n kohonneina sotamenoina sek\u00e4 polttoainepulana joillakin alueilla.<\/p>\n<p class=\"ai-optimize-10\">Yksi merkitt\u00e4vimmist\u00e4 iskuista tehtiin 22. lokakuuta, kun ukrainalaisdroonit osuivat Saranskin konepajaan Mordvassa. Tehdas kuuluu valtionyhti\u00f6 Rosteciin ja valmistaa aseita ja ammuksia Ven\u00e4j\u00e4n armeijalle. Satelliittikuvista n\u00e4kyv\u00e4t vauriot laitoksessa. Schemes-projekti on uutisoinut aiemmin, ett\u00e4 Saranskin laitoksessa tehd\u00e4\u00e4n my\u00f6s kansainv\u00e4lisiss\u00e4 m\u00e4\u00e4r\u00e4yksiss\u00e4 kiellettyj\u00e4 kaasukranaatteja.<\/p>\n<p class=\"ai-optimize-11\">Marraskuun alussa Ukrainan joukot iskiv\u00e4t Mustanmeren rannalla Tuapsen \u00f6ljyterminaaliin, joka on keskeinen polttoaineen toimittaja Ven\u00e4j\u00e4n sotilasyksik\u00f6ille. Viisi droonir\u00e4j\u00e4hdyst\u00e4 raportoitiin ja alueella syttyi suuri tulipalo. Tuapsen satama keskeytti v\u00e4liaikaisesti \u00f6ljyn viennin ja paikallinen jalostamo k\u00e4sittelyn.<\/p>\n<p class=\"ai-optimize-12\">Krimin Feodosijan terminaalissa tuhoutui 6. lokakuuta tehdyss\u00e4 iskussa 13 \u00f6ljys\u00e4ili\u00f6t\u00e4 sek\u00e4 pumppuasema ja terminaalin toiminta keskeytyi.<\/p>\n<p class=\"ai-optimize-12\">Krimin Hvardiisken \u00f6ljyvarastossa puolestaan roihusi tulipalo nelj\u00e4 p\u00e4iv\u00e4\u00e4 ja kuusi s\u00e4ili\u00f6t\u00e4 tuhoutui. Ukraina on iskenyt samaan \u00f6ljyvarastoon useita kertoja.<\/p>\n<p class=\"ai-optimize-13\">Iskujen seurauksena Ven\u00e4j\u00e4 on ryhtynyt toimiin strategisten kohteidensa suojaamiseksi ja muun muassa lis\u00e4nnyt liikkuvia yksik\u00f6it\u00e4 torjumaan ukrainalaisdrooneja. Sotilasasiantuntijoiden mukaan n\u00e4m\u00e4 lis\u00e4toimet kuitenkin v\u00e4hent\u00e4v\u00e4t Ven\u00e4j\u00e4n kokonaistaistelukyky\u00e4.<\/p>\n<p class=\"ai-optimize-14\">Polttoainepulan arvioidaan kasvavan ja joillain alueilla vaikuttavan jokap\u00e4iv\u00e4iseen arkeen.<\/p>\n<p class=\"ai-optimize-15\">\u2013 Useilla Ven\u00e4j\u00e4n alueilla on bensiinipulaa ja ihmiset saattavat ihmetell\u00e4, miksi he eiv\u00e4t p\u00e4\u00e4se t\u00f6ihin maassa, jota usein kutsutaan \u2018huoltoasemaksi\u2019, analyytikko <strong>Oleksandr Sirenko<\/strong> sanoo Radio Libertylle.<\/p>\n<p class=\"ai-optimize-16\">Jo syyskuussa Ukrainan iskujen arvioitiin alentaneen Ven\u00e4j\u00e4n \u00f6ljynjalostuskapasiteettia v\u00e4hint\u00e4\u00e4n 15\u201320 prosenttia. Koska Ukrainan iskut ovat sittemmin kiihtyneet, vaikutus voi t\u00e4ll\u00e4 hetkell\u00e4 olla suurempi.<\/p>\n<p>Poimintoja videosis\u00e4ll\u00f6ist\u00e4mme<\/p>\n","protected":false},"excerpt":{"rendered":"Ukraina on t\u00e4m\u00e4n syksyn aikana toteuttanut yli 50 onnistunutta iskua Ven\u00e4j\u00e4n strategisiin sotilas- ja energiainfrastruktuurin kohteisiin, kertoo Ukrainan&hellip;\n","protected":false},"author":2,"featured_media":108051,"comment_status":"","ping_status":"","sticky":false,"template":"","format":"standard","meta":{"footnotes":""},"categories":[14],"tags":[22,23,26,27,33,31,30,17,24,25,28,29,15,18,21,32,19,20,1303,56,16,547,59,60,61],"class_list":{"0":"post-108050","1":"post","2":"type-post","3":"status-publish","4":"format-standard","5":"has-post-thumbnail","7":"category-ulkomaat","8":"tag-breaking-news","9":"tag-breakingnews","10":"tag-featured-news","11":"tag-featurednews","12":"tag-fi","13":"tag-finland","14":"tag-finnish","15":"tag-headlines","16":"tag-latest-news","17":"tag-latestnews","18":"tag-main-news","19":"tag-mainnews","20":"tag-news","21":"tag-otsikot","22":"tag-paauutiset","23":"tag-suomi","24":"tag-top-stories","25":"tag-topstories","26":"tag-ukraina","27":"tag-ulkomaat","28":"tag-uutiset","29":"tag-venaja","30":"tag-world","31":"tag-world-news","32":"tag-worldnews"},"share_on_mastodon":{"url":"https:\/\/pubeurope.com\/@fi\/115664675415519383","error":""},"_links":{"self":[{"href":"https:\/\/www.europesays.com\/fi\/wp-json\/wp\/v2\/posts\/108050","targetHints":{"allow":["GET"]}}],"collection":[{"href":"https:\/\/www.europesays.com\/fi\/wp-json\/wp\/v2\/posts"}],"about":[{"href":"https:\/\/www.europesays.com\/fi\/wp-json\/wp\/v2\/types\/post"}],"author":[{"embeddable":true,"href":"https:\/\/www.europesays.com\/fi\/wp-json\/wp\/v2\/users\/2"}],"replies":[{"embeddable":true,"href":"https:\/\/www.europesays.com\/fi\/wp-json\/wp\/v2\/comments?post=108050"}],"version-history":[{"count":0,"href":"https:\/\/www.europesays.com\/fi\/wp-json\/wp\/v2\/posts\/108050\/revisions"}],"wp:featuredmedia":[{"embeddable":true,"href":"https:\/\/www.europesays.com\/fi\/wp-json\/wp\/v2\/media\/108051"}],"wp:attachment":[{"href":"https:\/\/www.europesays.com\/fi\/wp-json\/wp\/v2\/media?parent=108050"}],"wp:term":[{"taxonomy":"category","embeddable":true,"href":"https:\/\/www.europesays.com\/fi\/wp-json\/wp\/v2\/categories?post=108050"},{"taxonomy":"post_tag","embeddable":true,"href":"https:\/\/www.europesays.com\/fi\/wp-json\/wp\/v2\/tags?post=108050"}],"curies":[{"name":"wp","href":"https:\/\/api.w.org\/{rel}","templated":true}]}}