{"id":108052,"date":"2025-12-05T02:47:12","date_gmt":"2025-12-05T02:47:12","guid":{"rendered":"https:\/\/www.europesays.com\/fi\/108052\/"},"modified":"2025-12-05T02:47:12","modified_gmt":"2025-12-05T02:47:12","slug":"espoon-kouluruuassa-listeriaepaily-ruuantoimittaja-ryhtyi-varotoimiin-paikalliset","status":"publish","type":"post","link":"https:\/\/www.europesays.com\/fi\/108052\/","title":{"rendered":"Espoon kouluruuassa listeriaep\u00e4ily \u2013 ruuantoimittaja ryhtyi varotoimiin | Paikalliset"},"content":{"rendered":"<p>Espoon oppilaitoksiin aterioita toimittava Espoo Catering varoittaa mahdollisesta listeriaep\u00e4ilyst\u00e4 pakastemaississa.<\/p>\n<p>Yhti\u00f6 kertoo saaneensa keskiviikkona 3. joulukuuta ilmoituksen tavarantoimittajaltaan, ett\u00e4 yhdess\u00e4 pakastemaissier\u00e4ss\u00e4 on todettu listeriaa.<\/p>\n<p><strong class=\"diks-storyline__impact\">Listeria tuhoutuu<\/strong> kuumennettaessa, joten tartuntariski ruoan v\u00e4lityksell\u00e4 on Espoo Cateringin mukaan eritt\u00e4in pieni.<\/p>\n<p>Yhti\u00f6 kertoo, ettei se tarjoile kuumentamatonta maissia. Sen tiedossa ole yht\u00e4\u00e4n listerioositapausta.<\/p>\n<p>Varotoimenpiteen\u00e4 kaikki maissier\u00e4\u00e4n kuuluvat tuotteet on asetettu k\u00e4ytt\u00f6kieltoon. Lis\u00e4ksi Espoo Catering aikoo poistaa tuotteet, jotka ovat voineet olla kosketuksissa ep\u00e4ilyksen alaisten maissituotteiden kanssa. My\u00f6s keitti\u00f6t, joissa maissia on k\u00e4sitelty, puhdistetaan, sill\u00e4 listeria voi s\u00e4ily\u00e4 pinnoilla.<\/p>\n<p><strong class=\"diks-storyline__impact\">Kyseist\u00e4 maissia<\/strong> on tarjottu Espoossa 16. marraskuuta (mausteinen kanakeitto), 26. marraskuuta (korean broilerivokki) ja 3. joulukuuta (tuhti papukeitto). Ruokaa on ollut tarjolla osassa kouluja ja lukioita.<\/p>\n<p>Espoo Catering suhtautuu ep\u00e4ilyyn vakavasti ja pahoittelee ruokalistamuutoksia sek\u00e4 mahdollisia tuotepuutoksia.<\/p>\n<p>\u2013\u2009Turvallisuus on meille ensisijainen asia, yhti\u00f6 painottaa Wilma-j\u00e4rjestelm\u00e4n kautta l\u00e4hetetyss\u00e4 viestiss\u00e4.<\/p>\n<p>Wilma-viesti on l\u00e4hetty niiden oppilaitosten oppilaiden vanhemmille, joita asia koskee.<\/p>\n<p><strong class=\"diks-storyline__impact\">Mahdollisissa<\/strong> kysymyksiss\u00e4 ja tautiep\u00e4ilyiss\u00e4 voi ottaa yhteytt\u00e4 Espoon seudun ymp\u00e4rist\u00f6terveyden elintarvikevalvontaan: elintarvikevalvonta@espoo.fi.<\/p>\n<p>P\u00e4ivitetty kello 19.21: Lis\u00e4tty tieto, ett\u00e4 listeriaep\u00e4ily koskee vain osaa kouluista.<\/p>\n","protected":false},"excerpt":{"rendered":"Espoon oppilaitoksiin aterioita toimittava Espoo Catering varoittaa mahdollisesta listeriaep\u00e4ilyst\u00e4 pakastemaississa. Yhti\u00f6 kertoo saaneensa keskiviikkona 3. joulukuuta ilmoituksen tavarantoimittajaltaan,&hellip;\n","protected":false},"author":2,"featured_media":108053,"comment_status":"","ping_status":"","sticky":false,"template":"","format":"standard","meta":{"footnotes":""},"categories":[12],"tags":[22,23,400,26,27,33,31,30,17,403,405,4984,24,25,28,29,15,18,21,900,2331,32,19,20,16],"class_list":{"0":"post-108052","1":"post","2":"type-post","3":"status-publish","4":"format-standard","5":"has-post-thumbnail","7":"category-suomi","8":"tag-breaking-news","9":"tag-breakingnews","10":"tag-espoo","11":"tag-featured-news","12":"tag-featurednews","13":"tag-fi","14":"tag-finland","15":"tag-finnish","16":"tag-headlines","17":"tag-helsingin-seutu","18":"tag-helsingin-seutukunta","19":"tag-keittiot","20":"tag-latest-news","21":"tag-latestnews","22":"tag-main-news","23":"tag-mainnews","24":"tag-news","25":"tag-otsikot","26":"tag-paauutiset","27":"tag-ruoka","28":"tag-ruoka-ja-juoma","29":"tag-suomi","30":"tag-top-stories","31":"tag-topstories","32":"tag-uutiset"},"share_on_mastodon":{"url":"https:\/\/pubeurope.com\/@fi\/115664679338710344","error":""},"_links":{"self":[{"href":"https:\/\/www.europesays.com\/fi\/wp-json\/wp\/v2\/posts\/108052","targetHints":{"allow":["GET"]}}],"collection":[{"href":"https:\/\/www.europesays.com\/fi\/wp-json\/wp\/v2\/posts"}],"about":[{"href":"https:\/\/www.europesays.com\/fi\/wp-json\/wp\/v2\/types\/post"}],"author":[{"embeddable":true,"href":"https:\/\/www.europesays.com\/fi\/wp-json\/wp\/v2\/users\/2"}],"replies":[{"embeddable":true,"href":"https:\/\/www.europesays.com\/fi\/wp-json\/wp\/v2\/comments?post=108052"}],"version-history":[{"count":0,"href":"https:\/\/www.europesays.com\/fi\/wp-json\/wp\/v2\/posts\/108052\/revisions"}],"wp:featuredmedia":[{"embeddable":true,"href":"https:\/\/www.europesays.com\/fi\/wp-json\/wp\/v2\/media\/108053"}],"wp:attachment":[{"href":"https:\/\/www.europesays.com\/fi\/wp-json\/wp\/v2\/media?parent=108052"}],"wp:term":[{"taxonomy":"category","embeddable":true,"href":"https:\/\/www.europesays.com\/fi\/wp-json\/wp\/v2\/categories?post=108052"},{"taxonomy":"post_tag","embeddable":true,"href":"https:\/\/www.europesays.com\/fi\/wp-json\/wp\/v2\/tags?post=108052"}],"curies":[{"name":"wp","href":"https:\/\/api.w.org\/{rel}","templated":true}]}}