{"id":108054,"date":"2025-12-05T02:48:09","date_gmt":"2025-12-05T02:48:09","guid":{"rendered":"https:\/\/www.europesays.com\/fi\/108054\/"},"modified":"2025-12-05T02:48:09","modified_gmt":"2025-12-05T02:48:09","slug":"yhdysvallat-tuhosi-taas-vaitetyn-huumealuksen-ja-surmasi-nelja-ihmista","status":"publish","type":"post","link":"https:\/\/www.europesays.com\/fi\/108054\/","title":{"rendered":"Yhdysvallat tuhosi taas v\u00e4itetyn huumealuksen ja surmasi nelj\u00e4 ihmist\u00e4"},"content":{"rendered":"<p>Merenkulku|Samana p\u00e4iv\u00e4n\u00e4 kongressissa kuultiin amiraalia samankaltaisesta iskusta.<\/p>\n<p class=\"article-body mb-nof-24 px-nof-16\">Yhdysvallat kertoo tuhonneensa j\u00e4lleen torstaina v\u00e4itetyn huumealuksen kansainv\u00e4lisell\u00e4 merialueella. Syksyn mittaan tehtyjen samankaltaisten iskujen laillisuus on her\u00e4tt\u00e4nyt viime p\u00e4ivin\u00e4 yh\u00e4 enemm\u00e4n keskustelua Yhdysvalloissa.<\/p>\n<p class=\"article-body mb-nof-24 px-nof-16\">K\u00e4skyn uusimpaan iskuun antoi puolustusministeri <a class=\"article-personlink\" href=\"https:\/\/www.hs.fi\/haku\/?query=Pete%20Hegseth\" rel=\"nofollow noopener\" target=\"_blank\">Pete Hegseth<\/a>, kertoo Yhdysvaltojen asevoimien etel\u00e4isen alueen esikunta viestipalvelu <a class=\"article-genericlink\" href=\"https:\/\/x.com\/Southcom\/status\/1996726797086457886\" rel=\"nofollow\">X:ss\u00e4<\/a>.<\/p>\n<p class=\"article-body mb-nof-24 px-nof-16\">Viestin mukaan alus kuului terroristiseksi luokitellulle j\u00e4rjest\u00f6lle, joka tiedustelutiedon perusteella kuljetti laittomia huumeita. Nelj\u00e4 miest\u00e4 kuoli iskussa, viestiss\u00e4 kerrotaan.<\/p>\n<p class=\"article-body mb-nof-24 px-nof-16\">Alus liikkui asevoimien mukaan tunnetulla huumeiden salakuljetusreitill\u00e4 it\u00e4isell\u00e4 Tyynell\u00e4merell\u00e4 torstaina.<\/p>\n<p class=\"article-body mb-nof-24 px-nof-16\">Samoihin aikoihin eli torstaina Yhdysvaltojen kongressissa oli kuultavana amiraali <a class=\"article-personlink\" href=\"https:\/\/www.hs.fi\/haku\/?query=Frank%20Bradley\" rel=\"nofollow noopener\" target=\"_blank\">Frank Bradley <\/a>tapauksesta, jossa Yhdysvallat syyskuussa tuhosi v\u00e4itetyn huumealuksen, johon se oli jo kertaalleen iskenyt.<\/p>\n<p class=\"article-body mb-nof-24 px-nof-16\">Syyskuista iskua on ep\u00e4ilty mahdolliseksi sotarikokseksi. Valkoinen talo ja Hegseth ovat sanoneet, ett\u00e4 k\u00e4skyn iskuun antoi amiraali.<\/p>\n<p class=\"article-body mb-nof-24 px-nof-16\">Senaattorien n\u00e4kemykset iskusta jakautuivat pitk\u00e4lti puoluekantojen mukaan, kertoo uutiskanava <a class=\"article-genericlink\" href=\"https:\/\/edition.cnn.com\/2025\/12\/04\/politics\/bradley-strikes-himes-crawford\" rel=\"nofollow noopener\" target=\"_blank\">CNN<\/a>. Demokraatit paheksuivat iskua merih\u00e4d\u00e4ss\u00e4 olleita ep\u00e4iltyj\u00e4 salakuljettajia vastaan, kun taas republikaanit pitiv\u00e4t sit\u00e4 perusteltuna.<\/p>\n<p class=\"article-body mb-nof-24 px-nof-16\">Yhdysvallat on syksyn mittaan surmannut useita kymmeni\u00e4 ihmisi\u00e4 iskuissa aluksiin, joiden se on v\u00e4itt\u00e4nyt kuljettavan laittomia huumausaineita Yhdysvaltoihin.<\/p>\n","protected":false},"excerpt":{"rendered":"Merenkulku|Samana p\u00e4iv\u00e4n\u00e4 kongressissa kuultiin amiraalia samankaltaisesta iskusta. Yhdysvallat kertoo tuhonneensa j\u00e4lleen torstaina v\u00e4itetyn huumealuksen kansainv\u00e4lisell\u00e4 merialueella. Syksyn mittaan&hellip;\n","protected":false},"author":2,"featured_media":108055,"comment_status":"","ping_status":"","sticky":false,"template":"","format":"standard","meta":{"footnotes":""},"categories":[5],"tags":[22,23,26,27,33,31,30,17,46,24,25,28,29,15,18,21,32,19,20,16],"class_list":{"0":"post-108054","1":"post","2":"type-post","3":"status-publish","4":"format-standard","5":"has-post-thumbnail","7":"category-otsikot","8":"tag-breaking-news","9":"tag-breakingnews","10":"tag-featured-news","11":"tag-featurednews","12":"tag-fi","13":"tag-finland","14":"tag-finnish","15":"tag-headlines","16":"tag-helsingin-sanomat","17":"tag-latest-news","18":"tag-latestnews","19":"tag-main-news","20":"tag-mainnews","21":"tag-news","22":"tag-otsikot","23":"tag-paauutiset","24":"tag-suomi","25":"tag-top-stories","26":"tag-topstories","27":"tag-uutiset"},"share_on_mastodon":{"url":"https:\/\/pubeurope.com\/@fi\/115664683189294853","error":""},"_links":{"self":[{"href":"https:\/\/www.europesays.com\/fi\/wp-json\/wp\/v2\/posts\/108054","targetHints":{"allow":["GET"]}}],"collection":[{"href":"https:\/\/www.europesays.com\/fi\/wp-json\/wp\/v2\/posts"}],"about":[{"href":"https:\/\/www.europesays.com\/fi\/wp-json\/wp\/v2\/types\/post"}],"author":[{"embeddable":true,"href":"https:\/\/www.europesays.com\/fi\/wp-json\/wp\/v2\/users\/2"}],"replies":[{"embeddable":true,"href":"https:\/\/www.europesays.com\/fi\/wp-json\/wp\/v2\/comments?post=108054"}],"version-history":[{"count":0,"href":"https:\/\/www.europesays.com\/fi\/wp-json\/wp\/v2\/posts\/108054\/revisions"}],"wp:featuredmedia":[{"embeddable":true,"href":"https:\/\/www.europesays.com\/fi\/wp-json\/wp\/v2\/media\/108055"}],"wp:attachment":[{"href":"https:\/\/www.europesays.com\/fi\/wp-json\/wp\/v2\/media?parent=108054"}],"wp:term":[{"taxonomy":"category","embeddable":true,"href":"https:\/\/www.europesays.com\/fi\/wp-json\/wp\/v2\/categories?post=108054"},{"taxonomy":"post_tag","embeddable":true,"href":"https:\/\/www.europesays.com\/fi\/wp-json\/wp\/v2\/tags?post=108054"}],"curies":[{"name":"wp","href":"https:\/\/api.w.org\/{rel}","templated":true}]}}