{"id":10806,"date":"2025-08-20T04:13:10","date_gmt":"2025-08-20T04:13:10","guid":{"rendered":"https:\/\/www.europesays.com\/fi\/10806\/"},"modified":"2025-08-20T04:13:10","modified_gmt":"2025-08-20T04:13:10","slug":"nama-juomat-voivat-aiheuttaa-muistisairauksia-yksi-ikaryhma-voi-nauttia-rauhassa","status":"publish","type":"post","link":"https:\/\/www.europesays.com\/fi\/10806\/","title":{"rendered":"N\u00e4m\u00e4 juomat voivat aiheuttaa muistisairauksia \u2013 Yksi ik\u00e4ryhm\u00e4 voi nauttia rauhassa"},"content":{"rendered":"<p>Yli 70-vuotiaat voivat nauttia sokerijuomista ilman, ett\u00e4 se lis\u00e4\u00e4 muistisairauden riski\u00e4.<\/p>\n<p><img decoding=\"async\" class=\"image image-show image-preview\" src=\"https:\/\/www.europesays.com\/fi\/wp-content\/uploads\/2025\/08\/27d4029ff9acc2a2dad38291940bbcf62fe6bfabb787d79174f1e39b5b11c03b.jpg\" alt=\"\"\/><img decoding=\"async\" class=\"image image-show\" src=\"https:\/\/www.europesays.com\/fi\/wp-content\/uploads\/2025\/08\/1755663190_188_27d4029ff9acc2a2dad38291940bbcf62fe6bfabb787d79174f1e39b5b11c03b.jpg\" alt=\"\"\/><\/p>\n<p>Valikoimaa riitt\u00e4\u00e4 marketin hyllyll\u00e4. Kuvituskuva. Lauri Pajunen<\/p>\n<p class=\"paragraph\">Sokerilla makeutetut juomat voivat joidenkin tutkimusten mukaan suurentaa dementian riski\u00e4. Yksi ik\u00e4ryhm\u00e4 on kuitenkin turvassa, sill\u00e4 t\u00e4m\u00e4 ei n\u00e4yt\u00e4 p\u00e4tev\u00e4n ainakaan yli 70-vuotiaisiin.<\/p>\n<p class=\"paragraph\">Tutkimus perustuu kuuden aikaisemman tutkimuksen aineistoihin ja yhteens\u00e4 11 000 keskim\u00e4\u00e4rin 73-vuotiaan yhdysvaltalaisen tietoihin. Seurantojen aikana hieman alle 2 500 osallistujaa sairastui dementiaan. Tutkimus julkaistiin JAMA Psychiatry -lehdess\u00e4.<\/p>\n<p class=\"paragraph\">Sokerilla makeutettuja juomia p\u00e4ivitt\u00e4in juovat yli 70-vuotiaat eiv\u00e4t sairastuneet dementiaan sen todenn\u00e4k\u00f6isemmin kuin muutkaan, tulokset osoittivat.<\/p>\n<p class=\"paragraph\">My\u00f6sk\u00e4\u00e4n keinotekoisesti makeutettujen juomien nauttiminen ei liittynyt dementiariskiin.<\/p>\n<p>V\u00e4henn\u00e4 jo ty\u00f6ik\u00e4isen\u00e4<\/p>\n<p class=\"paragraph\">Noin 150 000 suomalaisella on diagnosoitu muistisairaus. Lis\u00e4ksi noin 200 000 suomalaisen kognitiiviset tiedonk\u00e4sittelykyvyt ovat liev\u00e4sti heikentyneit\u00e4.<\/p>\n<p class=\"paragraph\">Paljon lis\u00e4tty\u00e4 sokeria sis\u00e4lt\u00e4v\u00e4 ruokavalio voi vuosien kuluessa lihottaa ja altistaa muun muassa tyypin 2 diabetekselle ja syd\u00e4n- ja verisuonitaudeille. N\u00e4m\u00e4 puolestaan suurentavat dementian riski\u00e4.<\/p>\n<p class=\"paragraph\">Jos nyt julkaistut tulokset varmistuvat lis\u00e4tutkimuksissa, vanhuusi\u00e4n sokerin k\u00e4yt\u00f6n sijaan t\u00e4rke\u00e4mp\u00e4\u00e4 todenn\u00e4k\u00f6isesti onkin v\u00e4hent\u00e4\u00e4 sokerijuomien ja lis\u00e4tyn sokerin k\u00e4ytt\u00f6\u00e4 jo nuoruudessa ja keski-i\u00e4ss\u00e4.<\/p>\n<p class=\"paragraph\">L\u00e4hteet: <a href=\"https:\/\/www.duodecim.fi\/ajankohtaiset\/uutispalveluduodecim\/uux29469\/\" rel=\"noopener nofollow\" target=\"_blank\">Uutispalvelu Duodecim<\/a> ja <a href=\"https:\/\/jamanetwork.com\/journals\/jamapsychiatry\/article-abstract\/2835503\" rel=\"noopener nofollow\" target=\"_blank\">JAMA Psychiatry<\/a>.<\/p>\n","protected":false},"excerpt":{"rendered":"Yli 70-vuotiaat voivat nauttia sokerijuomista ilman, ett\u00e4 se lis\u00e4\u00e4 muistisairauden riski\u00e4. Valikoimaa riitt\u00e4\u00e4 marketin hyllyll\u00e4. Kuvituskuva. Lauri Pajunen&hellip;\n","protected":false},"author":2,"featured_media":10807,"comment_status":"","ping_status":"","sticky":false,"template":"","format":"standard","meta":{"footnotes":""},"categories":[12],"tags":[35,22,23,26,27,33,31,30,17,1391,24,25,28,29,15,18,21,900,2331,764,32,765,167,19,20,16],"class_list":{"0":"post-10806","1":"post","2":"type-post","3":"status-publish","4":"format-standard","5":"has-post-thumbnail","7":"category-suomi","8":"tag-24h","9":"tag-breaking-news","10":"tag-breakingnews","11":"tag-featured-news","12":"tag-featurednews","13":"tag-fi","14":"tag-finland","15":"tag-finnish","16":"tag-headlines","17":"tag-ihmisten-ja-elainten-ruumiit","18":"tag-latest-news","19":"tag-latestnews","20":"tag-main-news","21":"tag-mainnews","22":"tag-news","23":"tag-otsikot","24":"tag-paauutiset","25":"tag-ruoka","26":"tag-ruoka-ja-juoma","27":"tag-sairaudet","28":"tag-suomi","29":"tag-taudit-ja-hairiot","30":"tag-terveys","31":"tag-top-stories","32":"tag-topstories","33":"tag-uutiset"},"share_on_mastodon":{"url":"","error":""},"_links":{"self":[{"href":"https:\/\/www.europesays.com\/fi\/wp-json\/wp\/v2\/posts\/10806","targetHints":{"allow":["GET"]}}],"collection":[{"href":"https:\/\/www.europesays.com\/fi\/wp-json\/wp\/v2\/posts"}],"about":[{"href":"https:\/\/www.europesays.com\/fi\/wp-json\/wp\/v2\/types\/post"}],"author":[{"embeddable":true,"href":"https:\/\/www.europesays.com\/fi\/wp-json\/wp\/v2\/users\/2"}],"replies":[{"embeddable":true,"href":"https:\/\/www.europesays.com\/fi\/wp-json\/wp\/v2\/comments?post=10806"}],"version-history":[{"count":0,"href":"https:\/\/www.europesays.com\/fi\/wp-json\/wp\/v2\/posts\/10806\/revisions"}],"wp:featuredmedia":[{"embeddable":true,"href":"https:\/\/www.europesays.com\/fi\/wp-json\/wp\/v2\/media\/10807"}],"wp:attachment":[{"href":"https:\/\/www.europesays.com\/fi\/wp-json\/wp\/v2\/media?parent=10806"}],"wp:term":[{"taxonomy":"category","embeddable":true,"href":"https:\/\/www.europesays.com\/fi\/wp-json\/wp\/v2\/categories?post=10806"},{"taxonomy":"post_tag","embeddable":true,"href":"https:\/\/www.europesays.com\/fi\/wp-json\/wp\/v2\/tags?post=10806"}],"curies":[{"name":"wp","href":"https:\/\/api.w.org\/{rel}","templated":true}]}}