{"id":108065,"date":"2025-12-05T03:12:09","date_gmt":"2025-12-05T03:12:09","guid":{"rendered":"https:\/\/www.europesays.com\/fi\/108065\/"},"modified":"2025-12-05T03:12:09","modified_gmt":"2025-12-05T03:12:09","slug":"the-new-york-times-vie-puolustusministerion-oikeuteen","status":"publish","type":"post","link":"https:\/\/www.europesays.com\/fi\/108065\/","title":{"rendered":"The New York Times vie puolustusministeri\u00f6n oikeuteen"},"content":{"rendered":"<p>Lehdist\u00f6nvapaus|Lehden mukaan ministeri\u00f6n uudet rajoitukset rikkovat sanan- ja lehdist\u00f6nvapautta.<\/p>\n<p class=\"article-body mb-nof-24 px-nof-16\">The New York Times -lehti <a class=\"article-genericlink\" href=\"https:\/\/www.nytimes.com\/2025\/12\/04\/business\/media\/new-york-times-pentagon-lawsuit.html?unlocked_article_code=1.6U8.ohXy.yAHGDhx3ePxK&amp;smid=url-share\" rel=\"nofollow noopener\" target=\"_blank\">on j\u00e4tt\u00e4nyt kanteen<\/a> Yhdysvaltain puolustusministeri\u00f6n uusista s\u00e4\u00e4nn\u00f6ist\u00e4 toimittajille, jotka sen mukaan loukkaavat toimittajien perustuslaillisia oikeuksia raportoida asevoimista.<\/p>\n<p class=\"article-body mb-nof-24 px-nof-16\">Kanteessa sanotaan, ett\u00e4 puolustusministeri\u00f6n s\u00e4\u00e4nn\u00f6t rikkovat Yhdysvaltain perustuslain ensimm\u00e4ist\u00e4 lis\u00e4yst\u00e4 ja \u201dpyrkiv\u00e4t rajoittamaan toimittajien mahdollisuuksia tehd\u00e4 sit\u00e4, mit\u00e4 he ovat aina tehneet.\u201d<\/p>\n<p class=\"article-body mb-nof-24 px-nof-16\">Lokakuussa k\u00e4ytt\u00f6\u00f6n otetut s\u00e4\u00e4nn\u00f6t poikkeavat rajusti aiemmista. Niiden mukaan toimittajien tulee allekirjoittaa 21-sivuinen lomake, joilla rajoitetaan esimerkiksi mahdollisuuksia ottaa yhteytt\u00e4 henkil\u00f6ihin Pentagonin sis\u00e4ll\u00e4. Toimittajat, jotka eiv\u00e4t noudata s\u00e4\u00e4nt\u00f6j\u00e4, menett\u00e4v\u00e4t toimilupansa puolustusministeri\u00f6ss\u00e4.<\/p>\n<p class=\"article-body mb-nof-24 px-nof-16\">Kanteen mukaan mink\u00e4 tahansa tiedon julkaisu, jota ei ole hyv\u00e4ksytty ministeri\u00f6ss\u00e4, voi johtaa rangaistukseen, oli kyseess\u00e4 sitten salattu tieto tai ei.<\/p>\n<p class=\"article-body mb-nof-24 px-nof-16\">Pentagonin tiedottaja <a class=\"article-personlink\" href=\"https:\/\/www.hs.fi\/haku\/?query=Sean%20Parnell\" rel=\"nofollow noopener\" target=\"_blank\">Sean Parnell<\/a> sanoi lausunnossaan, ett\u00e4 ministeri\u00f6 on tietoinen lehden kanteesta ja odottaa mahdollisuutta k\u00e4sitell\u00e4 v\u00e4itteit\u00e4 oikeudessa.<\/p>\n<p class=\"article-body mb-nof-24 px-nof-16\">Puolustusministeri <a class=\"article-personlink\" href=\"https:\/\/www.hs.fi\/haku\/?query=Pete%20Hegseth\" rel=\"nofollow noopener\" target=\"_blank\">Pete Hegseth<\/a> on rajoittanut jo aiemmin Pentagonissa ty\u00f6skentelevien toimittajien oikeuksia. Puolustusministeri\u00f6 muun muassa vei useilta kansallisilta uutismedioilta niiden ty\u00f6tilat Pentagonissa ja tarjosi tiloja p\u00e4\u00e4osin konservatiivisille julkaisuille.<\/p>\n<p class=\"article-body mb-nof-24 px-nof-16\">Lis\u00e4ksi Hegseth on rajoittanut sit\u00e4, miss\u00e4 toimittajat saavat liikkua ministeri\u00f6n rakennuksessa.<\/p>\n","protected":false},"excerpt":{"rendered":"Lehdist\u00f6nvapaus|Lehden mukaan ministeri\u00f6n uudet rajoitukset rikkovat sanan- ja lehdist\u00f6nvapautta. The New York Times -lehti on j\u00e4tt\u00e4nyt kanteen Yhdysvaltain&hellip;\n","protected":false},"author":2,"featured_media":108066,"comment_status":"","ping_status":"","sticky":false,"template":"","format":"standard","meta":{"footnotes":""},"categories":[14],"tags":[22,23,26,27,33,31,30,17,46,24,25,28,29,15,18,21,32,19,20,56,16,59,60,61],"class_list":{"0":"post-108065","1":"post","2":"type-post","3":"status-publish","4":"format-standard","5":"has-post-thumbnail","7":"category-ulkomaat","8":"tag-breaking-news","9":"tag-breakingnews","10":"tag-featured-news","11":"tag-featurednews","12":"tag-fi","13":"tag-finland","14":"tag-finnish","15":"tag-headlines","16":"tag-helsingin-sanomat","17":"tag-latest-news","18":"tag-latestnews","19":"tag-main-news","20":"tag-mainnews","21":"tag-news","22":"tag-otsikot","23":"tag-paauutiset","24":"tag-suomi","25":"tag-top-stories","26":"tag-topstories","27":"tag-ulkomaat","28":"tag-uutiset","29":"tag-world","30":"tag-world-news","31":"tag-worldnews"},"share_on_mastodon":{"url":"https:\/\/pubeurope.com\/@fi\/115664777679256946","error":""},"_links":{"self":[{"href":"https:\/\/www.europesays.com\/fi\/wp-json\/wp\/v2\/posts\/108065","targetHints":{"allow":["GET"]}}],"collection":[{"href":"https:\/\/www.europesays.com\/fi\/wp-json\/wp\/v2\/posts"}],"about":[{"href":"https:\/\/www.europesays.com\/fi\/wp-json\/wp\/v2\/types\/post"}],"author":[{"embeddable":true,"href":"https:\/\/www.europesays.com\/fi\/wp-json\/wp\/v2\/users\/2"}],"replies":[{"embeddable":true,"href":"https:\/\/www.europesays.com\/fi\/wp-json\/wp\/v2\/comments?post=108065"}],"version-history":[{"count":0,"href":"https:\/\/www.europesays.com\/fi\/wp-json\/wp\/v2\/posts\/108065\/revisions"}],"wp:featuredmedia":[{"embeddable":true,"href":"https:\/\/www.europesays.com\/fi\/wp-json\/wp\/v2\/media\/108066"}],"wp:attachment":[{"href":"https:\/\/www.europesays.com\/fi\/wp-json\/wp\/v2\/media?parent=108065"}],"wp:term":[{"taxonomy":"category","embeddable":true,"href":"https:\/\/www.europesays.com\/fi\/wp-json\/wp\/v2\/categories?post=108065"},{"taxonomy":"post_tag","embeddable":true,"href":"https:\/\/www.europesays.com\/fi\/wp-json\/wp\/v2\/tags?post=108065"}],"curies":[{"name":"wp","href":"https:\/\/api.w.org\/{rel}","templated":true}]}}