{"id":108067,"date":"2025-12-05T03:13:12","date_gmt":"2025-12-05T03:13:12","guid":{"rendered":"https:\/\/www.europesays.com\/fi\/108067\/"},"modified":"2025-12-05T03:13:12","modified_gmt":"2025-12-05T03:13:12","slug":"saamelaisten-oikeuksia-laiminlyoty-nato-ja-dca-prosesseissa","status":"publish","type":"post","link":"https:\/\/www.europesays.com\/fi\/108067\/","title":{"rendered":"Saamelaisten oikeuksia laiminly\u00f6ty Nato- ja DCA-prosesseissa"},"content":{"rendered":"<p>Totuus- ja sovintokomissio: Valtion tulee tunnistaa ja tunnustaa saamelaisten oikeuksien laiminly\u00f6nti Nato-j\u00e4senyys- ja DCA-sopimusprosesseihin liittyen.<\/p>\n<p><img decoding=\"async\" class=\"image image-show image-preview\" src=\"https:\/\/www.europesays.com\/fi\/wp-content\/uploads\/2025\/12\/86f21e3c1b6e312e7c8d760efd800f543c79782e5d3aca7a44d072b339b912c3.jpg\" alt=\"\"\/><img decoding=\"async\" class=\"image image-show\" src=\"https:\/\/www.europesays.com\/fi\/wp-content\/uploads\/2025\/12\/1764904392_626_86f21e3c1b6e312e7c8d760efd800f543c79782e5d3aca7a44d072b339b912c3.jpg\" alt=\"\"\/><\/p>\n<p>Nato-joukot ovat harjoitelleet ahkerasti Lapissa. Puolustusvoimat \/ Juha Paakkari<\/p>\n<p class=\"paragraph\">Saamelaisten totuus- ja sovintokomissio luovutti torstaina loppuraporttinsa valtioneuvostolle. P\u00e4\u00e4ministeri <strong>Petteri Orpo<\/strong> (kok) otti raportin vastaan.<\/p>\n<p class=\"paragraph\">Loppuraportti sis\u00e4lt\u00e4\u00e4 lukuisia toimenpide-ehdotuksia. Komissio esitt\u00e4\u00e4 muun muassa, ett\u00e4 valtioneuvoston kansliaan perustetaan saamelaisasioita koordinoiva yksikk\u00f6, jota johtaa saamelainen valtiosihteeri.<\/p>\n<p class=\"paragraph\">Orpo ei halunnut torstaina ottaa kantaa yksitt\u00e4isiin ehdotuksiin ja aikatauluihin. Ty\u00f6 jatkuu parlamentaarisessa ty\u00f6ryhm\u00e4ss\u00e4, jonka p\u00e4\u00e4sihteeriksi on nimitetty entinen p\u00e4\u00e4ministeri <strong>Antti Rinne<\/strong> (sd).<\/p>\n<p class=\"paragraph\">Saamelaisten totuus- ja sovintokomissio on tehnyt mittavan listauksen toimenpiteist\u00e4, joita se haluaisi teht\u00e4v\u00e4n.<\/p>\n<p class=\"paragraph\">Loppuraportin mukaan toimenpiteet pohjautuvat komission tekemiin saamelaisv\u00e4est\u00f6n ja asiantuntijoiden kuulemisiin sek\u00e4 komissiolle valmisteltuihin erillisselvityksiin.<\/p>\n<p class=\"paragraph\"><a href=\"https:\/\/julkaisut.valtioneuvosto.fi\/server\/api\/core\/bitstreams\/057e3b64-df83-41d6-b659-24ed59722557\/content\" rel=\"noopener nofollow\" target=\"_blank\">T\u00e4st\u00e4 linkist\u00e4<\/a> p\u00e4\u00e4see n\u00e4kem\u00e4\u00e4n kaikki toimenpide-esitykset.<\/p>\n<p class=\"paragraph\">T\u00e4ss\u00e4 vain joitakin nostoja:<\/p>\n<p class=\"paragraph\"><strong>Puolustus ja Nato<\/strong><\/p>\n<p class=\"paragraph\">Saamelaisk\u00e4r\u00e4j\u00e4t on kritisoinut Suomen valtiota, koska se katsoo, ett\u00e4 saamelaisten kanssa olisi pit\u00e4nyt neuvotella Suomen ja Yhdysvaltain puolustusyhteisty \u00f6sopimukseen (DCA) ja puolustusliitto Natoon liittymiseen liittyviss\u00e4 asioissa.<\/p>\n<p class=\"paragraph\">Loppuraportin mukaan:<\/p>\n<p class=\"paragraph\">\u2013\u2009Valtion tulee tunnistaa ja tunnustaa saamelaisten oikeuksien laiminly\u00f6nti Nato-j\u00e4senyys- ja DCA-sopimusprosesseihin liittyen.<\/p>\n<p class=\"paragraph\">\u2013\u2009Valtion tulee laatia yhteisty\u00f6ss\u00e4 Saamelaisk\u00e4r\u00e4jien kanssa selke\u00e4t ohjeet siit\u00e4, miten saamelaisten oikeudet tulee ottaa huomioon puolustuspolitiikkaan liittyvien p\u00e4\u00e4t\u00f6sten ja toimenpiteiden yhteydess\u00e4. Valtion tulee edist\u00e4\u00e4 alkuper\u00e4iskansaoikeuksien yht\u00e4l\u00e4ist\u00e4 huomioon ottamista Pohjoismaiden maanpuolustustoimissa.<\/p>\n<p class=\"paragraph\"><strong>Ilmasto ja elinkeinot<\/strong><\/p>\n<p class=\"paragraph\">Loppuraportin mukaan:<\/p>\n<p class=\"paragraph\">\u2013\u2009Maa- ja mets\u00e4talousministeri\u00f6n tulee laatia yhdess\u00e4 saamelaisen ilmastoneuvoston kanssa tutkittuun ja perinteiseen tietoon perustuva ilmastonmuutokseen sopeutumisohjelma.<\/p>\n<p class=\"paragraph\">\u2013\u2009Valtion tulee perustaa saamelainen elinkeino- ja ilmastorahasto saamelaisk\u00e4r\u00e4jien yhteyteen. Rahaston avulla voidaan tukea saamelaisten perinteisten elinkeinojen ilmastotoimia ja kannattavuutta.<\/p>\n<p class=\"paragraph\">\u2013\u2009Saamelaisten kotiseutualueen j\u00e4ljell\u00e4 olevat valtion vanhat mets\u00e4t tulee suojella hakkuilta.<\/p>\n<p class=\"paragraph\">\u2013\u2009Mets\u00e4hallituksen tulee korvata mets\u00e4taloustoimien jo aiheuttama vahinko saamelaisille poronhoitajille.<\/p>\n<p class=\"paragraph\">\u2013\u2009Kaivoslakia tulee muuttaa siten, ett\u00e4 saamelaisten kotiseutualueelle tehdyst\u00e4 kaivosvarausta koskevasta p\u00e4\u00e4t\u00f6ksest\u00e4 voi hakea muutosta hallintotuomioistuimelta.<\/p>\n<p class=\"paragraph\"><strong>Kieli ja kulttuuri<\/strong><\/p>\n<p class=\"paragraph\">Loppuraportin mukaan:<\/p>\n<p class=\"paragraph\">\u2013\u2009Saamelaisen psykososiaalisen tuen yksik\u00f6n toiminta tulee vakinaistaa. Sille tulee osoittaa riitt\u00e4v\u00e4t resurssit toimia valtakunnallisesti, mink\u00e4 lis\u00e4ksi toiminta tulee turvata erillisell\u00e4 lains\u00e4\u00e4d\u00e4nn\u00f6ll\u00e4.<\/p>\n<p class=\"paragraph\">\u2013\u2009Saamelaisn\u00e4k\u00f6kulma tulee sis\u00e4llytt\u00e4\u00e4 osaksi yleist\u00e4 sosiaali- ja terveydenhuoltoa. Saamelaisilla tulee olla mahdollisuus valita omakielisi\u00e4 ja kulttuurinmukaisia palveluita koko maassa.<\/p>\n<p class=\"paragraph\">\u2013\u2009Perustutkinto- ja korkeamman asteen oppilaitosten tulee j\u00e4rjest\u00e4\u00e4 saamen kielet ja kulttuurin huomioivaa sosiaali- ja terveysalojen koulutusta. Saamelaisalueen koulutuskeskus tulee nimet\u00e4 n\u00e4iden koulutusten vastuuyksik\u00f6ksi sek\u00e4 koordinoijaksi.<\/p>\n<p class=\"paragraph\">\u2013\u2009Nykyisen sote-henkil\u00f6st\u00f6n osaamista saamen kieliss\u00e4, kulttuurissa ja saamelaisten historiasta tulee vahvistaa.<\/p>\n<p class=\"paragraph\">\u2013\u2009Valtakunnalliselle saamelaiselle sosiaali- ja terveysalan j\u00e4rjest\u00f6lle (S\u00e1miSoster ry) tulee turvata riitt\u00e4v\u00e4 ja pitk\u00e4j\u00e4nteinen rahoitus valtion talousarviosta.<\/p>\n<p class=\"paragraph\">\u2013\u2009Saamen kielilaki tulee uudistaa vastaamaan t\u00e4m\u00e4n p\u00e4iv\u00e4n tilannetta ja tarpeita. Saamelaisten kotiseutualueen ulkopuolella asuvien saamelaisten omiin kieliins\u00e4 liittyvi\u00e4 oikeuksia tulee parantaa saamen kielilaissa.<\/p>\n","protected":false},"excerpt":{"rendered":"Totuus- ja sovintokomissio: Valtion tulee tunnistaa ja tunnustaa saamelaisten oikeuksien laiminly\u00f6nti Nato-j\u00e4senyys- ja DCA-sopimusprosesseihin liittyen. Nato-joukot ovat harjoitelleet&hellip;\n","protected":false},"author":2,"featured_media":108068,"comment_status":"","ping_status":"","sticky":false,"template":"","format":"standard","meta":{"footnotes":""},"categories":[12],"tags":[35,22,23,26,27,33,31,30,17,96,24,25,28,29,15,18,21,637,888,885,887,32,19,20,16],"class_list":{"0":"post-108067","1":"post","2":"type-post","3":"status-publish","4":"format-standard","5":"has-post-thumbnail","7":"category-suomi","8":"tag-24h","9":"tag-breaking-news","10":"tag-breakingnews","11":"tag-featured-news","12":"tag-featurednews","13":"tag-fi","14":"tag-finland","15":"tag-finnish","16":"tag-headlines","17":"tag-koulutus","18":"tag-latest-news","19":"tag-latestnews","20":"tag-main-news","21":"tag-mainnews","22":"tag-news","23":"tag-otsikot","24":"tag-paauutiset","25":"tag-politiikka","26":"tag-suomalaiset-poliitikot","27":"tag-suomen-poliittiset-puolueet","28":"tag-suomen-politiikka","29":"tag-suomi","30":"tag-top-stories","31":"tag-topstories","32":"tag-uutiset"},"share_on_mastodon":{"url":"https:\/\/pubeurope.com\/@fi\/115664781775926196","error":""},"_links":{"self":[{"href":"https:\/\/www.europesays.com\/fi\/wp-json\/wp\/v2\/posts\/108067","targetHints":{"allow":["GET"]}}],"collection":[{"href":"https:\/\/www.europesays.com\/fi\/wp-json\/wp\/v2\/posts"}],"about":[{"href":"https:\/\/www.europesays.com\/fi\/wp-json\/wp\/v2\/types\/post"}],"author":[{"embeddable":true,"href":"https:\/\/www.europesays.com\/fi\/wp-json\/wp\/v2\/users\/2"}],"replies":[{"embeddable":true,"href":"https:\/\/www.europesays.com\/fi\/wp-json\/wp\/v2\/comments?post=108067"}],"version-history":[{"count":0,"href":"https:\/\/www.europesays.com\/fi\/wp-json\/wp\/v2\/posts\/108067\/revisions"}],"wp:featuredmedia":[{"embeddable":true,"href":"https:\/\/www.europesays.com\/fi\/wp-json\/wp\/v2\/media\/108068"}],"wp:attachment":[{"href":"https:\/\/www.europesays.com\/fi\/wp-json\/wp\/v2\/media?parent=108067"}],"wp:term":[{"taxonomy":"category","embeddable":true,"href":"https:\/\/www.europesays.com\/fi\/wp-json\/wp\/v2\/categories?post=108067"},{"taxonomy":"post_tag","embeddable":true,"href":"https:\/\/www.europesays.com\/fi\/wp-json\/wp\/v2\/tags?post=108067"}],"curies":[{"name":"wp","href":"https:\/\/api.w.org\/{rel}","templated":true}]}}