{"id":108069,"date":"2025-12-05T03:14:08","date_gmt":"2025-12-05T03:14:08","guid":{"rendered":"https:\/\/www.europesays.com\/fi\/108069\/"},"modified":"2025-12-05T03:14:08","modified_gmt":"2025-12-05T03:14:08","slug":"kansanedustaja-timo-vornasen-ihku-jutussa-annetaan-tanaan-tuomio-uutisia-lyhyesti","status":"publish","type":"post","link":"https:\/\/www.europesays.com\/fi\/108069\/","title":{"rendered":"Kansanedustaja Timo Vornasen Ihku-jutussa annetaan t\u00e4n\u00e4\u00e4n tuomio | Uutisia lyhyesti"},"content":{"rendered":"<p class=\"aw-1gybjub aw-5vja16 kEtdKx kmuxyA yle__article__paragraph\">Vornanen on my\u00f6nt\u00e4nyt ampuneensa, mutta h\u00e4nen mukaansa kyse oli h\u00e4t\u00e4varjelusta.<\/p>\n<p><img decoding=\"async\" alt=\"Timo Vornanen (tv.) eduskunnan t\u00e4ysistunnossa Helsingiss\u00e4 2. joulukuuta 2025.\" src=\"https:\/\/www.europesays.com\/fi\/wp-content\/uploads\/2025\/12\/39-1564616693223427e960.jpeg\" class=\"aw-1l9m598 hKVVvP\"\/><\/p>\n<p>Avaa kuvien katselu<\/p>\n<p>Timo Vornanen eduskunnan t\u00e4ysistunnossa Helsingiss\u00e4 2. joulukuuta 2025. Kuva: Lehtikuva<\/p>\n<p class=\"aw-1gybjub aw-1p7kakr kEtdKx cEmitX yle__article__paragraph\">Helsingin k\u00e4r\u00e4j\u00e4oikeus antaa t\u00e4n\u00e4\u00e4n tuomionsa kansanedustaja <strong class=\"aw-ak79eh KyCXm yle__article__strong\">Timo Vornasen<\/strong> syytteisiin. Syytteiss\u00e4 on kyse tapahtumista viime vuoden huhtikuussa helsinkil\u00e4isbaari Ihkussa ja sen edustalla.<\/p>\n<p class=\"aw-1gybjub aw-1p7kakr kEtdKx cEmitX yle__article__paragraph\">Vornanen on my\u00f6nt\u00e4nyt ampuneensa baarin edustalla, mutta vetoaa h\u00e4t\u00e4varjeluun. Syytt\u00e4j\u00e4 vaatii Vornaselle ehdollista vankeutta muun muassa pahoinpitelyst\u00e4 ja kahdesta laittomasta uhkauksesta.<\/p>\n<p class=\"aw-1gybjub aw-1p7kakr kEtdKx cEmitX yle__article__paragraph\">Kahta muuta miest\u00e4 syytet\u00e4\u00e4n Vornaseen kohdistuneista rikoksista.<\/p>\n<p class=\"aw-1gybjub aw-1p7kakr kEtdKx cEmitX yle__article__paragraph\">Vornanen erotettiin perussuomalaisten eduskuntaryhm\u00e4st\u00e4 rikosep\u00e4ilyn takia.<\/p>\n","protected":false},"excerpt":{"rendered":"Vornanen on my\u00f6nt\u00e4nyt ampuneensa, mutta h\u00e4nen mukaansa kyse oli h\u00e4t\u00e4varjelusta. Avaa kuvien katselu Timo Vornanen eduskunnan t\u00e4ysistunnossa Helsingiss\u00e4&hellip;\n","protected":false},"author":2,"featured_media":108070,"comment_status":"","ping_status":"","sticky":false,"template":"","format":"standard","meta":{"footnotes":""},"categories":[5],"tags":[22,23,26,27,33,31,30,17,5990,6264,71,24,25,28,29,15,2098,18,21,637,581,1263,32,2099,9207,19,20,16],"class_list":{"0":"post-108069","1":"post","2":"type-post","3":"status-publish","4":"format-standard","5":"has-post-thumbnail","7":"category-otsikot","8":"tag-breaking-news","9":"tag-breakingnews","10":"tag-featured-news","11":"tag-featurednews","12":"tag-fi","13":"tag-finland","14":"tag-finnish","15":"tag-headlines","16":"tag-helsingin-karajaoikeus","17":"tag-kansanedustajat","18":"tag-kotimaa","19":"tag-latest-news","20":"tag-latestnews","21":"tag-main-news","22":"tag-mainnews","23":"tag-news","24":"tag-oikeudenkaynnit","25":"tag-otsikot","26":"tag-paauutiset","27":"tag-politiikka","28":"tag-rikokset","29":"tag-rikosepailyt","30":"tag-suomi","31":"tag-syytteet","32":"tag-timo-vornanen","33":"tag-top-stories","34":"tag-topstories","35":"tag-uutiset"},"share_on_mastodon":{"url":"https:\/\/pubeurope.com\/@fi\/115664785520649738","error":""},"_links":{"self":[{"href":"https:\/\/www.europesays.com\/fi\/wp-json\/wp\/v2\/posts\/108069","targetHints":{"allow":["GET"]}}],"collection":[{"href":"https:\/\/www.europesays.com\/fi\/wp-json\/wp\/v2\/posts"}],"about":[{"href":"https:\/\/www.europesays.com\/fi\/wp-json\/wp\/v2\/types\/post"}],"author":[{"embeddable":true,"href":"https:\/\/www.europesays.com\/fi\/wp-json\/wp\/v2\/users\/2"}],"replies":[{"embeddable":true,"href":"https:\/\/www.europesays.com\/fi\/wp-json\/wp\/v2\/comments?post=108069"}],"version-history":[{"count":0,"href":"https:\/\/www.europesays.com\/fi\/wp-json\/wp\/v2\/posts\/108069\/revisions"}],"wp:featuredmedia":[{"embeddable":true,"href":"https:\/\/www.europesays.com\/fi\/wp-json\/wp\/v2\/media\/108070"}],"wp:attachment":[{"href":"https:\/\/www.europesays.com\/fi\/wp-json\/wp\/v2\/media?parent=108069"}],"wp:term":[{"taxonomy":"category","embeddable":true,"href":"https:\/\/www.europesays.com\/fi\/wp-json\/wp\/v2\/categories?post=108069"},{"taxonomy":"post_tag","embeddable":true,"href":"https:\/\/www.europesays.com\/fi\/wp-json\/wp\/v2\/tags?post=108069"}],"curies":[{"name":"wp","href":"https:\/\/api.w.org\/{rel}","templated":true}]}}