{"id":108071,"date":"2025-12-05T03:24:13","date_gmt":"2025-12-05T03:24:13","guid":{"rendered":"https:\/\/www.europesays.com\/fi\/108071\/"},"modified":"2025-12-05T03:24:13","modified_gmt":"2025-12-05T03:24:13","slug":"norjalaisesta-fluorivapaasta-hiihtooppaasta-tulee-kansainvalinen-standardi","status":"publish","type":"post","link":"https:\/\/www.europesays.com\/fi\/108071\/","title":{"rendered":"Norjalaisesta fluorivapaasta hiihtooppaasta tulee kansainv\u00e4linen standardi"},"content":{"rendered":"<p class=\"gt-block\"><strong>Uuden fluorittoman oppaan julkaiseminen:<\/strong>\u00a0Kansainv\u00e4linen hiihto- ja lumilautaliitto (FIS) ja Kansainv\u00e4linen ampumahiihtoliitto (IBU) ilmoittivat t\u00e4n\u00e4 kev\u00e4\u00e4n\u00e4 fluorin t\u00e4ydellisest\u00e4 kiellosta ensi kaudesta alkaen.\u00a0<\/p>\n<p class=\"gt-block\">Kansainv\u00e4liset lajiliitot esitteliv\u00e4t t\u00e4n\u00e4 kes\u00e4n\u00e4 testimenettelyn ja -protokollan siit\u00e4, miten fluorikieltoa valvotaan t\u00e4n\u00e4 talvena. &#8221;Punaisen&#8221; tuloksen seuraukset fluorilaitteille ovat ankaria:\u00a0<a target=\"_blank\" href=\"https:\/\/www.proxcskiing.com\/fi\/laitteet\/Fluorikiellon-my%C3%B6t%C3%A4-meill%C3%A4-on-vain-vihreit%C3%A4-suksia\/\" rel=\"noreferrer noopener nofollow\">Punaisen valon saaneet hiiht\u00e4j\u00e4t eiv\u00e4t saa l\u00e4hte\u00e4 kilpailuun. Hiiht\u00e4j\u00e4n sukset voidaan my\u00f6s testata uudelleen kilpailun j\u00e4lkeen. Jos sukset testataan t\u00e4m\u00e4n j\u00e4lkeen punaisiksi, hiiht\u00e4j\u00e4 hyl\u00e4t\u00e4\u00e4n, eik\u00e4 p\u00e4\u00e4t\u00f6ksest\u00e4 voi valittaa.<\/a>\u00a0<\/p>\n<p>Siksi Norjan hiihtoliitto on investoinut huomattavasti resursseja menettelytapojen ja ohjeiden kehitt\u00e4miseen sen varmistamiseksi, ett\u00e4 urheilijat eiv\u00e4t saavu l\u00e4ht\u00f6\u00f6n suksilla, jotka antavat &#8221;punaisen&#8221; tuloksen.\u00a0<\/p>\n<p class=\"gt-block\">Norjan hiihtoliitto palkkasi toukokuussa fluorittoman viljelyn koordinaattorin ja loi\u00a0<a target=\"_blank\" href=\"https:\/\/www.skiforbundet.no\/fagportal\/fluornsf\/\" rel=\"noreferrer noopener nofollow\">oma portaali<\/a>\u00a0verkkosivuillaan tietoa, videoita ja muuta fluorikieltoon liittyv\u00e4\u00e4 sis\u00e4lt\u00f6\u00e4.<\/p>\n<p class=\"gt-block\"><strong>Norjalaisesta fluorivapaata ruokavaliota k\u00e4sittelev\u00e4st\u00e4 oppaasta tulee kansainv\u00e4linen standardi<\/strong><\/p>\n<p>Stein Olav Snesrud, Norjan maastohiihtomaajoukkueen entinen voitelup\u00e4\u00e4llikk\u00f6, on Norjan hiihtoliiton fluorittoman hoidon koordinaattori.\u00a0<\/p>\n<p class=\"gt-block\"><strong>Lue lis\u00e4\u00e4:<\/strong>\u00a0<a target=\"_blank\" href=\"https:\/\/www.proxcskiing.com\/fi\/perinteinen-hiihto\/Norjan-hiihtoliitto-nimitt%C3%A4%C3%A4-uuden-voitelup%C3%A4%C3%A4llik%C3%B6n-ja-fluorittoman-harjoittelun-koordinaattorin\/\" rel=\"noreferrer noopener nofollow\">Norjan Hiihtoliitto nimitt\u00e4\u00e4 uuden voitelup\u00e4\u00e4llik\u00f6n ja fluorittoman harjoittelun koordinaattorin<\/a>.<\/p>\n<p>Nyt Snesrud on yhteisty\u00f6ss\u00e4 norjalaisten tutkijoiden ja Swixin kanssa luonut oppaan suksien puhdistamiseen fluorista. T\u00e4m\u00e4n reseptin taustalla on paljon testausta ja tutkimusta, ja tulokset ovat niin perusteellisia, ett\u00e4 opas on hyv\u00e4ksytty sek\u00e4 FIS:n ett\u00e4 IBU:n viralliseksi kansainv\u00e4liseksi suositukseksi.\u00a0<\/p>\n<p class=\"gt-block\"><a target=\"_blank\" href=\"https:\/\/www.langrenn.com\/equipment\/norsk-fluorguide-blir-internasjonal-standard\/\" rel=\"noreferrer noopener nofollow\">Langrenn.com<\/a>\u00a0keskustelin Christian Gl\u00f8g\u00e5rdin, Swixin tutkimus- ja kehitysp\u00e4\u00e4llik\u00f6n, kanssa. Kokenut tutkija, jolla on tausta l\u00e4\u00e4keteollisuudessa, on ollut fluoripuhdistusmenetelmien tutkimuksen eturintamassa ja oli keskeisess\u00e4 asemassa uuden fluorittoman oppaan kehitt\u00e4misess\u00e4.\u00a0<\/p>\n<p class=\"gt-block\">Artikkeli jatkuu alla.<\/p>\n<p><img decoding=\"async\" src=\"https:\/\/www.europesays.com\/fi\/wp-content\/uploads\/2025\/12\/Swix-Fluoro-Testing-Christian-Glogard-Henrik-Johnsen-1280x1920-1-1-867x1024.jpg\" alt=\"Fluor Swix\" class=\"wp-image-41217\"\/>Christian Gl\u00f8g\u00e5rd on ollut eturintamassa tutkimuksessa, jossa kehitettiin uutta fluoritonta opastusta, josta on tullut virallinen kansainv\u00e4linen suositus. Kuva: Swix<\/p>\n<p class=\"gt-block\"><strong>Kuka testasi ja kehitti uudet ohjeet, joista on tullut virallinen fluoriton opas?<\/strong><\/p>\n<p>\u201dOlemme tehneet testej\u00e4 kent\u00e4ll\u00e4 ja laboratoriossa pitk\u00e4\u00e4n. Olemme tehneet yhteisty\u00f6t\u00e4 kansainv\u00e4listen liittojen FIS\/IBU:n ja Norjan voitelumaajoukkueiden kanssa. Suosittelemamme puhdistusmenetelm\u00e4, jota k\u00e4yt\u00e4mme t\u00e4n\u00e4 talvena hiihtokilpailuihin osallistuville, on sama kuin FIS:n ja NSF:n suosittelema. Sitten me Swixill\u00e4 olemme mukauttaneet sit\u00e4 tiettyihin tuotteisiin (joiden tied\u00e4mme olevan helposti saatavilla), jotta menettelyn noudattaminen ja sen toimivuuden varmistaminen suositeltujen tuotteiden kanssa olisi helpompaa.\u201d<\/p>\n<p class=\"gt-block\"><strong>Mik\u00e4 on t\u00e4rkein asia, jonka l\u00f6ysit t\u00e4m\u00e4n tutkimuksen aikana?\u00a0<\/strong><\/p>\n<p>\u201dPuhdistusmenetelm\u00e4 on tehokas, mutta my\u00f6s pohjamateriaaliin upotetut fluoriyhdisteet siirtyv\u00e4t pintaan. T\u00e4m\u00e4 p\u00e4tee erityisesti kilpailusuksiin, joissa on aiemmin ollut paljon fluoria. Siksi on t\u00e4rke\u00e4\u00e4 toistaa puhdistusprosessi useita kertoja sek\u00e4 ennen kautta ett\u00e4 sen aikana, jotta fluoriyhdisteet poistuvat pohjasta.\u201d<\/p>\n<p class=\"gt-block\"><strong>Lue my\u00f6s &#8211;<\/strong>\u00a0<a target=\"_blank\" href=\"https:\/\/www.proxcskiing.com\/fi\/laitteet\/Fluorikielto-Kuinka-puhdistaa-sukset-ja-varusteet\/\" rel=\"noreferrer noopener nofollow\">Fluorikielto: miten puhdistaa sukset ja varusteet<\/a>.<\/p>\n<p class=\"gt-block\"><strong>Kyseess\u00e4 on siis monimutkainen prosessi. Mik\u00e4 sinua eniten yll\u00e4tti siin\u00e4, kuinka laaja-alaista fluorin poistaminen on niin perusteellisesti, ett\u00e4 testilaitteisto antaa varmasti vihre\u00e4\u00e4 valoa?<\/strong><\/p>\n<p>\u201dPuhtaiden suksien saaminen ei ole vaikeaa, mutta se vaatii ohjeiden noudattamista ja sen varmistamista, ettet kuljeta suksiin ep\u00e4puhtauksia tuotteista ja valmisteluv\u00e4lineist\u00e4.\u201d\u00a0<\/p>\n<p class=\"gt-block\"><strong>Onko urheilijoiden suksien alla k\u00e4ytetyn fluorin havaitsemiseen k\u00e4ytett\u00e4v\u00e4\u00e4 testauslaitetta t\u00e4h\u00e4n menness\u00e4 kritisoitu ep\u00e4luotettavaksi?\u00a0<\/strong><\/p>\n<p>\u201dItse menetelm\u00e4n ja suksilla mittaamisen suhteen on k\u00e4ytett\u00e4v\u00e4 jigi\u00e4, jotta laite mittaa kohtisuorassa pohjaan n\u00e4hden. Ilman sit\u00e4 mittauksiin voi tulla jonkin verran \u2019kohinaa\u2019\u201d, Gl\u00f8g\u00e5rd sanoo Langrenn.comille.<\/p>\n","protected":false},"excerpt":{"rendered":"Uuden fluorittoman oppaan julkaiseminen:\u00a0Kansainv\u00e4linen hiihto- ja lumilautaliitto (FIS) ja Kansainv\u00e4linen ampumahiihtoliitto (IBU) ilmoittivat t\u00e4n\u00e4 kev\u00e4\u00e4n\u00e4 fluorin t\u00e4ydellisest\u00e4 kiellosta&hellip;\n","protected":false},"author":2,"featured_media":108072,"comment_status":"","ping_status":"","sticky":false,"template":"","format":"standard","meta":{"footnotes":""},"categories":[86],"tags":[420,33,31,30,20283,421,20154,32,91,92],"class_list":{"0":"post-108071","1":"post","2":"type-post","3":"status-publish","4":"format-standard","5":"has-post-thumbnail","7":"category-laitteet","8":"tag-equipment","9":"tag-fi","10":"tag-finland","11":"tag-finnish","12":"tag-fluoriton","13":"tag-laitteet","14":"tag-proxcskiihto","15":"tag-suomi","16":"tag-technology","17":"tag-teknologia"},"share_on_mastodon":{"url":"https:\/\/pubeurope.com\/@fi\/115664824986782498","error":""},"_links":{"self":[{"href":"https:\/\/www.europesays.com\/fi\/wp-json\/wp\/v2\/posts\/108071","targetHints":{"allow":["GET"]}}],"collection":[{"href":"https:\/\/www.europesays.com\/fi\/wp-json\/wp\/v2\/posts"}],"about":[{"href":"https:\/\/www.europesays.com\/fi\/wp-json\/wp\/v2\/types\/post"}],"author":[{"embeddable":true,"href":"https:\/\/www.europesays.com\/fi\/wp-json\/wp\/v2\/users\/2"}],"replies":[{"embeddable":true,"href":"https:\/\/www.europesays.com\/fi\/wp-json\/wp\/v2\/comments?post=108071"}],"version-history":[{"count":0,"href":"https:\/\/www.europesays.com\/fi\/wp-json\/wp\/v2\/posts\/108071\/revisions"}],"wp:featuredmedia":[{"embeddable":true,"href":"https:\/\/www.europesays.com\/fi\/wp-json\/wp\/v2\/media\/108072"}],"wp:attachment":[{"href":"https:\/\/www.europesays.com\/fi\/wp-json\/wp\/v2\/media?parent=108071"}],"wp:term":[{"taxonomy":"category","embeddable":true,"href":"https:\/\/www.europesays.com\/fi\/wp-json\/wp\/v2\/categories?post=108071"},{"taxonomy":"post_tag","embeddable":true,"href":"https:\/\/www.europesays.com\/fi\/wp-json\/wp\/v2\/tags?post=108071"}],"curies":[{"name":"wp","href":"https:\/\/api.w.org\/{rel}","templated":true}]}}